{"id":7099,"date":"2024-11-13T11:15:18","date_gmt":"2024-11-13T14:15:18","guid":{"rendered":"https:\/\/opinionpublica.com.ar\/index\/?p=7099"},"modified":"2024-11-13T11:15:18","modified_gmt":"2024-11-13T14:15:18","slug":"el-senador-pablo-blanco-repudia-la-visita-de-luke-pollard-a-las-islas-malvinas","status":"publish","type":"post","link":"https:\/\/opinionpublica.com.ar\/index\/el-senador-pablo-blanco-repudia-la-visita-de-luke-pollard-a-las-islas-malvinas\/","title":{"rendered":"El senador Pablo Blanco repudia la visita de luke pollard a las Islas Malvinas"},"content":{"rendered":"<div class=\"elementor-element elementor-element-5c8f590 elementor-widget elementor-widget-theme-post-title elementor-page-title elementor-widget-heading\" data-id=\"5c8f590\" data-element_type=\"widget\" data-widget_type=\"theme-post-title.default\">\n<div class=\"elementor-widget-container\">\n<p class=\"elementor-heading-title elementor-size-default\">El senador Pablo Blanco repudia la visita de luke pollard a las Islas Malvinas.<\/p>\n<p><a href=\"https:\/\/opinionpublica.com.ar\/index\/wp-content\/uploads\/2024\/11\/Blanco-pablo-senador.jpeg\"><img fetchpriority=\"high\" decoding=\"async\" class=\"alignnone size-full wp-image-7100\" src=\"https:\/\/opinionpublica.com.ar\/index\/wp-content\/uploads\/2024\/11\/Blanco-pablo-senador.jpeg\" alt=\"\" width=\"1426\" height=\"950\" srcset=\"https:\/\/opinionpublica.com.ar\/index\/wp-content\/uploads\/2024\/11\/Blanco-pablo-senador.jpeg 1426w, https:\/\/opinionpublica.com.ar\/index\/wp-content\/uploads\/2024\/11\/Blanco-pablo-senador-300x200.jpeg 300w, https:\/\/opinionpublica.com.ar\/index\/wp-content\/uploads\/2024\/11\/Blanco-pablo-senador-1024x682.jpeg 1024w, https:\/\/opinionpublica.com.ar\/index\/wp-content\/uploads\/2024\/11\/Blanco-pablo-senador-768x512.jpeg 768w\" sizes=\"(max-width: 1426px) 100vw, 1426px\" \/><\/a><\/p>\n<\/div>\n<\/div>\n<div class=\"elementor-element elementor-element-4556f44 elementor-widget elementor-widget-theme-post-content\" data-id=\"4556f44\" data-element_type=\"widget\" data-widget_type=\"theme-post-content.default\">\n<div class=\"elementor-widget-container\">\n<p>El senador nacional por Tierra del Fuego, Pablo Daniel Blanco, present\u00f3 un proyecto de declaraci\u00f3n para manifestar su\u00a0en\u00e9rgico rechazo\u00a0a la reciente visita de Luke Pollard, Ministro de las Fuerzas Armadas del Reino Unido, a las Islas Malvinas. En su iniciativa, Blanco expres\u00f3 tambi\u00e9n su\u00a0profunda preocupaci\u00f3n\u00a0por la\u00a0ausencia de una pol\u00edtica exterior firme y definida\u00a0por parte del gobierno argentino en relaci\u00f3n a la causa Malvinas.<\/p>\n<p>\u00abEste proyecto se enmarca en una alarmante sucesi\u00f3n de hechos relacionados con la Cuesti\u00f3n Malvinas que nos preocupan profundamente. Hechos originados por los responsables de la pol\u00edtica exterior y de defensa de nuestro pa\u00eds, pero que no han logrado encauzar correctamente lo que deber\u00eda ser una pol\u00edtica de Estado\u00bb, se\u00f1al\u00f3 el senador fueguino.<\/p>\n<p>En sus declaraciones, Blanco destac\u00f3 la gravedad del silencio oficial ante la visita del ministro brit\u00e1nico a las Islas Malvinas, lo que refleja una preocupante falta de pronunciamiento de la Canciller\u00eda Argentina. \u00abEs como si todo lo relacionado con la soberan\u00eda de Malvinas se tratara con un secretismo que da la impresi\u00f3n de que al gobierno nacional no le interesa lo que suceda en nuestras islas. Tal vez este silencio busque no incomodar al gobierno brit\u00e1nico o sea parte de una estrategia de acercamiento que nosotros desconocemos. Pero lo cierto es que cada vez que un funcionario brit\u00e1nico visita las islas, nuestra Canciller\u00eda no emite una opini\u00f3n y trata que estos hechos pasen desapercibidos. A mi juicio, esto equivale a una resignaci\u00f3n activa de nuestra soberan\u00eda, a menos que el gobierno me demuestre lo contrario\u00bb, afirm\u00f3.<\/p>\n<p><a href=\"https:\/\/opinionpublica.com.ar\/index\/wp-content\/uploads\/2024\/11\/pollard-mp-luke.jpg\"><img decoding=\"async\" class=\"alignnone size-full wp-image-7101\" src=\"https:\/\/opinionpublica.com.ar\/index\/wp-content\/uploads\/2024\/11\/pollard-mp-luke.jpg\" alt=\"\" width=\"900\" height=\"851\" srcset=\"https:\/\/opinionpublica.com.ar\/index\/wp-content\/uploads\/2024\/11\/pollard-mp-luke.jpg 900w, https:\/\/opinionpublica.com.ar\/index\/wp-content\/uploads\/2024\/11\/pollard-mp-luke-300x284.jpg 300w, https:\/\/opinionpublica.com.ar\/index\/wp-content\/uploads\/2024\/11\/pollard-mp-luke-768x726.jpg 768w\" sizes=\"(max-width: 900px) 100vw, 900px\" \/><\/a><\/p>\n<p>Blanco tambi\u00e9n subray\u00f3 la falta de respuesta oficial ante m\u00faltiples gestiones que ha realizado desde que asumi\u00f3 el presidente Javier Milei, cuando present\u00f3 una serie de proyectos solicitando conocer la estrategia del gobierno argentino en relaci\u00f3n a la causa Malvinas. \u00abDesde que asumi\u00f3 el presidente Milei y antes del despido de la excanciller Diana Mondino, he presentado media docena de proyectos solicitando conocer cu\u00e1l es la estrategia de la pol\u00edtica exterior de nuestro pa\u00eds sobre Malvinas. Adem\u00e1s, cit\u00e9 a la excanciller a la Comisi\u00f3n de Relaciones Exteriores del Senado para que comparezca y d\u00e9 explicaciones, pero jam\u00e1s se present\u00f3\u00bb, denunci\u00f3 el legislador.<\/p>\n<p>Asimismo, se refiri\u00f3 a la reciente visita del ex primer ministro brit\u00e1nico, quien, durante su gira, fue recibido por el presidente de la Naci\u00f3n y paseado por la Casa Rosada, algo que el senador Blanco consider\u00f3 inapropiado y desconcertante. \u00abEs incomprensible que el Presidente de la Naci\u00f3n haya recibido en la Casa Rosada a un ex primer ministro brit\u00e1nico, quien vino a presentar un libro, y haya tenido una entrevista privada de una hora, mientras nuestra soberan\u00eda sobre Malvinas sigue siendo pisoteada\u00bb, expres\u00f3.<\/p>\n<p>En este contexto, el senador Blanco solicit\u00f3 que, con la nueva designaci\u00f3n del canciller, se remitan de manera urgente a esta C\u00e1mara los lineamientos espec\u00edficos que el gobierno de la Naci\u00f3n llevar\u00e1 adelante para recuperar, por medios diplom\u00e1ticos, nuestra plena soberan\u00eda sobre las Islas Malvinas.<\/p>\n<p>\u00abRechazo rotundamente la visita de Luke Pollard a Puerto Argentino, quien afirm\u00f3 que \u2018queremos una relaci\u00f3n productiva con la Argentina, pero el mensaje inequ\u00edvoco es que las islas son brit\u00e1nicas\u2019. Este tipo de declaraciones no pueden pasar desapercibidas. Debemos dejar en claro que las Malvinas son argentinas, y no podemos permitir que ning\u00fan funcionario extranjero se arrogue un derecho sobre ellas\u00bb, concluy\u00f3 el senador Pablo Daniel Blanco.<\/p>\n<\/div>\n<\/div>\n","protected":false},"excerpt":{"rendered":"<p>El senador Pablo Blanco repudia la visita de luke pollard a las Islas Malvinas. El senador nacional por<\/p>\n","protected":false},"author":8,"featured_media":7100,"comment_status":"open","ping_status":"open","sticky":false,"template":"","format":"standard","meta":{"footnotes":""},"categories":[2],"tags":[443,2721,67],"class_list":["post-7099","post","type-post","status-publish","format-standard","has-post-thumbnail","hentry","category-tierra-del-fuego","tag-islas-malvinas","tag-luke-pollard","tag-pablo-blanco"],"featured_image_urls":{"full":["https:\/\/opinionpublica.com.ar\/index\/wp-content\/uploads\/2024\/11\/Blanco-pablo-senador.jpeg",1426,950,false],"thumbnail":["https:\/\/opinionpublica.com.ar\/index\/wp-content\/uploads\/2024\/11\/Blanco-pablo-senador-150x150.jpeg",150,150,true],"medium":["https:\/\/opinionpublica.com.ar\/index\/wp-content\/uploads\/2024\/11\/Blanco-pablo-senador-300x200.jpeg",300,200,true],"medium_large":["https:\/\/opinionpublica.com.ar\/index\/wp-content\/uploads\/2024\/11\/Blanco-pablo-senador-768x512.jpeg",640,427,true],"large":["https:\/\/opinionpublica.com.ar\/index\/wp-content\/uploads\/2024\/11\/Blanco-pablo-senador-1024x682.jpeg",640,426,true],"1536x1536":["https:\/\/opinionpublica.com.ar\/index\/wp-content\/uploads\/2024\/11\/Blanco-pablo-senador.jpeg",1426,950,false],"2048x2048":["https:\/\/opinionpublica.com.ar\/index\/wp-content\/uploads\/2024\/11\/Blanco-pablo-senador.jpeg",1426,950,false],"morenews-large":["https:\/\/opinionpublica.com.ar\/index\/wp-content\/uploads\/2024\/11\/Blanco-pablo-senador-825x575.jpeg",825,575,true],"morenews-medium":["https:\/\/opinionpublica.com.ar\/index\/wp-content\/uploads\/2024\/11\/Blanco-pablo-senador-590x410.jpeg",590,410,true]},"author_info":{"display_name":"RKing","author_link":"https:\/\/opinionpublica.com.ar\/index\/author\/rking\/"},"category_info":"<a href=\"https:\/\/opinionpublica.com.ar\/index\/category\/tierra-del-fuego\/\" rel=\"category tag\">Tierra del Fuego<\/a>","tag_info":"Tierra del Fuego","comment_count":"0","_links":{"self":[{"href":"https:\/\/opinionpublica.com.ar\/index\/wp-json\/wp\/v2\/posts\/7099","targetHints":{"allow":["GET"]}}],"collection":[{"href":"https:\/\/opinionpublica.com.ar\/index\/wp-json\/wp\/v2\/posts"}],"about":[{"href":"https:\/\/opinionpublica.com.ar\/index\/wp-json\/wp\/v2\/types\/post"}],"author":[{"embeddable":true,"href":"https:\/\/opinionpublica.com.ar\/index\/wp-json\/wp\/v2\/users\/8"}],"replies":[{"embeddable":true,"href":"https:\/\/opinionpublica.com.ar\/index\/wp-json\/wp\/v2\/comments?post=7099"}],"version-history":[{"count":1,"href":"https:\/\/opinionpublica.com.ar\/index\/wp-json\/wp\/v2\/posts\/7099\/revisions"}],"predecessor-version":[{"id":7102,"href":"https:\/\/opinionpublica.com.ar\/index\/wp-json\/wp\/v2\/posts\/7099\/revisions\/7102"}],"wp:featuredmedia":[{"embeddable":true,"href":"https:\/\/opinionpublica.com.ar\/index\/wp-json\/wp\/v2\/media\/7100"}],"wp:attachment":[{"href":"https:\/\/opinionpublica.com.ar\/index\/wp-json\/wp\/v2\/media?parent=7099"}],"wp:term":[{"taxonomy":"category","embeddable":true,"href":"https:\/\/opinionpublica.com.ar\/index\/wp-json\/wp\/v2\/categories?post=7099"},{"taxonomy":"post_tag","embeddable":true,"href":"https:\/\/opinionpublica.com.ar\/index\/wp-json\/wp\/v2\/tags?post=7099"}],"curies":[{"name":"wp","href":"https:\/\/api.w.org\/{rel}","templated":true}]}}