{"id":7108,"date":"2024-11-13T11:41:23","date_gmt":"2024-11-13T14:41:23","guid":{"rendered":"https:\/\/opinionpublica.com.ar\/index\/?p=7108"},"modified":"2024-11-13T11:42:21","modified_gmt":"2024-11-13T14:42:21","slug":"la-diputada-vanesa-siley-expreso-que-ojala-cristina-sea-la-proxima-presidenta-de-la-nacion","status":"publish","type":"post","link":"https:\/\/opinionpublica.com.ar\/index\/la-diputada-vanesa-siley-expreso-que-ojala-cristina-sea-la-proxima-presidenta-de-la-nacion\/","title":{"rendered":"La diputada Vanesa Siley expreso que ojal\u00e1 Cristina sea la pr\u00f3xima presidenta de la Naci\u00f3n"},"content":{"rendered":"<header class=\"vn-main-header\">\n<p id=\"single-title\">La diputada Vanesa Siley expreso que ojal\u00e1 Cristina sea la pr\u00f3xima presidenta de la Naci\u00f3n.<\/p>\n<\/header>\n<div class=\"vn-content-wrap vn-clearfix\">\n<div id=\"primary\" class=\"content-area\">\n<article id=\"post-145564\" class=\"vn-article-content post-145564 post type-post status-publish format-standard has-post-thumbnail hentry category-3 category-actualidad tag-cfk tag-pj tag-reforma-laboral tag-vanesa-siley\">\n<div class=\"entry-content\">\n<p class=\"wp-block-heading has-medium-font-size\">La diputada nacional de Uni\u00f3n por la Patria y secretaria general de la Federaci\u00f3n de Judiciales Fesitraju, Vanesa Siley, habl\u00f3 de la reuni\u00f3n de Cristina con la nueva conducci\u00f3n del PJ y asegur\u00f3 que les pidi\u00f3 \u00abtrabajar en el programa\u00bb de Gobierno. Adem\u00e1s se refiri\u00f3 a la postulaci\u00f3n de Jos\u00e9 Mayans para los pr\u00f3ximos comicios: \u00abOjal\u00e1 sea la pr\u00f3xima presidenta de la Naci\u00f3n\u00bb.<\/p>\n<p><a href=\"https:\/\/opinionpublica.com.ar\/index\/wp-content\/uploads\/2024\/11\/GcNIb04XAAE0nUa-768x1001-vanesa-siley.jpg\"><img fetchpriority=\"high\" decoding=\"async\" class=\"alignnone wp-image-7109\" src=\"https:\/\/opinionpublica.com.ar\/index\/wp-content\/uploads\/2024\/11\/GcNIb04XAAE0nUa-768x1001-vanesa-siley.jpg\" alt=\"\" width=\"872\" height=\"1137\" srcset=\"https:\/\/opinionpublica.com.ar\/index\/wp-content\/uploads\/2024\/11\/GcNIb04XAAE0nUa-768x1001-vanesa-siley.jpg 768w, https:\/\/opinionpublica.com.ar\/index\/wp-content\/uploads\/2024\/11\/GcNIb04XAAE0nUa-768x1001-vanesa-siley-230x300.jpg 230w\" sizes=\"(max-width: 872px) 100vw, 872px\" \/><\/a><\/p>\n<p>Vanesa Siley, la diputada nacional de Uni\u00f3n por la Patria (UxP) y secretaria general de la Federaci\u00f3n de Judiciales Fesitraju habl\u00f3 sobre lo que fue el primer encuentro de la nueva conducci\u00f3n del Partido Justicialista (PJ) que se desarroll\u00f3 ayer en la sede de los mec\u00e1nicos del SMATA.<\/p>\n<p><strong>\u00abCristina hoy nos expres\u00f3 que hay que trabajar en el programa\u00bb<\/strong>, plante\u00f3 Siley en declaraciones a la AM750 y precis\u00f3: \u00abSobre\u00a0<strong>una reforma educativa, sobre nuestra visi\u00f3n de la reforma laboral, sobre qu\u00e9 vamos a hacer con las instituciones de la democracia, el sistema de justicia de manera integrado, los recursos naturales, la industrializaci\u00f3n del pa\u00eds, las nuevas formas del trabajo<\/strong>\u00a0para que tengan una contenci\u00f3n de derechos, y de salario\u00bb.<\/p>\n<p>\u00abNos est\u00e1 planteando que en este momento construyamos esa alternativa con bases s\u00f3lidas\u201d a\u00f1adi\u00f3 Siley. Y agreg\u00f3: \u00abNos pidi\u00f3 que construyamos un instituto de Gobierno y desde ah\u00ed construir las pol\u00edtica p\u00fablicas\u00bb.<\/p>\n<p><a href=\"https:\/\/opinionpublica.com.ar\/index\/wp-content\/uploads\/2024\/11\/GcNIb0wWMAEE1kM-768x387-vanesa-siley.jpg\"><img decoding=\"async\" class=\"alignnone wp-image-7110\" src=\"https:\/\/opinionpublica.com.ar\/index\/wp-content\/uploads\/2024\/11\/GcNIb0wWMAEE1kM-768x387-vanesa-siley.jpg\" alt=\"\" width=\"875\" height=\"441\" srcset=\"https:\/\/opinionpublica.com.ar\/index\/wp-content\/uploads\/2024\/11\/GcNIb0wWMAEE1kM-768x387-vanesa-siley.jpg 768w, https:\/\/opinionpublica.com.ar\/index\/wp-content\/uploads\/2024\/11\/GcNIb0wWMAEE1kM-768x387-vanesa-siley-300x151.jpg 300w\" sizes=\"(max-width: 875px) 100vw, 875px\" \/><\/a><\/p>\n<p>Adem\u00e1s, dej\u00f3 en claro que en el encuentro Cristina \u00abNos habl\u00f3 de integrar a todos los sectores. Ha sido muy clara y enfatiz\u00f3 que no tiene dudas de que todos los compa\u00f1eros y compa\u00f1eras, no s\u00f3lo los que participaron con ella sino tambi\u00e9n los de la otra lista, debe participar de esta reconstrucci\u00f3n que tenemos que hacer\u00bb.<\/p>\n<p>\u00abDesde que acept\u00f3 lo que muchos compa\u00f1eros le pedimos, que presida el PJ,<strong>\u00a0gener\u00f3 una revitalizaci\u00f3n<\/strong>\u00a0de las fuerzas sociales, pol\u00edticas, de las fuerzas vivas del campo popular\u00bb, asegur\u00f3 y detall\u00f3 que en sus recorridas \u00abCristina est\u00e1 escuchando la realidad concreta del d\u00eda a d\u00eda\u00bb.<\/p>\n<p>Respecto de la afirmaci\u00f3n de Jos\u00e9 Mayans, quien hab\u00eda dicho que Cristina pod\u00eda ser la pr\u00f3xima Presidenta y que por eso la persegu\u00edan, Siley expres\u00f3:\u00a0<strong>\u00abOjal\u00e1 sea la pr\u00f3xima presidenta de la Naci\u00f3n. Es un deseo que tiene el pueblo\u00bb.<\/strong><\/p>\n<\/div>\n<\/article>\n<\/div>\n<\/div>\n","protected":false},"excerpt":{"rendered":"<p>La diputada Vanesa Siley expreso que ojal\u00e1 Cristina sea la pr\u00f3xima presidenta de la Naci\u00f3n. La diputada nacional<\/p>\n","protected":false},"author":8,"featured_media":7109,"comment_status":"open","ping_status":"open","sticky":false,"template":"","format":"standard","meta":{"footnotes":""},"categories":[3,27],"tags":[758,2724],"class_list":["post-7108","post","type-post","status-publish","format-standard","has-post-thumbnail","hentry","category-nacionales","category-politica","tag-cristina-kirchner","tag-vanesa-siley"],"featured_image_urls":{"full":["https:\/\/opinionpublica.com.ar\/index\/wp-content\/uploads\/2024\/11\/GcNIb04XAAE0nUa-768x1001-vanesa-siley.jpg",768,1001,false],"thumbnail":["https:\/\/opinionpublica.com.ar\/index\/wp-content\/uploads\/2024\/11\/GcNIb04XAAE0nUa-768x1001-vanesa-siley-150x150.jpg",150,150,true],"medium":["https:\/\/opinionpublica.com.ar\/index\/wp-content\/uploads\/2024\/11\/GcNIb04XAAE0nUa-768x1001-vanesa-siley-230x300.jpg",230,300,true],"medium_large":["https:\/\/opinionpublica.com.ar\/index\/wp-content\/uploads\/2024\/11\/GcNIb04XAAE0nUa-768x1001-vanesa-siley.jpg",640,834,false],"large":["https:\/\/opinionpublica.com.ar\/index\/wp-content\/uploads\/2024\/11\/GcNIb04XAAE0nUa-768x1001-vanesa-siley.jpg",640,834,false],"1536x1536":["https:\/\/opinionpublica.com.ar\/index\/wp-content\/uploads\/2024\/11\/GcNIb04XAAE0nUa-768x1001-vanesa-siley.jpg",768,1001,false],"2048x2048":["https:\/\/opinionpublica.com.ar\/index\/wp-content\/uploads\/2024\/11\/GcNIb04XAAE0nUa-768x1001-vanesa-siley.jpg",768,1001,false],"morenews-large":["https:\/\/opinionpublica.com.ar\/index\/wp-content\/uploads\/2024\/11\/GcNIb04XAAE0nUa-768x1001-vanesa-siley-768x575.jpg",768,575,true],"morenews-medium":["https:\/\/opinionpublica.com.ar\/index\/wp-content\/uploads\/2024\/11\/GcNIb04XAAE0nUa-768x1001-vanesa-siley-590x410.jpg",590,410,true]},"author_info":{"display_name":"RKing","author_link":"https:\/\/opinionpublica.com.ar\/index\/author\/rking\/"},"category_info":"<a href=\"https:\/\/opinionpublica.com.ar\/index\/category\/nacionales\/\" rel=\"category tag\">Nacionales<\/a> <a href=\"https:\/\/opinionpublica.com.ar\/index\/category\/politica\/\" rel=\"category tag\">Politica<\/a>","tag_info":"Politica","comment_count":"0","_links":{"self":[{"href":"https:\/\/opinionpublica.com.ar\/index\/wp-json\/wp\/v2\/posts\/7108","targetHints":{"allow":["GET"]}}],"collection":[{"href":"https:\/\/opinionpublica.com.ar\/index\/wp-json\/wp\/v2\/posts"}],"about":[{"href":"https:\/\/opinionpublica.com.ar\/index\/wp-json\/wp\/v2\/types\/post"}],"author":[{"embeddable":true,"href":"https:\/\/opinionpublica.com.ar\/index\/wp-json\/wp\/v2\/users\/8"}],"replies":[{"embeddable":true,"href":"https:\/\/opinionpublica.com.ar\/index\/wp-json\/wp\/v2\/comments?post=7108"}],"version-history":[{"count":1,"href":"https:\/\/opinionpublica.com.ar\/index\/wp-json\/wp\/v2\/posts\/7108\/revisions"}],"predecessor-version":[{"id":7111,"href":"https:\/\/opinionpublica.com.ar\/index\/wp-json\/wp\/v2\/posts\/7108\/revisions\/7111"}],"wp:featuredmedia":[{"embeddable":true,"href":"https:\/\/opinionpublica.com.ar\/index\/wp-json\/wp\/v2\/media\/7109"}],"wp:attachment":[{"href":"https:\/\/opinionpublica.com.ar\/index\/wp-json\/wp\/v2\/media?parent=7108"}],"wp:term":[{"taxonomy":"category","embeddable":true,"href":"https:\/\/opinionpublica.com.ar\/index\/wp-json\/wp\/v2\/categories?post=7108"},{"taxonomy":"post_tag","embeddable":true,"href":"https:\/\/opinionpublica.com.ar\/index\/wp-json\/wp\/v2\/tags?post=7108"}],"curies":[{"name":"wp","href":"https:\/\/api.w.org\/{rel}","templated":true}]}}