{"id":7112,"date":"2024-11-13T11:55:24","date_gmt":"2024-11-13T14:55:24","guid":{"rendered":"https:\/\/opinionpublica.com.ar\/index\/?p=7112"},"modified":"2024-11-13T11:55:24","modified_gmt":"2024-11-13T14:55:24","slug":"en-rio-grande-mas-de-1300-personas-accedieron-a-lentes-gratuitos","status":"publish","type":"post","link":"https:\/\/opinionpublica.com.ar\/index\/en-rio-grande-mas-de-1300-personas-accedieron-a-lentes-gratuitos\/","title":{"rendered":"En Rio Grande mas de 1300 personas accedieron a lentes gratuitos"},"content":{"rendered":"<p class=\"titulo_individual_noticia\">En Rio Grande mas de 1300 personas accedieron a lentes gratuitos.<\/p>\n<div class=\"copete_individual_noticia\">Adem\u00e1s de la entrega de lentes, m\u00e1s de 2300 vecinos de R\u00edo Grande pudieron acceder a controles oftalmol\u00f3gicos del Programa Municipal de Salud Visual.<\/div>\n<div><\/div>\n<div class=\"contenido_individual_noticia\">\n<div class=\"contenedor_primera_letra_individual_noticia\">Por tercer a\u00f1o consecutivo, el Municipio de R\u00edo Grande contin\u00faa impulsando el Programa de Salud Visual, una pol\u00edtica que ha logrado consolidarse en la ciudad, garantizando que vecinos y vecinas de todas las franjas etarias tengan acceso a la atenci\u00f3n y el cuidado de la salud visual.<\/div>\n<div><a href=\"https:\/\/opinionpublica.com.ar\/index\/wp-content\/uploads\/2024\/11\/202411121002353f4c0e7225549176d4e5798ad12410de-martin-perez-entrega-lentes.jpg\"><img fetchpriority=\"high\" decoding=\"async\" class=\"alignnone size-full wp-image-7113\" src=\"https:\/\/opinionpublica.com.ar\/index\/wp-content\/uploads\/2024\/11\/202411121002353f4c0e7225549176d4e5798ad12410de-martin-perez-entrega-lentes.jpg\" alt=\"\" width=\"1280\" height=\"853\" srcset=\"https:\/\/opinionpublica.com.ar\/index\/wp-content\/uploads\/2024\/11\/202411121002353f4c0e7225549176d4e5798ad12410de-martin-perez-entrega-lentes.jpg 1280w, https:\/\/opinionpublica.com.ar\/index\/wp-content\/uploads\/2024\/11\/202411121002353f4c0e7225549176d4e5798ad12410de-martin-perez-entrega-lentes-300x200.jpg 300w, https:\/\/opinionpublica.com.ar\/index\/wp-content\/uploads\/2024\/11\/202411121002353f4c0e7225549176d4e5798ad12410de-martin-perez-entrega-lentes-1024x682.jpg 1024w, https:\/\/opinionpublica.com.ar\/index\/wp-content\/uploads\/2024\/11\/202411121002353f4c0e7225549176d4e5798ad12410de-martin-perez-entrega-lentes-768x512.jpg 768w\" sizes=\"(max-width: 1280px) 100vw, 1280px\" \/><\/a><\/div>\n<p>En este marco, en lo que va del a\u00f1o 2024, se realizaron 1163 controles a infancias de 4 a 12 a\u00f1os, de los cuales 562 recibieron sus respectivos anteojos de manera gratuita. Asimismo, accedieron a dichos controles 456 adolescentes de entre 13 y 17 a\u00f1os, de los cuales 270 hoy cuentan con sus lentes. Por su parte, 673 j\u00f3venes adultos de entre 18 y 39 a\u00f1os recibieron atenci\u00f3n oftalmol\u00f3gica y 468 accedieron a anteojos.<\/p>\n<p>Sobre ello, el subsecretario de Salud, Agust\u00edn Perez, destac\u00f3 que \u201cen este dif\u00edcil contexto que estamos viviendo, y tomando a la salud p\u00fablica como un derecho esencial, el Estado Municipal contin\u00faa reafirmando el compromiso y el acompa\u00f1amiento con todos los y las vecinos que no tienen el acceso a una prepaga u obra social\u00bb.<\/p>\n<p>En esta l\u00ednea, sostuvo que \u201ca trav\u00e9s de este Programa, brindamos a quienes m\u00e1s lo necesitan la posibilidad de tener un control de salud visual y lentes en caso de ser necesario\u201d y en este sentido asegur\u00f3 que \u201ces un orgullo tener un Estado Municipal que sostiene este tipo de pol\u00edticas p\u00fablicas\u00bb.<\/p>\n<\/div>\n<div class=\"contenedor_share_buttons_individual_noticia\">\n<div class=\"contenido_share_buttons_individual_noticia\">\n<div class=\"individual_share_buttons_individual_noticia transition_03 imprimir\"><\/div>\n<\/div>\n<\/div>\n<div class=\"tags_individual_noticia\">\n<div class=\"titulo_tags_individual_noticias\"><\/div>\n<\/div>\n","protected":false},"excerpt":{"rendered":"<p>En Rio Grande mas de 1300 personas accedieron a lentes gratuitos. Adem\u00e1s de la entrega de lentes, m\u00e1s<\/p>\n","protected":false},"author":8,"featured_media":7113,"comment_status":"open","ping_status":"open","sticky":false,"template":"","format":"standard","meta":{"footnotes":""},"categories":[29,25],"tags":[7,2211],"class_list":["post-7112","post","type-post","status-publish","format-standard","has-post-thumbnail","hentry","category-interes-general","category-rio-grande","tag-rio-grande","tag-salud-visual"],"featured_image_urls":{"full":["https:\/\/opinionpublica.com.ar\/index\/wp-content\/uploads\/2024\/11\/202411121002353f4c0e7225549176d4e5798ad12410de-martin-perez-entrega-lentes.jpg",1280,853,false],"thumbnail":["https:\/\/opinionpublica.com.ar\/index\/wp-content\/uploads\/2024\/11\/202411121002353f4c0e7225549176d4e5798ad12410de-martin-perez-entrega-lentes-150x150.jpg",150,150,true],"medium":["https:\/\/opinionpublica.com.ar\/index\/wp-content\/uploads\/2024\/11\/202411121002353f4c0e7225549176d4e5798ad12410de-martin-perez-entrega-lentes-300x200.jpg",300,200,true],"medium_large":["https:\/\/opinionpublica.com.ar\/index\/wp-content\/uploads\/2024\/11\/202411121002353f4c0e7225549176d4e5798ad12410de-martin-perez-entrega-lentes-768x512.jpg",640,427,true],"large":["https:\/\/opinionpublica.com.ar\/index\/wp-content\/uploads\/2024\/11\/202411121002353f4c0e7225549176d4e5798ad12410de-martin-perez-entrega-lentes-1024x682.jpg",640,426,true],"1536x1536":["https:\/\/opinionpublica.com.ar\/index\/wp-content\/uploads\/2024\/11\/202411121002353f4c0e7225549176d4e5798ad12410de-martin-perez-entrega-lentes.jpg",1280,853,false],"2048x2048":["https:\/\/opinionpublica.com.ar\/index\/wp-content\/uploads\/2024\/11\/202411121002353f4c0e7225549176d4e5798ad12410de-martin-perez-entrega-lentes.jpg",1280,853,false],"morenews-large":["https:\/\/opinionpublica.com.ar\/index\/wp-content\/uploads\/2024\/11\/202411121002353f4c0e7225549176d4e5798ad12410de-martin-perez-entrega-lentes-825x575.jpg",825,575,true],"morenews-medium":["https:\/\/opinionpublica.com.ar\/index\/wp-content\/uploads\/2024\/11\/202411121002353f4c0e7225549176d4e5798ad12410de-martin-perez-entrega-lentes-590x410.jpg",590,410,true]},"author_info":{"display_name":"RKing","author_link":"https:\/\/opinionpublica.com.ar\/index\/author\/rking\/"},"category_info":"<a href=\"https:\/\/opinionpublica.com.ar\/index\/category\/interes-general\/\" rel=\"category tag\">Interes General<\/a> <a href=\"https:\/\/opinionpublica.com.ar\/index\/category\/rio-grande\/\" rel=\"category tag\">Rio Grande<\/a>","tag_info":"Rio Grande","comment_count":"0","_links":{"self":[{"href":"https:\/\/opinionpublica.com.ar\/index\/wp-json\/wp\/v2\/posts\/7112","targetHints":{"allow":["GET"]}}],"collection":[{"href":"https:\/\/opinionpublica.com.ar\/index\/wp-json\/wp\/v2\/posts"}],"about":[{"href":"https:\/\/opinionpublica.com.ar\/index\/wp-json\/wp\/v2\/types\/post"}],"author":[{"embeddable":true,"href":"https:\/\/opinionpublica.com.ar\/index\/wp-json\/wp\/v2\/users\/8"}],"replies":[{"embeddable":true,"href":"https:\/\/opinionpublica.com.ar\/index\/wp-json\/wp\/v2\/comments?post=7112"}],"version-history":[{"count":1,"href":"https:\/\/opinionpublica.com.ar\/index\/wp-json\/wp\/v2\/posts\/7112\/revisions"}],"predecessor-version":[{"id":7114,"href":"https:\/\/opinionpublica.com.ar\/index\/wp-json\/wp\/v2\/posts\/7112\/revisions\/7114"}],"wp:featuredmedia":[{"embeddable":true,"href":"https:\/\/opinionpublica.com.ar\/index\/wp-json\/wp\/v2\/media\/7113"}],"wp:attachment":[{"href":"https:\/\/opinionpublica.com.ar\/index\/wp-json\/wp\/v2\/media?parent=7112"}],"wp:term":[{"taxonomy":"category","embeddable":true,"href":"https:\/\/opinionpublica.com.ar\/index\/wp-json\/wp\/v2\/categories?post=7112"},{"taxonomy":"post_tag","embeddable":true,"href":"https:\/\/opinionpublica.com.ar\/index\/wp-json\/wp\/v2\/tags?post=7112"}],"curies":[{"name":"wp","href":"https:\/\/api.w.org\/{rel}","templated":true}]}}