{"id":7115,"date":"2024-11-13T12:04:32","date_gmt":"2024-11-13T15:04:32","guid":{"rendered":"https:\/\/opinionpublica.com.ar\/index\/?p=7115"},"modified":"2024-11-13T12:04:32","modified_gmt":"2024-11-13T15:04:32","slug":"encuesta-un-51-podria-votar-por-el-peronismo-en-las-elecciones-2025","status":"publish","type":"post","link":"https:\/\/opinionpublica.com.ar\/index\/encuesta-un-51-podria-votar-por-el-peronismo-en-las-elecciones-2025\/","title":{"rendered":"Encuesta: un 51% podr\u00eda votar por el peronismo en las Elecciones 2025"},"content":{"rendered":"<header class=\"article-header entry-header\">\n<p class=\"entry-title single-title\">Encuesta: un 51% podr\u00eda votar por el peronismo en las Elecciones 2025, pero hay alto rechazo entre los j\u00f3venes.<\/p>\n<p class=\"entry-excerpt\">Argentina 12\/11\/2024.- M\u00e1s del 48% rechaza al PJ, pero la cifra crece al 63% entre los menores de 29 a\u00f1os. Qu\u00e9 opina la gente del intento de magnicidio contra Cristina Kirchner.<\/p>\n<div class=\"entry-thumb cf\"><a href=\"https:\/\/opinionpublica.com.ar\/index\/wp-content\/uploads\/2024\/10\/ueKy8otal_600x600__1-partido-justicialista.jpg\"><img fetchpriority=\"high\" decoding=\"async\" class=\"alignnone  wp-image-6709\" src=\"https:\/\/opinionpublica.com.ar\/index\/wp-content\/uploads\/2024\/10\/ueKy8otal_600x600__1-partido-justicialista.jpg\" alt=\"\" width=\"758\" height=\"758\" srcset=\"https:\/\/opinionpublica.com.ar\/index\/wp-content\/uploads\/2024\/10\/ueKy8otal_600x600__1-partido-justicialista.jpg 600w, https:\/\/opinionpublica.com.ar\/index\/wp-content\/uploads\/2024\/10\/ueKy8otal_600x600__1-partido-justicialista-300x300.jpg 300w, https:\/\/opinionpublica.com.ar\/index\/wp-content\/uploads\/2024\/10\/ueKy8otal_600x600__1-partido-justicialista-150x150.jpg 150w\" sizes=\"(max-width: 758px) 100vw, 758px\" \/><\/a><\/div>\n<\/header>\n<section class=\"entry-content cf\">\n<div class=\"article__share\"><\/div>\n<div class=\"article__wrapper\">\n<div class=\"article__author-date\">Mientras se acercan las\u00a0<strong>Elecciones Legislativas<\/strong>\u00a0de 2025, distintos estudios de opini\u00f3n p\u00fablica analizan tanto la aprobaci\u00f3n del Gobierno del presidente<strong>\u00a0Javier Milei<\/strong>\u00a0como las posibilidades la oposici\u00f3n de cara al a\u00f1o pr\u00f3ximo. Una encuesta reciente revel\u00f3 que\u00a0<strong>m\u00e1s de la mitad de los argentinos\u00a0<\/strong>estar\u00edan dispuestos a votar al\u00a0<strong>peronismo<\/strong>, aunque alert\u00f3 que los\u00a0<strong>menores de 29 a\u00f1os se alejan<\/strong>\u00a0del movimiento justicialista.<\/div>\n<div id=\"article-content\" class=\"article__content standard\">\n<p>Se trata de un nuevo relevamiento realizado por la consultora\u00a0<em><strong>Sentimientos P\u00fablicos<\/strong><\/em>, donde se observa que el\u00a0<strong>34%\u00a0<\/strong>de los encuestados asegur\u00f3 que existen<strong>\u00a0posibilidades \u00abaltas\u00bb de votar al PJ<\/strong>, mientras que un 17,5% declar\u00f3 que son \u00abintermedias\u00bb, lo que totaliza un 51,5%. Estas chances aumentan a un\u00a0<strong>54%<\/strong>\u00a0en los habitantes de la\u00a0<strong>Provincia de Buenos Aires<\/strong>, que gobierna\u00a0<strong>Axel Kicillof<\/strong>.<\/p>\n<p>Por el otro lado, la encuesta se\u00f1ala que un\u00a0<strong>48,5% manifest\u00f3\u00a0<\/strong>que las chances de votar a un candidato peronista en los comicios del\u00a0<strong>a\u00f1o que viene son \u00abnulas\u00bb<\/strong>.<\/p>\n<div class=\"subscription\">\n<div class=\"subscription__container\">\n<div class=\"subscription__text-wrapper\"><\/div>\n<\/div>\n<\/div>\n<p class=\"destacadoNota\">\n<p>Dentro del territorio bonaerense, donde crece la consideraci\u00f3n por el peronismo, que ser\u00e1 presidido por\u00a0<strong>Cristina Fern\u00e1ndez de Kirchner,\u00a0<\/strong>un 38% que sostuvo que las opciones son \u201cAltas\u201d.<strong>\u00a0En el resto del pa\u00eds<\/strong>, aquellos que\u00a0<strong>dijeron que son \u201cNulas\u201d ascienden a un 52%<\/strong>\u00a0si no se toman en cuenta ni la Provincia ni la Ciudad de Buenos Aires.<\/p>\n<p>El estudio de Sentimientos P\u00fablicos destaca que casi un\u00a0<strong>20% de los votantes de La Libertad Avanza<\/strong>\u00a0(LLA) en la primera vuelta de las Elecciones 2023 (uno de cada cinco) creen factible volcarse por el justicialismo en las pr\u00f3ximas elecciones; son los que el estudio denomina como \u00ab<strong>Los Arrepentidos de Milei<\/strong>\u00ab. En tanto, el\u00a0<strong>80% restante no contempla esa idea<\/strong>.<\/p>\n<p><img decoding=\"async\" src=\"https:\/\/fotos.perfil.com\/\/2024\/11\/11\/900\/0\/encuesta-sobre-el-peronismo-de-cara-a-las-elecciones-2025-20241111-1909220.jpg\" alt=\"Encuesta sobre el peronismo de cara a las elecciones 2025 20241111\" \/>Entre los datos adversos para el PJ, se observa que entre aquellos que\u00a0<strong>votaron en blanco o no votaron<\/strong>, el nivel de rechazo del peronismo oscila entre un 64% (blanco) y un 52% (no voto). Tambi\u00e9n el segmento joven le es contrario, ya que el voto posible a su favor (alto + intermedio)<strong>\u00a0llega apenas al 37% en los menores a 29 a\u00f1os<\/strong>, que muestran\u00a0<strong>un rechazo al mismo del 63%<\/strong>.<\/p>\n<p>La\u00a0<strong>mayor indecisi\u00f3n<\/strong>\u00a0de la intenci\u00f3n de voto para el a\u00f1o que viene est\u00e1 entre aquellos que tienen\u00a0<strong>entre 30 y 43 a\u00f1os<\/strong>. En ellos, las posibilidades \u201cIntermedias\u201d llegan a un 27% frente al 17,5% del promedio general. Ah\u00ed parece estar el votante en disputa. La encuesta se hizo a principios de noviembre a nivel nacional\u00a0<strong>con 2.500 casos<\/strong>, con un margen de error de +\/- 3,5% y un nivel de confianza del 95%.<\/p>\n<p>La encuesta fue realizada con m\u00e9todos online y telef\u00f3nicos (IVR) con 2500 casos a nivel nacional, y estima un margen de error de 3,5%, con un intervalo de confianza del 95%.<\/p>\n<h2><strong>Los tipos de peronismo<\/strong><\/h2>\n<p>\u00abAnte la indefinici\u00f3n en las candidaturas y la multiplicidad de escenarios posibles, ofrecimos algunas\u00a0<strong>versiones del peronismo que circulan<\/strong>\u00a0entre dirigentes, militantes y la opinion p\u00fablica\u00bb, comenta el relevamiento en otros de sus apartados.<\/p>\n<p>Ante esta pregunta, un 7% se\u00f1al\u00f3 que votar\u00eda a \u00ab<strong>Un peronismo de centro<\/strong>, comandado por figuras pol\u00edticas de trayectoria y con\u00a0<strong>participaci\u00f3n protag\u00f3nica del interior del pa\u00eds<\/strong>, que genere un gran acuerdo productivo federal para exportar granos y minerales\u00bb.<\/p>\n<p>En cambio, un 12% se mostr\u00f3 a favor de \u00ab<strong>Un peronismo tradicional<\/strong>, que vuelva a la doctrina de (Juan Domingo) Per\u00f3n, recostado en los\u00a0<strong>valores cristianos<\/strong>\u00a0y cuyo objetivo sea\u00a0<strong>intervenir en la econom\u00eda<\/strong>\u00a0para re industrializar el pa\u00eds\u00bb.<\/p>\n<p>En otra l\u00ednea, un 25% se decant\u00f3 por \u00ab<strong>Un peronismo kirchnerista renovado<\/strong>, que privilegie el consumo y la recuperaci\u00f3n del ingreso, con una agenda progresista vinculada al fin de la pobreza, los derechos y el ingreso b\u00e1sico universal\u00bb.<\/p>\n<p><img decoding=\"async\" src=\"https:\/\/fotos.perfil.com\/\/2024\/11\/11\/900\/0\/encuesta-sobre-el-peronismo-de-cara-a-las-elecciones-2025-20241111-1909221.jpg\" alt=\"Encuesta sobre el peronismo de cara a las elecciones 2025 20241111\" \/>Un 11%, en tanto, se expres\u00f3 por \u00ab<strong>Un peronismo tecnol\u00f3gico<\/strong>, que se asocie a grandes empresas nacionales energ\u00e9ticas, de software y agropecuarias, otorg\u00e1ndoles grandes ventajas a cambio de pobreza cero, y\u00a0<strong>por fuera del juego democr\u00e1tico<\/strong>\u00ab.<\/p>\n<p><strong>La opci\u00f3n m\u00e1s elegida<\/strong>, que registr\u00f3 un 45% de las voluntades de quienes dijeron que hab\u00eda posibilidades \u201cAltas\u201d o \u201cIntermedias\u201d, fue contundente: \u00abNinguna de las anteriores,\u00a0<strong>si votase al peronismo lo har\u00eda s\u00f3lo porque los otros son peores<\/strong>\u00ab.<\/p>\n<p>Entre otras conclusiones, el relevamiento subraya que en el plano te\u00f3rico la opci\u00f3n de lo que se denomina como un\u00a0<strong>\u00abPeronismo Chino\u00bb<\/strong>, posdemocr\u00e1tico y tecnologizado, es el que suma m\u00e1s simpat\u00edas en lugar de un peronismo federalista impulsado por \u00abcaudillos\u00bb del interior. Adem\u00e1s, un 60% de los\u00a0<em>centennials<\/em>\u00a0(18-29 a\u00f1os) y un 58% de aquellos con nivel educativo hasta primario completo,\u00a0<strong>si votasen al peronismo \u00ablo har\u00edan por descarte\u00bb<\/strong>.<\/p>\n<p><strong>Fuente:<\/strong> Perfil<\/p>\n<\/div>\n<\/div>\n<\/section>\n","protected":false},"excerpt":{"rendered":"<p>Encuesta: un 51% podr\u00eda votar por el peronismo en las Elecciones 2025, pero hay alto rechazo entre los<\/p>\n","protected":false},"author":8,"featured_media":2015,"comment_status":"open","ping_status":"open","sticky":false,"template":"","format":"standard","meta":{"footnotes":""},"categories":[3,27],"tags":[697,2613,172],"class_list":["post-7115","post","type-post","status-publish","format-standard","has-post-thumbnail","hentry","category-nacionales","category-politica","tag-elecciones-2025","tag-elecciones-legislativas","tag-partido-justicialista"],"featured_image_urls":{"full":["https:\/\/opinionpublica.com.ar\/index\/wp-content\/uploads\/2024\/04\/PJ-consejo-Nacional-.jpg",1200,802,false],"thumbnail":["https:\/\/opinionpublica.com.ar\/index\/wp-content\/uploads\/2024\/04\/PJ-consejo-Nacional--150x150.jpg",150,150,true],"medium":["https:\/\/opinionpublica.com.ar\/index\/wp-content\/uploads\/2024\/04\/PJ-consejo-Nacional--300x201.jpg",300,201,true],"medium_large":["https:\/\/opinionpublica.com.ar\/index\/wp-content\/uploads\/2024\/04\/PJ-consejo-Nacional--768x513.jpg",640,428,true],"large":["https:\/\/opinionpublica.com.ar\/index\/wp-content\/uploads\/2024\/04\/PJ-consejo-Nacional--1024x684.jpg",640,428,true],"1536x1536":["https:\/\/opinionpublica.com.ar\/index\/wp-content\/uploads\/2024\/04\/PJ-consejo-Nacional-.jpg",1200,802,false],"2048x2048":["https:\/\/opinionpublica.com.ar\/index\/wp-content\/uploads\/2024\/04\/PJ-consejo-Nacional-.jpg",1200,802,false],"morenews-large":["https:\/\/opinionpublica.com.ar\/index\/wp-content\/uploads\/2024\/04\/PJ-consejo-Nacional--825x575.jpg",825,575,true],"morenews-medium":["https:\/\/opinionpublica.com.ar\/index\/wp-content\/uploads\/2024\/04\/PJ-consejo-Nacional--590x410.jpg",590,410,true]},"author_info":{"display_name":"RKing","author_link":"https:\/\/opinionpublica.com.ar\/index\/author\/rking\/"},"category_info":"<a href=\"https:\/\/opinionpublica.com.ar\/index\/category\/nacionales\/\" rel=\"category tag\">Nacionales<\/a> <a href=\"https:\/\/opinionpublica.com.ar\/index\/category\/politica\/\" rel=\"category tag\">Politica<\/a>","tag_info":"Politica","comment_count":"0","_links":{"self":[{"href":"https:\/\/opinionpublica.com.ar\/index\/wp-json\/wp\/v2\/posts\/7115","targetHints":{"allow":["GET"]}}],"collection":[{"href":"https:\/\/opinionpublica.com.ar\/index\/wp-json\/wp\/v2\/posts"}],"about":[{"href":"https:\/\/opinionpublica.com.ar\/index\/wp-json\/wp\/v2\/types\/post"}],"author":[{"embeddable":true,"href":"https:\/\/opinionpublica.com.ar\/index\/wp-json\/wp\/v2\/users\/8"}],"replies":[{"embeddable":true,"href":"https:\/\/opinionpublica.com.ar\/index\/wp-json\/wp\/v2\/comments?post=7115"}],"version-history":[{"count":1,"href":"https:\/\/opinionpublica.com.ar\/index\/wp-json\/wp\/v2\/posts\/7115\/revisions"}],"predecessor-version":[{"id":7116,"href":"https:\/\/opinionpublica.com.ar\/index\/wp-json\/wp\/v2\/posts\/7115\/revisions\/7116"}],"wp:featuredmedia":[{"embeddable":true,"href":"https:\/\/opinionpublica.com.ar\/index\/wp-json\/wp\/v2\/media\/2015"}],"wp:attachment":[{"href":"https:\/\/opinionpublica.com.ar\/index\/wp-json\/wp\/v2\/media?parent=7115"}],"wp:term":[{"taxonomy":"category","embeddable":true,"href":"https:\/\/opinionpublica.com.ar\/index\/wp-json\/wp\/v2\/categories?post=7115"},{"taxonomy":"post_tag","embeddable":true,"href":"https:\/\/opinionpublica.com.ar\/index\/wp-json\/wp\/v2\/tags?post=7115"}],"curies":[{"name":"wp","href":"https:\/\/api.w.org\/{rel}","templated":true}]}}