{"id":7231,"date":"2024-11-19T11:22:43","date_gmt":"2024-11-19T14:22:43","guid":{"rendered":"https:\/\/opinionpublica.com.ar\/index\/?p=7231"},"modified":"2024-11-19T11:22:43","modified_gmt":"2024-11-19T14:22:43","slug":"a-48-horas-el-gobierno-confia-en-que-el-pro-y-la-ucr-apoyaran-el-presupuesto","status":"publish","type":"post","link":"https:\/\/opinionpublica.com.ar\/index\/a-48-horas-el-gobierno-confia-en-que-el-pro-y-la-ucr-apoyaran-el-presupuesto\/","title":{"rendered":"A 48 horas el Gobierno conf\u00eda en que el PRO y la UCR apoyar\u00e1n el Presupuesto"},"content":{"rendered":"<header class=\"article-header-wrapper\">\n<div class=\"article-header\">\n<p id=\"a-48-horas-de-que-venza-el-plazo-para-conseguir-dictamen-el-gobierno-confia-en-que-el-pro-y-la-ucr-apoyaran-el-presupuesto\" class=\"article-headline left\"><strong>A 48 horas de que venza el plazo para conseguir dictamen, el Gobierno conf\u00eda en que el PRO y la UCR apoyar\u00e1n el Presupuesto.<\/strong><\/p>\n<p class=\"article-subheadline left\">Con el presidente Javier Milei en Brasil, Mart\u00edn Menem mantiene conversaciones con los dialoguistas para intentar convencerlos. El riesgo de que Uni\u00f3n por la Patria consiga imponer su versi\u00f3n del proyecto.<\/p>\n<div class=\"byline\">\n<div class=\"byline-image-ctn\">\n<div class=\"author-image-header\">\n<div class=\"\"><picture><source srcset=\"https:\/\/www.infobae.com\/resizer\/v2\/https%3A%2F%2Fs3.amazonaws.com%2Farc-authors%2Finfobae%2F0a66b513-7f4e-4f1b-bb8d-f3704a821fef.jpg?auth=4e723ccc370e65d680f909424ec4b6d2d586f0676cecebead869c96f412b860c&amp;smart=true&amp;width=40&amp;height=40&amp;quality=85\" media=\"(min-width: 80px)\" \/><img decoding=\"async\" class=\"global-image byline-author-image\" src=\"https:\/\/www.infobae.com\/resizer\/v2\/https%3A%2F%2Fs3.amazonaws.com%2Farc-authors%2Finfobae%2F0a66b513-7f4e-4f1b-bb8d-f3704a821fef.jpg?auth=4e723ccc370e65d680f909424ec4b6d2d586f0676cecebead869c96f412b860c&amp;smart=true&amp;width=40&amp;height=40&amp;quality=85\" alt=\"Federico Galligani\" width=\"1\" height=\"1\" \/><\/picture><a href=\"https:\/\/opinionpublica.com.ar\/index\/wp-content\/uploads\/2024\/09\/119704514-martin-menem.jpg\"><img fetchpriority=\"high\" decoding=\"async\" class=\"alignnone size-full wp-image-5572\" src=\"https:\/\/opinionpublica.com.ar\/index\/wp-content\/uploads\/2024\/09\/119704514-martin-menem.jpg\" alt=\"\" width=\"1200\" height=\"675\" srcset=\"https:\/\/opinionpublica.com.ar\/index\/wp-content\/uploads\/2024\/09\/119704514-martin-menem.jpg 1200w, https:\/\/opinionpublica.com.ar\/index\/wp-content\/uploads\/2024\/09\/119704514-martin-menem-300x169.jpg 300w, https:\/\/opinionpublica.com.ar\/index\/wp-content\/uploads\/2024\/09\/119704514-martin-menem-1024x576.jpg 1024w, https:\/\/opinionpublica.com.ar\/index\/wp-content\/uploads\/2024\/09\/119704514-martin-menem-768x432.jpg 768w\" sizes=\"(max-width: 1200px) 100vw, 1200px\" \/><\/a><\/div>\n<\/div>\n<\/div>\n<\/div>\n<\/div>\n<\/header>\n<article class=\"article\">\n<div class=\"body-article \">\n<p class=\"paragraph\" data-mrf-recirculation=\"Links inline\">Mientras en Brasil el presidente<b>\u00a0Javier Milei\u00a0<\/b>lleva adelante una intensa agenda internacional junto a varios de sus funcionarios, en el marco de la cumbre del G20, en la Argentina comenzaron a correr las \u00faltimas horas para el Gobierno en el objetivo de conseguir dictamen para el Presupuesto.<\/p>\n<p class=\"paragraph\" data-mrf-recirculation=\"Links inline\">El pr\u00f3ximo mi\u00e9rcoles, cuando el mandatario nacional ya se encuentre de nuevo en Buenos Aires, ser\u00e1 el \u00faltimo d\u00eda en el que el oficialismo podr\u00e1 negociar con la oposici\u00f3n el presupuesto, que corre riesgo de no tratarse o, incluso, de que prospere una versi\u00f3n impulsada por Uni\u00f3n por la Patria.<\/p>\n<p class=\"paragraph\" data-mrf-recirculation=\"Links inline\">A diferencia de otras ocasiones, a cargo de las conversaciones qued\u00f3 el titular de la C\u00e1mara de Diputados,\u00a0<b>Mart\u00edn Menem<\/b>, quien mantiene contacto permanente con los otros bloques en el recinto, principalmente con los m\u00e1s cercanos a La Libertad Avanza.<\/p>\n<p class=\"paragraph\" data-mrf-recirculation=\"Links inline\">Uno de los habituales interlocutores en este tipo de casos, el vicejefe de Gabinete Ejecutivo,\u00a0<b>Jos\u00e9 \u201cCochi\u201d Rolandi<\/b>, debi\u00f3 dejar el trabajo en manos del riojano, ya que fue convocado como parte de la comitiva que acompa\u00f1a a Milei en R\u00edo de Janeiro.<\/p>\n<div class=\"inline_2_DSK ad-wrapper ad-desktop\">\n<div class=\"dfpAd ad-inline\">\n<div id=\"infobae\/politica\/nota\/inline_2_DSK\" class=\"infobae\/politica\/nota\/inline_2_DSK arcad\" data-google-query-id=\"CK37hLjK6IkDFcNRuAQdwXw0LA\">\n<div id=\"google_ads_iframe_\/1058609\/infobae\/politica\/nota\/inline_2_DSK_0__container__\"><\/div>\n<\/div>\n<\/div>\n<\/div>\n<p class=\"paragraph\" data-mrf-recirculation=\"Links inline\">Por su parte, si bien se encuentran en el pa\u00eds, ni el jefe de Gabinete, Guillermo Francos, ni su vice del Interior, Lisandro Catal\u00e1n, ten\u00edan previsto reunirse con los espacios dialoguistas, que ya le acercaron a la Casa Rosada una lista de reclamos.<\/p>\n<p class=\"paragraph\" data-mrf-recirculation=\"Links inline\">En el Gobierno descreen que tanto el PRO como la Uni\u00f3n C\u00edvica Radical (UCR) vayan a acompa\u00f1ar el dictamen propuesto por Encuentro Federal, que encabeza\u00a0<b>Miguel \u00c1ngel Pichetto<\/b>, ya que remarcan que eso beneficiar\u00eda al kirchnerismo.<\/p>\n<p class=\"paragraph\" data-mrf-recirculation=\"Links inline\">En la bancada libertaria advierten que UP est\u00e1 al borde de conseguir que su versi\u00f3n del proyecto se convierta en mayor\u00eda y, de esa manera, corre riesgo el tratamiento del texto, ya que el Poder Ejecutivo se niega a votar un modelo muy distinto al que present\u00f3.<\/p>\n<p class=\"paragraph\" data-mrf-recirculation=\"Links inline\">Las autoridades nacionales insisten en que, m\u00e1s all\u00e1 de los reclamos puntuales de los gobernadores de Juntos por el Cambio o de alguna modificaci\u00f3n que pueda sufrir en la redacci\u00f3n original,\u00a0<b>la ley \u201cdeber\u00e1 respetar la regla del d\u00e9ficit cero\u201d<\/b>.<\/p>\n<p class=\"paragraph\" data-mrf-recirculation=\"Links inline\">En este sentido, en el oficialismo argumentan que la \u00fanica manera de frenar a la oposici\u00f3n dura y que se vote el Presupuesto es que el PRO y la UCR sumen sus firmas al dictamen de La Libertad Avanza, algo que por el momento no est\u00e1 ocurriendo.<\/p>\n<p data-mrf-recirculation=\"Links inline\"><a href=\"https:\/\/opinionpublica.com.ar\/index\/wp-content\/uploads\/2024\/05\/ritondo-pro-bonaerense-diputados.jpg\"><img decoding=\"async\" class=\"alignnone size-full wp-image-3433\" src=\"https:\/\/opinionpublica.com.ar\/index\/wp-content\/uploads\/2024\/05\/ritondo-pro-bonaerense-diputados.jpg\" alt=\"\" width=\"940\" height=\"529\" srcset=\"https:\/\/opinionpublica.com.ar\/index\/wp-content\/uploads\/2024\/05\/ritondo-pro-bonaerense-diputados.jpg 940w, https:\/\/opinionpublica.com.ar\/index\/wp-content\/uploads\/2024\/05\/ritondo-pro-bonaerense-diputados-300x169.jpg 300w, https:\/\/opinionpublica.com.ar\/index\/wp-content\/uploads\/2024\/05\/ritondo-pro-bonaerense-diputados-768x432.jpg 768w\" sizes=\"(max-width: 940px) 100vw, 940px\" \/><\/a><\/p>\n<div class=\" visual__image\">Cristian Ritondo, jefe del bloque de diputados del PRO<\/div>\n<p class=\"paragraph\" data-mrf-recirculation=\"Links inline\">El pr\u00f3ximo 20 de noviembre vencer\u00e1 el plazo legal para que cualquier iniciativa parlamentaria logre dictamen y pueda ser tratada, por lo que el eventual acuerdo entre el Gobierno y sus aliados en el Congreso tiene que alcanzarse antes del mi\u00e9rcoles,<b>\u00a0independientemente de si despu\u00e9s se convoca o no a sesiones extraordinarias<\/b>.<\/p>\n<p class=\"paragraph\" data-mrf-recirculation=\"Links inline\">La expectativa, entonces, estar\u00e1 focalizada en lo que pueda suceder este martes, para cuando est\u00e1 prevista una nueva reuni\u00f3n de la comisi\u00f3n de Presupuesto y Hacienda, que preside<b>\u00a0Jos\u00e9 Luis Espert<\/b>, incorporado hace algunos meses al bloque de LLA.<\/p>\n<p class=\"paragraph\" data-mrf-recirculation=\"Links inline\">En paralelo, tal como\u00a0anticip\u00f3\u00a0este medio, la c\u00fapula libertaria apur\u00f3 la discusi\u00f3n para la eliminaci\u00f3n de las elecciones Primarias, Abiertas, Simult\u00e1neas y Obligatorias (PASO), como parte de los recortes a la pol\u00edtica para financiar otras partidas, principalmente\u00a0aquellas que reclaman los mandatarios provinciales.<\/p>\n<p class=\"paragraph\" data-mrf-recirculation=\"Links inline\">Originalmente, esa idea hab\u00eda sido puesta sobre la mesa por Catal\u00e1n, cuando se estaba discutiendo en el Congreso la Boleta \u00danica de Papel (BUP), pero el Poder Ejecutivo opt\u00f3 por tratar solamente esta segunda reforma, que finalmente fue aprobada, para evitar que se traben ambas medidas.<\/p>\n<p class=\"paragraph\" data-mrf-recirculation=\"Links inline\">No obstante, frente al debate por el Presupuesto y la idea de mantener el equilibrio fiscal, La Libertad Avanza asegura que si se eliminan las PASO, el Estado podr\u00eda ahorrarse cerca de 52 millones de d\u00f3lares que podr\u00edan destinarse a otros asuntos.<\/p>\n<p class=\"paragraph\" data-mrf-recirculation=\"Links inline\">Sin embargo, el PRO no est\u00e1 convencido de esta medida y la postura del bloque liderado por<b>\u00a0Cristian Ritondo\u00a0<\/b>con respecto a las elecciones primarias sigue siendo la misma que la que ten\u00eda meses atr\u00e1s, es decir, que se mantengan, pero que dejen de ser obligatorias.<\/p>\n<p class=\"paragraph\" data-mrf-recirculation=\"Links inline\">El Gobierno ya tiene definido presentar el proyecto para quitar definitivamente estos comicios, lo cual ser\u00eda anunciado este mismo martes, a pesar de no contar con los votos para aprobarlo. Tiene tan solo 48 horas para lograr que tanto esta iniciativa como el Presupuesto tengan dictamen o, de lo contrario, no podr\u00e1n tratarse.<\/p>\n<p data-mrf-recirculation=\"Links inline\">\n<\/div>\n<\/article>\n","protected":false},"excerpt":{"rendered":"<p>A 48 horas de que venza el plazo para conseguir dictamen, el Gobierno conf\u00eda en que el PRO<\/p>\n","protected":false},"author":8,"featured_media":5572,"comment_status":"open","ping_status":"open","sticky":false,"template":"","format":"standard","meta":{"footnotes":""},"categories":[3,27],"tags":[60,112,692,881,756,141],"class_list":["post-7231","post","type-post","status-publish","format-standard","has-post-thumbnail","hentry","category-nacionales","category-politica","tag-congreso","tag-gobierno","tag-javier-milei","tag-presupuesto","tag-pro","tag-ucr"],"featured_image_urls":{"full":["https:\/\/opinionpublica.com.ar\/index\/wp-content\/uploads\/2024\/09\/119704514-martin-menem.jpg",1200,675,false],"thumbnail":["https:\/\/opinionpublica.com.ar\/index\/wp-content\/uploads\/2024\/09\/119704514-martin-menem-150x150.jpg",150,150,true],"medium":["https:\/\/opinionpublica.com.ar\/index\/wp-content\/uploads\/2024\/09\/119704514-martin-menem-300x169.jpg",300,169,true],"medium_large":["https:\/\/opinionpublica.com.ar\/index\/wp-content\/uploads\/2024\/09\/119704514-martin-menem-768x432.jpg",640,360,true],"large":["https:\/\/opinionpublica.com.ar\/index\/wp-content\/uploads\/2024\/09\/119704514-martin-menem-1024x576.jpg",640,360,true],"1536x1536":["https:\/\/opinionpublica.com.ar\/index\/wp-content\/uploads\/2024\/09\/119704514-martin-menem.jpg",1200,675,false],"2048x2048":["https:\/\/opinionpublica.com.ar\/index\/wp-content\/uploads\/2024\/09\/119704514-martin-menem.jpg",1200,675,false],"morenews-large":["https:\/\/opinionpublica.com.ar\/index\/wp-content\/uploads\/2024\/09\/119704514-martin-menem-825x575.jpg",825,575,true],"morenews-medium":["https:\/\/opinionpublica.com.ar\/index\/wp-content\/uploads\/2024\/09\/119704514-martin-menem-590x410.jpg",590,410,true]},"author_info":{"display_name":"RKing","author_link":"https:\/\/opinionpublica.com.ar\/index\/author\/rking\/"},"category_info":"<a href=\"https:\/\/opinionpublica.com.ar\/index\/category\/nacionales\/\" rel=\"category tag\">Nacionales<\/a> <a href=\"https:\/\/opinionpublica.com.ar\/index\/category\/politica\/\" rel=\"category tag\">Politica<\/a>","tag_info":"Politica","comment_count":"0","_links":{"self":[{"href":"https:\/\/opinionpublica.com.ar\/index\/wp-json\/wp\/v2\/posts\/7231","targetHints":{"allow":["GET"]}}],"collection":[{"href":"https:\/\/opinionpublica.com.ar\/index\/wp-json\/wp\/v2\/posts"}],"about":[{"href":"https:\/\/opinionpublica.com.ar\/index\/wp-json\/wp\/v2\/types\/post"}],"author":[{"embeddable":true,"href":"https:\/\/opinionpublica.com.ar\/index\/wp-json\/wp\/v2\/users\/8"}],"replies":[{"embeddable":true,"href":"https:\/\/opinionpublica.com.ar\/index\/wp-json\/wp\/v2\/comments?post=7231"}],"version-history":[{"count":2,"href":"https:\/\/opinionpublica.com.ar\/index\/wp-json\/wp\/v2\/posts\/7231\/revisions"}],"predecessor-version":[{"id":7233,"href":"https:\/\/opinionpublica.com.ar\/index\/wp-json\/wp\/v2\/posts\/7231\/revisions\/7233"}],"wp:featuredmedia":[{"embeddable":true,"href":"https:\/\/opinionpublica.com.ar\/index\/wp-json\/wp\/v2\/media\/5572"}],"wp:attachment":[{"href":"https:\/\/opinionpublica.com.ar\/index\/wp-json\/wp\/v2\/media?parent=7231"}],"wp:term":[{"taxonomy":"category","embeddable":true,"href":"https:\/\/opinionpublica.com.ar\/index\/wp-json\/wp\/v2\/categories?post=7231"},{"taxonomy":"post_tag","embeddable":true,"href":"https:\/\/opinionpublica.com.ar\/index\/wp-json\/wp\/v2\/tags?post=7231"}],"curies":[{"name":"wp","href":"https:\/\/api.w.org\/{rel}","templated":true}]}}