{"id":7243,"date":"2024-11-20T09:39:15","date_gmt":"2024-11-20T12:39:15","guid":{"rendered":"https:\/\/opinionpublica.com.ar\/index\/?p=7243"},"modified":"2024-11-20T09:39:15","modified_gmt":"2024-11-20T12:39:15","slug":"argentina-negocia-con-el-fmi-y-advierten-que-no-tiene-los-dolares-garantizados","status":"publish","type":"post","link":"https:\/\/opinionpublica.com.ar\/index\/argentina-negocia-con-el-fmi-y-advierten-que-no-tiene-los-dolares-garantizados\/","title":{"rendered":"Argentina negocia con el FMI y advierten que no tiene los d\u00f3lares garantizados"},"content":{"rendered":"<header class=\"news-headline\">\n<p class=\"news-headline__title\"><strong>Argentina negocia con el FMI y, aunque cuenta con apoyo de Donald Trump, advierten que no tiene los d\u00f3lares garantizados.<\/strong><\/p>\n<p class=\"ignore-parser\">El FMI y la Argentina avanzan en negociaciones respecto de un nuevo acuerdo y nuestro pa\u00eds necesita fondos frescos. La llegada de Trump al gobierno de EEUU es favorable, pero a\u00fan quedan otros elementos para resolver en este proceso.<\/p>\n<\/header>\n<div class=\"detail-highlighted-multimedia content-protected-false\">\n<figure class=\"detail-highlighted-multimedia__figure\"><a href=\"https:\/\/opinionpublica.com.ar\/index\/wp-content\/uploads\/2024\/11\/caputo-fmijpg.webp\"><img fetchpriority=\"high\" decoding=\"async\" class=\"alignnone  wp-image-7244\" src=\"https:\/\/opinionpublica.com.ar\/index\/wp-content\/uploads\/2024\/11\/caputo-fmijpg.webp\" alt=\"\" width=\"860\" height=\"483\" srcset=\"https:\/\/opinionpublica.com.ar\/index\/wp-content\/uploads\/2024\/11\/caputo-fmijpg.webp 655w, https:\/\/opinionpublica.com.ar\/index\/wp-content\/uploads\/2024\/11\/caputo-fmijpg-300x169.webp 300w\" sizes=\"(max-width: 860px) 100vw, 860px\" \/><\/a><figcaption class=\"detail-highlighted-multimedia__figcaption\">\n<div class=\"detail-highlighted-multimedia__caption\">\n<p>Argentina negocia con el FMI un nuevo acuerdo.<\/p>\n<\/div>\n<\/figcaption><\/figure>\n<\/div>\n<article class=\"article-body article-body--first-paragraph content-protected-false\" data-td-script-src=\"https:\/\/www.ambito.com\/td\/modulos\/encuestas\/js\/function-embeds-min-version-1732075647.js\">El presidente<strong>\u00a0Javier Milei<\/strong>\u00a0se reuni\u00f3 con la directora gerente del Fondo Monetario Internacional (FMI), Kristalina Georgieva,\u00a0en la\u00a0<strong>Cumbre del G20 en R\u00edo de Janeiro<\/strong>, Brasil, y la funcionaria del organismo financiero destac\u00f3 hoy los \u00abimpresionantes progresos\u00bb en la estabilizaci\u00f3n de la econom\u00eda que logr\u00f3\u00a0la actual gesti\u00f3n de gobierno. Asimismo, asegur\u00f3 que est\u00e1n \u00abdispuestos a apoyar a la Argentina y a su pueblo en la construcci\u00f3n de estos logros\u00bb.<\/p>\n<\/article>\n<div class=\"banner banner--free-banner\">\n<div class=\"banner__content-wrapper\">\n<div id=\"ad-slot-outstream\" class=\"ad-slot-outstream ad-slot\" data-lazyload=\"1\" data-adtype=\"outstream\" data-google-query-id=\"COnx8qf06okDFQCDYQYdRE4udw\">\n<div id=\"google_ads_iframe_\/78858960\/Ambito\/Not-outstream_0__container__\"><\/div>\n<\/div>\n<\/div>\n<\/div>\n<article class=\"article-body article-body--second-paragraph content-protected-false\"><strong>El mensaje da a entender que tiene una buena predisposici\u00f3n de cara a una negociaci\u00f3n.<\/strong>\u00a0La llegada de Trump puede ser un dato pero<strong>\u00a0la evoluci\u00f3n de este proceso est\u00e1 atada a varios elementos y encrucijadas que habr\u00e1 de resolver\u00a0<\/strong>hacia adelante.<\/p>\n<\/article>\n<div class=\"banner banner--free-banner\">\n<div class=\"banner__content-wrapper\">\n<div id=\"394c8479-8534-4988-9fef-2cb91839b0ef\" class=\"pbs\" data-pbs-root=\"true\" data-pbs-position=\"static\" data-pbs-outstream=\"false\" data-pbs-device=\"desktop\" data-pbs-video-title=\"true\" data-pbs-pagination=\"true\" data-pbs-sticky=\"bottom-right\" data-pbs-size=\"medium\" data-pbs-content=\"playing\" data-pbs-player=\"content\" data-pbs-slot=\"ended\" data-pbs-content-type=\"rss\">\n<div class=\"exp-ui__static\"><\/div>\n<\/div>\n<\/div>\n<\/div>\n<article class=\"article-body article-body--third-paragraph content-protected-false\">As\u00ed lo explica a<strong>\u00a0\u00c1mbito<\/strong>\u00a0<strong>Emilia Val, mag\u00edster en Sociolog\u00eda Econ\u00f3mica y experta en deuda soberana<\/strong>, reestructuraciones y arquitectura financiera internacional: \u00abHay consenso, en general, en que<strong>\u00a0la llegada de Donald Trump a la Casa Blanca puede ayudar a Milei ante el FMI<\/strong>\u00ab. Indica que esto se debe, sobre todo, a la cercan\u00eda ideol\u00f3gica que hay entre ambos presidentes\u00bb. Eso determina su postura respecto de la agenda de Occidente, m\u00e1s que nada de Estados Unidos e Israel.<\/p>\n<\/article>\n<article class=\"article-body article-body--fourth-paragraph content-protected-false\">Val informa que, en este momento,\u00a0<strong>se avanza en una revisi\u00f3n ex-post del acuerdo previo entre Argentina y el FMI,<\/strong>\u00a0con el fin de dar paso a uno nuevo. \u00abLa idea principal del gobierno argentino es conseguir dinero, que sea uno nuevo, que implique un desembolso de dinero fresco en un contexto en el que Argentina tiene dificultades para recibir inversiones y necesita fortalecer las reservas\u00bb. Y, si bien se\u00f1ala que el antecedente del pr\u00e9stamo al gobierno de Macri puede darnos la pista de que Trump genera un contexto favorable para este tipo de conversaciones y Trump ve en Milei un aliado regional, no todo pasa por ah\u00ed en la negociaci\u00f3n.<\/p>\n<\/article>\n<article class=\"article-body article-body--remaining-paragraph content-protected-false\">\n<h2>Negociaciones con el FMI: las trabas que hay por delante<\/h2>\n<p><strong>Noem\u00ed Brenta, doctora en Econom\u00eda y experta las relaciones entre Argentina y el FMI,\u00a0<\/strong>advierte que el triunfo de Trump, por la afinidad de las ultraderechas, ayudar\u00e1 a nuestro pa\u00eds ante el Fondo, pero \u00abtampoco garantiza que el proceso vaya a ser un lecho de rosas\u00bb y es que hay varios elementos que enumeran su postura.<\/p>\n<p>\u00abUna de ellas es que\u00a0<strong>nuestro pa\u00eds est\u00e1 sobre endeudado, sobre todo con el FMI,<\/strong>\u00a0caracter\u00edstica que no hab\u00eda en 2018, cuando Trump intercedi\u00f3 para que se le diera el acuerdo en &#8216;stand by&#8217; a la Argentina\u00bb, dice. As\u00ed, para Brenta, \u00aben una evaluaci\u00f3n de la deuda p\u00fablica, se probar\u00eda que es de muy baja sustentabilidad\u00bb.<\/p>\n<p>Asimismo, indica que, hoy,\u00a0<strong>\u00abno hay ninguna l\u00ednea disponible para nuestro pa\u00eds por montos altos\u00bb<\/strong>. Se\u00f1ala que, si bien podr\u00eda crear alguna especial, lo cierto es que lo \u00fanico a lo que podr\u00eda aspirar el Gobierno es al Fondo de Resiliencia y Sustentabilidad. No obstante, advierte que es poca plata, \u00abson unos u$s8.500 millones, seg\u00fan mis estimaciones\u00bb, estima. Y, por otro lado, indica que existe una l\u00ednea flexible es precautoria, pero que no es de monto efectivo.<\/p>\n<p><a href=\"https:\/\/opinionpublica.com.ar\/index\/wp-content\/uploads\/2024\/11\/javier-milei-kristalina-georgieva-g20jpeg.webp\"><img decoding=\"async\" class=\"alignnone size-full wp-image-7246\" src=\"https:\/\/opinionpublica.com.ar\/index\/wp-content\/uploads\/2024\/11\/javier-milei-kristalina-georgieva-g20jpeg.webp\" alt=\"\" width=\"730\" height=\"862\" srcset=\"https:\/\/opinionpublica.com.ar\/index\/wp-content\/uploads\/2024\/11\/javier-milei-kristalina-georgieva-g20jpeg.webp 730w, https:\/\/opinionpublica.com.ar\/index\/wp-content\/uploads\/2024\/11\/javier-milei-kristalina-georgieva-g20jpeg-254x300.webp 254w\" sizes=\"(max-width: 730px) 100vw, 730px\" \/><\/a><\/p>\n<p>Por otra parte, menciona el hecho de que<strong>\u00a0Caputo es el ministro de Econom\u00eda actual<\/strong>. \u00abJusto quien ocupaba el cargo durante la gesti\u00f3n del &#8216;stand-by&#8217; de Macri y, en ese momento, el FMI pidi\u00f3 que lo sacaran porque no le gustaba c\u00f3mo manejaba la adjudicaci\u00f3n de las licitaciones de divisas\u00bb, menciona Brenta.<\/p>\n<p>Otro punto que menciona es que \u00ab<strong>el FMI suele ser muy insistente respecto de la devaluaci\u00f3n de la moneda argentina<\/strong>\u00ab. Indica que, hoy, tenemos tipos de cambios m\u00faltiples a\u00fan y el peso est\u00e1 algo sobrevaluado, hecho que contrasta con la tendencia predominante en las distintas monedas emergentes, que se deprecian contra el d\u00f3lar. Brenta explica que el FMI siempre pide que los tipos de cambio converjan hacia la cotizaci\u00f3n m\u00e1s alta y devaluar la moneda de manera fuerte. No obstante, es poco probable que el Gobierno avance en este sentido porque, si esto ocurre, la aceleraci\u00f3n de la inflaci\u00f3n es inevitables y disminuye la capacidad fiscal de hacer frente a la deuda.<\/p>\n<p>Y otro tema que la economista menciona es que est\u00e1\u00a0<strong>la tasa de inter\u00e9s de pol\u00edtica monetaria, que siempre exige el FMI que sea positiva\u00a0<\/strong>y eso ser\u00e1 dif\u00edcil tambi\u00e9n, dado que indica que, \u00abel a\u00f1o pr\u00f3ximo, el Gobierno quiere cierta expansi\u00f3n de la econom\u00eda y ser\u00e1 complejo que avance en ese sentido\u00bb.<\/p>\n<h2>La hist\u00e9resis, un elemento clave en la postura del staff<\/h2>\n<p>Por \u00faltimo, dicen que \u00abel que se quema con leche ve una vaca y llora\u00bb y esto aplica al siguiente punto que menciona Brenta:<strong>\u00a0\u00abLos propios funcionarios del FMI tienen cierta resistencia porque muchos de los que intervinieron en el &#8216;stand-by&#8217; de Macri salieron heridos de ese proceso<\/strong>\u00a0y no van a querer arriesgarse esta vez\u00bb. As\u00ed, explica que, si bien EEUU nombrar\u00e1 un nuevo representante del pa\u00eds ante el organismo, es incierto asegurar que pueda tener tanta influencia como para vencer las resistencias que pueden tener los funcionarios producto de la experiencia previa.<\/p>\n<p>As\u00ed, tal como plantea\u00a0<strong>Claudio Loser, exdirector del FMI y presidente de Centennial Group para Am\u00e9rica latina<\/strong>, la llegada de Trump ayudar\u00e1 a lograr una negociaci\u00f3n mas fluida, aunque \u00aben cuanto a montos de desembolsos, es el Fondo no quiere otorgar demasiados. En consecuencia,\u00a0<strong>el especialista en macroeconom\u00eda, finanzas internacionales y crecimiento econ\u00f3mico en pa\u00edses emergentes, Pablo Bortz<\/strong>, apunta que \u00ab<strong>hay que ver qu\u00e9 le pide el staff a la Argentina<\/strong>\u00a0para la negociaci\u00f3n ahora, m\u00e1s all\u00e1 del aval de Trump que logre\u00bb.<\/p>\n<p>Sugiere que lo que\u00a0<strong>hay que ver es cu\u00e1nta plata puede obtener nuestro pa\u00eds en este proceso de negociaci\u00f3n<\/strong>\u00a0y tambi\u00e9n advierte que China puede presentar cierta oposici\u00f3n en todo el proceso, por lo que el Gobierno est\u00e1 avanzando en conversaciones con el gigante asi\u00e1tico tambi\u00e9n.<\/p>\n<p>&nbsp;<\/p>\n<\/article>\n","protected":false},"excerpt":{"rendered":"<p>Argentina negocia con el FMI y, aunque cuenta con apoyo de Donald Trump, advierten que no tiene los<\/p>\n","protected":false},"author":8,"featured_media":7245,"comment_status":"open","ping_status":"open","sticky":false,"template":"","format":"standard","meta":{"footnotes":""},"categories":[3,27],"tags":[92,692],"class_list":["post-7243","post","type-post","status-publish","format-standard","has-post-thumbnail","hentry","category-nacionales","category-politica","tag-fmi","tag-javier-milei"],"featured_image_urls":{"full":["https:\/\/opinionpublica.com.ar\/index\/wp-content\/uploads\/2024\/11\/71859_1732080140-milei-kristalina-georgiva.jpeg",1000,561,false],"thumbnail":["https:\/\/opinionpublica.com.ar\/index\/wp-content\/uploads\/2024\/11\/71859_1732080140-milei-kristalina-georgiva-150x150.jpeg",150,150,true],"medium":["https:\/\/opinionpublica.com.ar\/index\/wp-content\/uploads\/2024\/11\/71859_1732080140-milei-kristalina-georgiva-300x168.jpeg",300,168,true],"medium_large":["https:\/\/opinionpublica.com.ar\/index\/wp-content\/uploads\/2024\/11\/71859_1732080140-milei-kristalina-georgiva-768x431.jpeg",640,359,true],"large":["https:\/\/opinionpublica.com.ar\/index\/wp-content\/uploads\/2024\/11\/71859_1732080140-milei-kristalina-georgiva.jpeg",640,359,false],"1536x1536":["https:\/\/opinionpublica.com.ar\/index\/wp-content\/uploads\/2024\/11\/71859_1732080140-milei-kristalina-georgiva.jpeg",1000,561,false],"2048x2048":["https:\/\/opinionpublica.com.ar\/index\/wp-content\/uploads\/2024\/11\/71859_1732080140-milei-kristalina-georgiva.jpeg",1000,561,false],"morenews-large":["https:\/\/opinionpublica.com.ar\/index\/wp-content\/uploads\/2024\/11\/71859_1732080140-milei-kristalina-georgiva-825x561.jpeg",825,561,true],"morenews-medium":["https:\/\/opinionpublica.com.ar\/index\/wp-content\/uploads\/2024\/11\/71859_1732080140-milei-kristalina-georgiva-590x410.jpeg",590,410,true]},"author_info":{"display_name":"RKing","author_link":"https:\/\/opinionpublica.com.ar\/index\/author\/rking\/"},"category_info":"<a href=\"https:\/\/opinionpublica.com.ar\/index\/category\/nacionales\/\" rel=\"category tag\">Nacionales<\/a> <a href=\"https:\/\/opinionpublica.com.ar\/index\/category\/politica\/\" rel=\"category tag\">Politica<\/a>","tag_info":"Politica","comment_count":"0","_links":{"self":[{"href":"https:\/\/opinionpublica.com.ar\/index\/wp-json\/wp\/v2\/posts\/7243","targetHints":{"allow":["GET"]}}],"collection":[{"href":"https:\/\/opinionpublica.com.ar\/index\/wp-json\/wp\/v2\/posts"}],"about":[{"href":"https:\/\/opinionpublica.com.ar\/index\/wp-json\/wp\/v2\/types\/post"}],"author":[{"embeddable":true,"href":"https:\/\/opinionpublica.com.ar\/index\/wp-json\/wp\/v2\/users\/8"}],"replies":[{"embeddable":true,"href":"https:\/\/opinionpublica.com.ar\/index\/wp-json\/wp\/v2\/comments?post=7243"}],"version-history":[{"count":1,"href":"https:\/\/opinionpublica.com.ar\/index\/wp-json\/wp\/v2\/posts\/7243\/revisions"}],"predecessor-version":[{"id":7247,"href":"https:\/\/opinionpublica.com.ar\/index\/wp-json\/wp\/v2\/posts\/7243\/revisions\/7247"}],"wp:featuredmedia":[{"embeddable":true,"href":"https:\/\/opinionpublica.com.ar\/index\/wp-json\/wp\/v2\/media\/7245"}],"wp:attachment":[{"href":"https:\/\/opinionpublica.com.ar\/index\/wp-json\/wp\/v2\/media?parent=7243"}],"wp:term":[{"taxonomy":"category","embeddable":true,"href":"https:\/\/opinionpublica.com.ar\/index\/wp-json\/wp\/v2\/categories?post=7243"},{"taxonomy":"post_tag","embeddable":true,"href":"https:\/\/opinionpublica.com.ar\/index\/wp-json\/wp\/v2\/tags?post=7243"}],"curies":[{"name":"wp","href":"https:\/\/api.w.org\/{rel}","templated":true}]}}