{"id":7300,"date":"2024-11-21T10:46:21","date_gmt":"2024-11-21T13:46:21","guid":{"rendered":"https:\/\/opinionpublica.com.ar\/index\/?p=7300"},"modified":"2024-11-21T10:46:21","modified_gmt":"2024-11-21T13:46:21","slug":"que-empresas-se-disputan-la-construccion-del-mega-proyecto-de-ypf-para-exportar-petroleo","status":"publish","type":"post","link":"https:\/\/opinionpublica.com.ar\/index\/que-empresas-se-disputan-la-construccion-del-mega-proyecto-de-ypf-para-exportar-petroleo\/","title":{"rendered":"Qu\u00e9 empresas se disputan la construcci\u00f3n del mega proyecto de YPF para exportar petr\u00f3leo"},"content":{"rendered":"<section class=\"destacado-simple\">\n<article>\n<p class=\"tit\"><strong>Qu\u00e9 empresas se disputan la construcci\u00f3n del mega proyecto de YPF para exportar petr\u00f3leo por US$ 20.000 millones.<\/strong><\/p>\n<\/article>\n<\/section>\n<div class=\"row\">\n<div class=\"col-lg-10\">\n<article class=\"content\">El proyecto Vaca Muerta Oleoducto Sur (VMOS) que impulsa YPF para exportar 20.000 millones de d\u00f3lares adicionales en petr\u00f3leo est\u00e1 a punto de finalizar la etapa de licitaci\u00f3n y en pocos d\u00edas se conocer\u00e1n cu\u00e1les son las empresas encargadas de su construcci\u00f3n.<\/p>\n<p><a href=\"https:\/\/opinionpublica.com.ar\/index\/wp-content\/uploads\/2024\/11\/781750-3a-gasoducto-ypf.jpg\"><img fetchpriority=\"high\" decoding=\"async\" class=\"alignnone size-full wp-image-7301\" src=\"https:\/\/opinionpublica.com.ar\/index\/wp-content\/uploads\/2024\/11\/781750-3a-gasoducto-ypf.jpg\" alt=\"\" width=\"960\" height=\"540\" srcset=\"https:\/\/opinionpublica.com.ar\/index\/wp-content\/uploads\/2024\/11\/781750-3a-gasoducto-ypf.jpg 960w, https:\/\/opinionpublica.com.ar\/index\/wp-content\/uploads\/2024\/11\/781750-3a-gasoducto-ypf-300x169.jpg 300w, https:\/\/opinionpublica.com.ar\/index\/wp-content\/uploads\/2024\/11\/781750-3a-gasoducto-ypf-768x432.jpg 768w\" sizes=\"(max-width: 960px) 100vw, 960px\" \/><\/a><\/p>\n<p>El ganador de la provisi\u00f3n de los ca\u00f1os ya est\u00e1 descontado que ser\u00e1 Tenaris en un negocio que se estima en 180 millones de d\u00f3lares. En tanto, la etapa de la obra civil se estima que podr\u00eda adjudicarse la semana pr\u00f3xima.<\/p>\n<p>En este caso, la UTE Sacde-Techint emerge como la gran favorita, pero tambi\u00e9n se menciona a la norteamericana Pumpco como otra de las que tiene chances de resultar ganadora.<\/p>\n<div class=\"statics_module\">\n<div id=\"div-gpt-ad-1625236858665-4\" data-google-query-id=\"CM-vhdjG7YkDFRw5uQYdSZcydg\">\n<div id=\"google_ads_iframe_\/22479453980\/forbesargentina.com\/Nota_Desktop_Outstream_0__container__\"><\/div>\n<\/div>\n<\/div>\n<p>El resto de los segmentos de la obra pasan por la construcci\u00f3n del puerto con sus monoboyas y los tanques de almacenamiento, donde YPF sostiene que se ahorr\u00f3 unos 500 millones de d\u00f3lares al separar este tramo de la licitaci\u00f3n y generar m\u00e1s competencia entre las firmas interesadas.<\/p>\n<p>El costo total del proyecto asciende a 2.528 millones de d\u00f3lares que se empezar\u00e1 a financiar con un aporte del 30% de ese total por parte de cada empresa en funci\u00f3n a la participaci\u00f3n asignada a prorrata y en un 70% por instrumentos financieros de deuda.<\/p>\n<p>\u00abSe va a crear una nueva empresa llamada VMOS que va a ser una especie del Oldelval, la transportista de este oleoducto. El primer a\u00f1o, el CEO de la empresa lo pondr\u00e1 YPF y despu\u00e9s se pondr\u00e1n de acuerdo entre los socios\u00bb, explican.<\/p>\n<p>Esta firma ser\u00e1 la encargada de conseguir el financiamiento de casi 2.000 millones de d\u00f3lares, donde unos 1.500 ser\u00e1n por pr\u00e9stamos internacionales y el resto por pr\u00e9stamos locales. Como respaldo, la empresa se apoyar\u00e1 en los contratos de transporte que firme con cada petrolera, algo que se est\u00e1 negociando y se espera tener resuelto para el 10 de diciembre.<\/p>\n<div class=\"statics_module\">\n<div id=\"div-gpt-ad-1625236858665-6\" data-google-query-id=\"CNOvhdjG7YkDFRw5uQYdSZcydg\">\n<div id=\"google_ads_iframe_\/22479453980\/forbesargentina.com\/Nota_Desktop_728x90x1_0__container__\"><\/div>\n<\/div>\n<\/div>\n<p>Si bien falta pulir los detalles de qu\u00e9 volumen ser\u00e1 asignado a cada petrolera, aproximadamente la mitad de los 520.000 barriles diarios que podr\u00eda transportar el ducto estar\u00edan repartidos entre YPF y Pluspetrol. Luego, otros 275.000 barriles se repartir\u00edan entre Vista, Pan American Energy, Pampa Energ\u00eda, Chevron y Shell. Finalmente, habr\u00eda otros 65.000 barriles destinados a las petroleras m\u00e1s chicas en una siguiente etapa.<\/p>\n<p>\u00abEl proyecto VMOS ya se present\u00f3 al R\u00e9gimen de Incentivos para grandes inversiones y se convirti\u00f3 en el primer proyecto de la industria de O&amp;G. Este es uno de los proyectos de infraestructura privado m\u00e1s importantes de la Argentina de los \u00faltimos 20 a\u00f1os\u00bb, dijo el CEO, Horacio Mar\u00edn.<\/p>\n<p>\u00abTodas las empresas van a pagar lo mismo, no ejercemos posici\u00f3n dominante para hacer el bombeo y todas tienen derecho de entrar a prorrata. La industria no est\u00e1 acostumbrada a trabajar en conjunto, pero asumimos ese desaf\u00edo y queremos empezar cuanto antes porque cada d\u00eda de retraso nos perdemos de exportar 40 millones de d\u00f3lares\u00bb, indican fuentes de la petrolera de bandera.<\/p>\n<p>&nbsp;<\/p>\n<\/article>\n<\/div>\n<\/div>\n","protected":false},"excerpt":{"rendered":"<p>Qu\u00e9 empresas se disputan la construcci\u00f3n del mega proyecto de YPF para exportar petr\u00f3leo por US$ 20.000 millones.<\/p>\n","protected":false},"author":8,"featured_media":7301,"comment_status":"open","ping_status":"open","sticky":false,"template":"","format":"standard","meta":{"footnotes":""},"categories":[3],"tags":[272,379],"class_list":["post-7300","post","type-post","status-publish","format-standard","has-post-thumbnail","hentry","category-nacionales","tag-vaca-muerta","tag-ypf"],"featured_image_urls":{"full":["https:\/\/opinionpublica.com.ar\/index\/wp-content\/uploads\/2024\/11\/781750-3a-gasoducto-ypf.jpg",960,540,false],"thumbnail":["https:\/\/opinionpublica.com.ar\/index\/wp-content\/uploads\/2024\/11\/781750-3a-gasoducto-ypf-150x150.jpg",150,150,true],"medium":["https:\/\/opinionpublica.com.ar\/index\/wp-content\/uploads\/2024\/11\/781750-3a-gasoducto-ypf-300x169.jpg",300,169,true],"medium_large":["https:\/\/opinionpublica.com.ar\/index\/wp-content\/uploads\/2024\/11\/781750-3a-gasoducto-ypf-768x432.jpg",640,360,true],"large":["https:\/\/opinionpublica.com.ar\/index\/wp-content\/uploads\/2024\/11\/781750-3a-gasoducto-ypf.jpg",640,360,false],"1536x1536":["https:\/\/opinionpublica.com.ar\/index\/wp-content\/uploads\/2024\/11\/781750-3a-gasoducto-ypf.jpg",960,540,false],"2048x2048":["https:\/\/opinionpublica.com.ar\/index\/wp-content\/uploads\/2024\/11\/781750-3a-gasoducto-ypf.jpg",960,540,false],"morenews-large":["https:\/\/opinionpublica.com.ar\/index\/wp-content\/uploads\/2024\/11\/781750-3a-gasoducto-ypf-825x540.jpg",825,540,true],"morenews-medium":["https:\/\/opinionpublica.com.ar\/index\/wp-content\/uploads\/2024\/11\/781750-3a-gasoducto-ypf-590x410.jpg",590,410,true]},"author_info":{"display_name":"RKing","author_link":"https:\/\/opinionpublica.com.ar\/index\/author\/rking\/"},"category_info":"<a href=\"https:\/\/opinionpublica.com.ar\/index\/category\/nacionales\/\" rel=\"category tag\">Nacionales<\/a>","tag_info":"Nacionales","comment_count":"0","_links":{"self":[{"href":"https:\/\/opinionpublica.com.ar\/index\/wp-json\/wp\/v2\/posts\/7300","targetHints":{"allow":["GET"]}}],"collection":[{"href":"https:\/\/opinionpublica.com.ar\/index\/wp-json\/wp\/v2\/posts"}],"about":[{"href":"https:\/\/opinionpublica.com.ar\/index\/wp-json\/wp\/v2\/types\/post"}],"author":[{"embeddable":true,"href":"https:\/\/opinionpublica.com.ar\/index\/wp-json\/wp\/v2\/users\/8"}],"replies":[{"embeddable":true,"href":"https:\/\/opinionpublica.com.ar\/index\/wp-json\/wp\/v2\/comments?post=7300"}],"version-history":[{"count":1,"href":"https:\/\/opinionpublica.com.ar\/index\/wp-json\/wp\/v2\/posts\/7300\/revisions"}],"predecessor-version":[{"id":7302,"href":"https:\/\/opinionpublica.com.ar\/index\/wp-json\/wp\/v2\/posts\/7300\/revisions\/7302"}],"wp:featuredmedia":[{"embeddable":true,"href":"https:\/\/opinionpublica.com.ar\/index\/wp-json\/wp\/v2\/media\/7301"}],"wp:attachment":[{"href":"https:\/\/opinionpublica.com.ar\/index\/wp-json\/wp\/v2\/media?parent=7300"}],"wp:term":[{"taxonomy":"category","embeddable":true,"href":"https:\/\/opinionpublica.com.ar\/index\/wp-json\/wp\/v2\/categories?post=7300"},{"taxonomy":"post_tag","embeddable":true,"href":"https:\/\/opinionpublica.com.ar\/index\/wp-json\/wp\/v2\/tags?post=7300"}],"curies":[{"name":"wp","href":"https:\/\/api.w.org\/{rel}","templated":true}]}}