{"id":7319,"date":"2024-11-21T11:58:39","date_gmt":"2024-11-21T14:58:39","guid":{"rendered":"https:\/\/opinionpublica.com.ar\/index\/?p=7319"},"modified":"2024-11-21T11:58:39","modified_gmt":"2024-11-21T14:58:39","slug":"este-ano-460-operarios-textiles-quedaron-sin-empleo","status":"publish","type":"post","link":"https:\/\/opinionpublica.com.ar\/index\/este-ano-460-operarios-textiles-quedaron-sin-empleo\/","title":{"rendered":"Este a\u00f1o 460 operarios textiles quedaron sin empleo"},"content":{"rendered":"<header class=\"entry-header\">\n<p class=\"entry-title\"><strong>Este a\u00f1o 460 operarios textiles quedaron sin empleo.<\/strong><\/p>\n<\/header>\n<div class=\"entry-content\">\n<p class=\"wp-block-heading\">La crisis en las textiles qued\u00f3 reflejada en el \u00faltimo informe de la cantidad de empleos que existe en la industria fueguina. En septiembre la cantidad de empleados fueron 93, cuando en el arranque del a\u00f1o eran 553 trabajadores.<\/p>\n<p>&nbsp;<\/p>\n<p><a href=\"https:\/\/opinionpublica.com.ar\/index\/wp-content\/uploads\/2024\/10\/20241017195357_barpla.jpg\"><img fetchpriority=\"high\" decoding=\"async\" class=\"alignnone size-full wp-image-6429\" src=\"https:\/\/opinionpublica.com.ar\/index\/wp-content\/uploads\/2024\/10\/20241017195357_barpla.jpg\" alt=\"\" width=\"880\" height=\"512\" srcset=\"https:\/\/opinionpublica.com.ar\/index\/wp-content\/uploads\/2024\/10\/20241017195357_barpla.jpg 880w, https:\/\/opinionpublica.com.ar\/index\/wp-content\/uploads\/2024\/10\/20241017195357_barpla-300x175.jpg 300w, https:\/\/opinionpublica.com.ar\/index\/wp-content\/uploads\/2024\/10\/20241017195357_barpla-768x447.jpg 768w\" sizes=\"(max-width: 880px) 100vw, 880px\" \/><\/a><\/p>\n<p>Entre enero y septiembre de este a\u00f1o se perdieron 460 puestos de trabajo en el rubro de la industria textil, de acuerdo a lo que surge del informe oficial que publica el IPIEC (Instituto Provincial de An\u00e1lisis e Investigaci\u00f3n Estad\u00edstica y Censos), en el informe sobre la producci\u00f3n provisional y personas empleadas en las principales industrias.<\/p>\n<div class=\"wp-block-image\"><\/div>\n<p>Al arrancar este a\u00f1o las textiles contaban con 553 operarios ocupados y, ahora, en septiembre, luego del cierre de dos f\u00e1bricas textiles: Textil R\u00edo Grande y Barpla, m\u00e1s la situaci\u00f3n de suspensi\u00f3n en otras, cay\u00f3 a 93 la cantidad de trabajadores en ese sector.<\/p>\n<p>El informe oficial, con datos actualizados al mes de septiembre, indican que la mano de obra en todas las industrias de Tierra del Fuego, promovidas por el Subr\u00e9gimen, alcanz\u00f3 los 8.077 operarios, lo que represent\u00f3 una ca\u00edda del 3,8% en relaci\u00f3n a agosto, cuando fueron 8.397 los operarios registrados. Esto represent\u00f3 que 320 personas perdieron su empleo.<\/p>\n<p>El relevamiento arroja el siguiente panorama en el empleo del sector industrial, en septiembre:<\/p>\n<p>-Electr\u00f3nica, la cantidad de personas empleadas fueron 6.591, un 1,3% m\u00e1s que en el mes anterior.<\/p>\n<p>-Confeccionista, la cantidad de operarios ocupados fueron 142 un ca\u00edda del -42% en la variaci\u00f3n mensual.<\/p>\n<p>-Textil, la cantidad de personas empleadas fueron 93, una ca\u00edda del -77,8% en la medici\u00f3n mensual.<\/p>\n<p>-Pesquera, la cantidad de personas ocupadas fueron 192, lo que no represent\u00f3 variaci\u00f3n alguna respecto a agosto.<\/p>\n<p>-Pl\u00e1stico, las personas empleadas fueron 646, representado esto un incremento del 3,2% en la comparaci\u00f3n mensual.<\/p>\n<p>-Otras Industrias, La cantidad de empleados fueron 413, un incremento del 0,2% en relaci\u00f3n al mes anterior.<\/p>\n<p>&nbsp;<\/p>\n<\/div>\n","protected":false},"excerpt":{"rendered":"<p>Este a\u00f1o 460 operarios textiles quedaron sin empleo. La crisis en las textiles qued\u00f3 reflejada en el \u00faltimo<\/p>\n","protected":false},"author":8,"featured_media":6429,"comment_status":"open","ping_status":"open","sticky":false,"template":"","format":"standard","meta":{"footnotes":""},"categories":[25,2],"tags":[2785,2314,2786,304,2410,7,402,770,5],"class_list":["post-7319","post","type-post","status-publish","format-standard","has-post-thumbnail","hentry","category-rio-grande","category-tierra-del-fuego","tag-460-operarios","tag-barpla","tag-cierres","tag-crisis","tag-ipiec","tag-rio-grande","tag-textil-rio-grande","tag-textiles","tag-tierra-del-fuego"],"featured_image_urls":{"full":["https:\/\/opinionpublica.com.ar\/index\/wp-content\/uploads\/2024\/10\/20241017195357_barpla.jpg",880,512,false],"thumbnail":["https:\/\/opinionpublica.com.ar\/index\/wp-content\/uploads\/2024\/10\/20241017195357_barpla-150x150.jpg",150,150,true],"medium":["https:\/\/opinionpublica.com.ar\/index\/wp-content\/uploads\/2024\/10\/20241017195357_barpla-300x175.jpg",300,175,true],"medium_large":["https:\/\/opinionpublica.com.ar\/index\/wp-content\/uploads\/2024\/10\/20241017195357_barpla-768x447.jpg",640,373,true],"large":["https:\/\/opinionpublica.com.ar\/index\/wp-content\/uploads\/2024\/10\/20241017195357_barpla.jpg",640,372,false],"1536x1536":["https:\/\/opinionpublica.com.ar\/index\/wp-content\/uploads\/2024\/10\/20241017195357_barpla.jpg",880,512,false],"2048x2048":["https:\/\/opinionpublica.com.ar\/index\/wp-content\/uploads\/2024\/10\/20241017195357_barpla.jpg",880,512,false],"morenews-large":["https:\/\/opinionpublica.com.ar\/index\/wp-content\/uploads\/2024\/10\/20241017195357_barpla-825x512.jpg",825,512,true],"morenews-medium":["https:\/\/opinionpublica.com.ar\/index\/wp-content\/uploads\/2024\/10\/20241017195357_barpla-590x410.jpg",590,410,true]},"author_info":{"display_name":"RKing","author_link":"https:\/\/opinionpublica.com.ar\/index\/author\/rking\/"},"category_info":"<a href=\"https:\/\/opinionpublica.com.ar\/index\/category\/rio-grande\/\" rel=\"category tag\">Rio Grande<\/a> <a href=\"https:\/\/opinionpublica.com.ar\/index\/category\/tierra-del-fuego\/\" rel=\"category tag\">Tierra del Fuego<\/a>","tag_info":"Tierra del Fuego","comment_count":"0","_links":{"self":[{"href":"https:\/\/opinionpublica.com.ar\/index\/wp-json\/wp\/v2\/posts\/7319","targetHints":{"allow":["GET"]}}],"collection":[{"href":"https:\/\/opinionpublica.com.ar\/index\/wp-json\/wp\/v2\/posts"}],"about":[{"href":"https:\/\/opinionpublica.com.ar\/index\/wp-json\/wp\/v2\/types\/post"}],"author":[{"embeddable":true,"href":"https:\/\/opinionpublica.com.ar\/index\/wp-json\/wp\/v2\/users\/8"}],"replies":[{"embeddable":true,"href":"https:\/\/opinionpublica.com.ar\/index\/wp-json\/wp\/v2\/comments?post=7319"}],"version-history":[{"count":1,"href":"https:\/\/opinionpublica.com.ar\/index\/wp-json\/wp\/v2\/posts\/7319\/revisions"}],"predecessor-version":[{"id":7320,"href":"https:\/\/opinionpublica.com.ar\/index\/wp-json\/wp\/v2\/posts\/7319\/revisions\/7320"}],"wp:featuredmedia":[{"embeddable":true,"href":"https:\/\/opinionpublica.com.ar\/index\/wp-json\/wp\/v2\/media\/6429"}],"wp:attachment":[{"href":"https:\/\/opinionpublica.com.ar\/index\/wp-json\/wp\/v2\/media?parent=7319"}],"wp:term":[{"taxonomy":"category","embeddable":true,"href":"https:\/\/opinionpublica.com.ar\/index\/wp-json\/wp\/v2\/categories?post=7319"},{"taxonomy":"post_tag","embeddable":true,"href":"https:\/\/opinionpublica.com.ar\/index\/wp-json\/wp\/v2\/tags?post=7319"}],"curies":[{"name":"wp","href":"https:\/\/api.w.org\/{rel}","templated":true}]}}