{"id":7321,"date":"2024-11-21T12:09:49","date_gmt":"2024-11-21T15:09:49","guid":{"rendered":"https:\/\/opinionpublica.com.ar\/index\/?p=7321"},"modified":"2024-11-21T12:09:49","modified_gmt":"2024-11-21T15:09:49","slug":"la-ropa-es-un-35-mas-cara-en-la-argentina-que-en-el-exterior","status":"publish","type":"post","link":"https:\/\/opinionpublica.com.ar\/index\/la-ropa-es-un-35-mas-cara-en-la-argentina-que-en-el-exterior\/","title":{"rendered":"La ropa es un 35% m\u00e1s cara en la Argentina que en el exterior"},"content":{"rendered":"<header class=\"entry-header\">\n<p class=\"entry-title\"><strong>La ropa es un 35% m\u00e1s cara en la Argentina que en el exterior.<\/strong><\/p>\n<\/header>\n<div class=\"entry-content\">\n<p class=\"wp-block-heading\">Entre las principales causas se encuentran las fuertes barreras a la importaci\u00f3n y el alto nivel impositivo que afronta el sector textil, generando que los consumidores paguen precios m\u00e1s altos y dispongan de menos opciones de compra, seg\u00fan un informe privado.<\/p>\n<p><strong>\u00a0<\/strong>La ropa es un 35% m\u00e1s cara en la Argentina que en el exterior, a su vez, aseguran que la ropa de marca cuesta siete veces m\u00e1s que una del sector informal.<\/p>\n<p><a href=\"https:\/\/opinionpublica.com.ar\/index\/wp-content\/uploads\/2024\/11\/tienda-de-ropa.jpg\"><img fetchpriority=\"high\" decoding=\"async\" class=\"alignnone size-full wp-image-7322\" src=\"https:\/\/opinionpublica.com.ar\/index\/wp-content\/uploads\/2024\/11\/tienda-de-ropa.jpg\" alt=\"\" width=\"1200\" height=\"675\" srcset=\"https:\/\/opinionpublica.com.ar\/index\/wp-content\/uploads\/2024\/11\/tienda-de-ropa.jpg 1200w, https:\/\/opinionpublica.com.ar\/index\/wp-content\/uploads\/2024\/11\/tienda-de-ropa-300x169.jpg 300w, https:\/\/opinionpublica.com.ar\/index\/wp-content\/uploads\/2024\/11\/tienda-de-ropa-1024x576.jpg 1024w, https:\/\/opinionpublica.com.ar\/index\/wp-content\/uploads\/2024\/11\/tienda-de-ropa-768x432.jpg 768w\" sizes=\"(max-width: 1200px) 100vw, 1200px\" \/><\/a><\/p>\n<div class=\"wp-block-image\"><\/div>\n<p>El estudio fue realizado por el Instituto de Econom\u00eda de la UADE, en el cual se indica que del total del precio de una remera que se vende en un negocio de marca, el 50% corresponde a impuestos, mientras que el restante 50% comprende los costos de producci\u00f3n, comercializaci\u00f3n y beneficios de empresarios y due\u00f1os de locales.<\/p>\n<p>El reporte consign\u00f3 que \u201cbajo estas condiciones aquellos que se mueven dentro de la informalidad obtienen mejores m\u00e1rgenes de ganancia respecto a los que intentan sostener su actividad en la formalidad.<\/p>\n<p>El sector textil es una de las industrias con la mayor tasa de informalidad de Argentina, con aproximadamente el 65% del empleo en negro\u201d.<\/p>\n<p>Otro punto clave que destacaron es que los precios en un negocio de marca que opera de manera formal son hasta siete veces m\u00e1s altos que los de aquellos que funcionan con un mayor grado de informalidad.<\/p>\n<p>\u201cCon $100.000 se pueden comprar diez remeras en Avellaneda, cinco en un local de barrio y una de primera marca\u201d, indic\u00f3 el trabajo.<\/p>\n<p>Existen cuatro condiciones principales que caracterizan al sector: mercado atomizado en la producci\u00f3n y venta, gran n\u00famero de consumidores, extensa diferenciaci\u00f3n de producto y alto nivel de informalidad.<\/p>\n<p>El informe se\u00f1al\u00f3 que \u201cestas pautas deber\u00edan generar un marco para que los precios en el mercado sean muy competitivos. Sin embargo, en los \u00faltimos a\u00f1os los precios de la ropa son significativamente altos, en t\u00e9rminos internacionales y tambi\u00e9n respecto de otros bienes nacionales\u201d.<\/p>\n<p>Advirtieron que este fen\u00f3meno impacta en la fase de comercializaci\u00f3n con una fuerte segmentaci\u00f3n del mercado en diversos puntos de venta como Once, La Salada, Avellaneda, locales de barrio y shoppings con diferencias abismales en las condiciones comerciales y laborales, dando como resultado una extensa oferta de precios y de variedades de producto.<\/p>\n<p>Tambi\u00e9n se\u00f1al\u00f3 que \u201cpara poder bajar los precios de la ropa, ser\u00eda necesario disminuir en alg\u00fan grado el nivel de proteccionismo, a la vez que se implementen medidas para fortalecer a la industria nacional y mejoras de competitividad y productividad. Esta reducci\u00f3n fiscal, adem\u00e1s, podr\u00eda incentivar la formalizaci\u00f3n de los trabajadores, contribuyendo a disminuir los niveles de informalidad\u201d.<\/p>\n<p>&nbsp;<\/p>\n<\/div>\n","protected":false},"excerpt":{"rendered":"<p>La ropa es un 35% m\u00e1s cara en la Argentina que en el exterior. Entre las principales causas<\/p>\n","protected":false},"author":8,"featured_media":7322,"comment_status":"open","ping_status":"open","sticky":false,"template":"","format":"standard","meta":{"footnotes":""},"categories":[29,3],"tags":[56,498,2787,95,357,2788,2789],"class_list":["post-7321","post","type-post","status-publish","format-standard","has-post-thumbnail","hentry","category-interes-general","category-nacionales","tag-argentina","tag-buenos-aires","tag-cara","tag-importacion","tag-impuestos","tag-ropa","tag-uade"],"featured_image_urls":{"full":["https:\/\/opinionpublica.com.ar\/index\/wp-content\/uploads\/2024\/11\/tienda-de-ropa.jpg",1200,675,false],"thumbnail":["https:\/\/opinionpublica.com.ar\/index\/wp-content\/uploads\/2024\/11\/tienda-de-ropa-150x150.jpg",150,150,true],"medium":["https:\/\/opinionpublica.com.ar\/index\/wp-content\/uploads\/2024\/11\/tienda-de-ropa-300x169.jpg",300,169,true],"medium_large":["https:\/\/opinionpublica.com.ar\/index\/wp-content\/uploads\/2024\/11\/tienda-de-ropa-768x432.jpg",640,360,true],"large":["https:\/\/opinionpublica.com.ar\/index\/wp-content\/uploads\/2024\/11\/tienda-de-ropa-1024x576.jpg",640,360,true],"1536x1536":["https:\/\/opinionpublica.com.ar\/index\/wp-content\/uploads\/2024\/11\/tienda-de-ropa.jpg",1200,675,false],"2048x2048":["https:\/\/opinionpublica.com.ar\/index\/wp-content\/uploads\/2024\/11\/tienda-de-ropa.jpg",1200,675,false],"morenews-large":["https:\/\/opinionpublica.com.ar\/index\/wp-content\/uploads\/2024\/11\/tienda-de-ropa-825x575.jpg",825,575,true],"morenews-medium":["https:\/\/opinionpublica.com.ar\/index\/wp-content\/uploads\/2024\/11\/tienda-de-ropa-590x410.jpg",590,410,true]},"author_info":{"display_name":"RKing","author_link":"https:\/\/opinionpublica.com.ar\/index\/author\/rking\/"},"category_info":"<a href=\"https:\/\/opinionpublica.com.ar\/index\/category\/interes-general\/\" rel=\"category tag\">Interes General<\/a> <a href=\"https:\/\/opinionpublica.com.ar\/index\/category\/nacionales\/\" rel=\"category tag\">Nacionales<\/a>","tag_info":"Nacionales","comment_count":"0","_links":{"self":[{"href":"https:\/\/opinionpublica.com.ar\/index\/wp-json\/wp\/v2\/posts\/7321","targetHints":{"allow":["GET"]}}],"collection":[{"href":"https:\/\/opinionpublica.com.ar\/index\/wp-json\/wp\/v2\/posts"}],"about":[{"href":"https:\/\/opinionpublica.com.ar\/index\/wp-json\/wp\/v2\/types\/post"}],"author":[{"embeddable":true,"href":"https:\/\/opinionpublica.com.ar\/index\/wp-json\/wp\/v2\/users\/8"}],"replies":[{"embeddable":true,"href":"https:\/\/opinionpublica.com.ar\/index\/wp-json\/wp\/v2\/comments?post=7321"}],"version-history":[{"count":1,"href":"https:\/\/opinionpublica.com.ar\/index\/wp-json\/wp\/v2\/posts\/7321\/revisions"}],"predecessor-version":[{"id":7323,"href":"https:\/\/opinionpublica.com.ar\/index\/wp-json\/wp\/v2\/posts\/7321\/revisions\/7323"}],"wp:featuredmedia":[{"embeddable":true,"href":"https:\/\/opinionpublica.com.ar\/index\/wp-json\/wp\/v2\/media\/7322"}],"wp:attachment":[{"href":"https:\/\/opinionpublica.com.ar\/index\/wp-json\/wp\/v2\/media?parent=7321"}],"wp:term":[{"taxonomy":"category","embeddable":true,"href":"https:\/\/opinionpublica.com.ar\/index\/wp-json\/wp\/v2\/categories?post=7321"},{"taxonomy":"post_tag","embeddable":true,"href":"https:\/\/opinionpublica.com.ar\/index\/wp-json\/wp\/v2\/tags?post=7321"}],"curies":[{"name":"wp","href":"https:\/\/api.w.org\/{rel}","templated":true}]}}