{"id":7388,"date":"2024-11-25T11:15:57","date_gmt":"2024-11-25T14:15:57","guid":{"rendered":"https:\/\/opinionpublica.com.ar\/index\/?p=7388"},"modified":"2024-11-25T11:15:57","modified_gmt":"2024-11-25T14:15:57","slug":"la-camara-de-comercio-pidio-soluciones-inmediatas-ante-los-cortes-de-energia","status":"publish","type":"post","link":"https:\/\/opinionpublica.com.ar\/index\/la-camara-de-comercio-pidio-soluciones-inmediatas-ante-los-cortes-de-energia\/","title":{"rendered":"La C\u00e1mara de Comercio pidi\u00f3 soluciones inmediatas ante los cortes de energ\u00eda"},"content":{"rendered":"<header class=\"entry-header\">\n<p class=\"entry-title\"><strong>La C\u00e1mara de Comercio pidi\u00f3 soluciones inmediatas ante los cortes de energ\u00eda.<\/strong><\/p>\n<\/header>\n<div class=\"entry-content\">\n<p class=\"wp-block-heading\">La C\u00e1mara de Comercio sali\u00f3 a manifestar su profunda preocupaci\u00f3n \u201cpor los constantes cortes de energ\u00eda el\u00e9ctrica que afectan a la ciudad, causando graves perjuicios a los comercios locales y al sector tur\u00edstico, pilares fundamentales de nuestra econom\u00eda\u201d.<\/p>\n<p><a href=\"https:\/\/opinionpublica.com.ar\/index\/wp-content\/uploads\/2024\/11\/City-Tour-Centro-Turismo-en-Ushuaia.jpg\"><img fetchpriority=\"high\" decoding=\"async\" class=\"size-full wp-image-7390\" src=\"https:\/\/opinionpublica.com.ar\/index\/wp-content\/uploads\/2024\/11\/City-Tour-Centro-Turismo-en-Ushuaia.jpg\" alt=\"\" width=\"1200\" height=\"800\" srcset=\"https:\/\/opinionpublica.com.ar\/index\/wp-content\/uploads\/2024\/11\/City-Tour-Centro-Turismo-en-Ushuaia.jpg 1200w, https:\/\/opinionpublica.com.ar\/index\/wp-content\/uploads\/2024\/11\/City-Tour-Centro-Turismo-en-Ushuaia-300x200.jpg 300w, https:\/\/opinionpublica.com.ar\/index\/wp-content\/uploads\/2024\/11\/City-Tour-Centro-Turismo-en-Ushuaia-1024x683.jpg 1024w, https:\/\/opinionpublica.com.ar\/index\/wp-content\/uploads\/2024\/11\/City-Tour-Centro-Turismo-en-Ushuaia-768x512.jpg 768w\" sizes=\"(max-width: 1200px) 100vw, 1200px\" \/><\/a><\/p>\n<p>Mediante un duro comunicado, la instituci\u00f3n expres\u00f3 su malestar el s\u00e1bado, luego de que produjera un inesperado corte de energ\u00eda que afect\u00f3 a la zona comercial donde se mueven los turistas y la mayor parte de los pobladores de la ciudad.<\/p>\n<p>\u201cEstas interrupciones no solo generan p\u00e9rdidas econ\u00f3micas, sino que tambi\u00e9n impactan negativamente en la experiencia de los turistas, da\u00f1ando la imagen de Ushuaia como destino. Adem\u00e1s, los comerciantes deben enfrentar problemas como da\u00f1os en equipos, p\u00e9rdidas de mercader\u00eda y la imposibilidad de brindar un servicio de calidad a sus clientes\u201d.<\/p>\n<p>\u201cEn este contexto, instamos a las autoridades competentes a tomar medidas urgentes que garanticen un suministro el\u00e9ctrico confiable y sostenido y solicitamos que la C\u00e1mara de Comercio pueda participar activamente en la planificaci\u00f3n y coordinaci\u00f3n de los cortes programados, con el fin de minimizar el impacto sobre los comercios y las actividades productivas de la ciudad\u201d.<\/p>\n<p>&nbsp;<\/p>\n<\/div>\n","protected":false},"excerpt":{"rendered":"<p>La C\u00e1mara de Comercio pidi\u00f3 soluciones inmediatas ante los cortes de energ\u00eda. La C\u00e1mara de Comercio sali\u00f3 a<\/p>\n","protected":false},"author":8,"featured_media":7389,"comment_status":"open","ping_status":"open","sticky":false,"template":"","format":"standard","meta":{"footnotes":""},"categories":[2],"tags":[619,2809,1083,2810,2811,5,6],"class_list":["post-7388","post","type-post","status-publish","format-standard","has-post-thumbnail","hentry","category-tierra-del-fuego","tag-camara-de-comercio","tag-cortes","tag-energia","tag-perdidas-economicas","tag-perjuicios","tag-tierra-del-fuego","tag-ushuaia"],"featured_image_urls":{"full":["https:\/\/opinionpublica.com.ar\/index\/wp-content\/uploads\/2024\/11\/martin-gunter-20221208-105-dsc-8880-editada-ushuaia.jpg",1503,1000,false],"thumbnail":["https:\/\/opinionpublica.com.ar\/index\/wp-content\/uploads\/2024\/11\/martin-gunter-20221208-105-dsc-8880-editada-ushuaia-150x150.jpg",150,150,true],"medium":["https:\/\/opinionpublica.com.ar\/index\/wp-content\/uploads\/2024\/11\/martin-gunter-20221208-105-dsc-8880-editada-ushuaia-300x200.jpg",300,200,true],"medium_large":["https:\/\/opinionpublica.com.ar\/index\/wp-content\/uploads\/2024\/11\/martin-gunter-20221208-105-dsc-8880-editada-ushuaia-768x511.jpg",640,426,true],"large":["https:\/\/opinionpublica.com.ar\/index\/wp-content\/uploads\/2024\/11\/martin-gunter-20221208-105-dsc-8880-editada-ushuaia-1024x681.jpg",640,426,true],"1536x1536":["https:\/\/opinionpublica.com.ar\/index\/wp-content\/uploads\/2024\/11\/martin-gunter-20221208-105-dsc-8880-editada-ushuaia.jpg",1503,1000,false],"2048x2048":["https:\/\/opinionpublica.com.ar\/index\/wp-content\/uploads\/2024\/11\/martin-gunter-20221208-105-dsc-8880-editada-ushuaia.jpg",1503,1000,false],"morenews-large":["https:\/\/opinionpublica.com.ar\/index\/wp-content\/uploads\/2024\/11\/martin-gunter-20221208-105-dsc-8880-editada-ushuaia-825x575.jpg",825,575,true],"morenews-medium":["https:\/\/opinionpublica.com.ar\/index\/wp-content\/uploads\/2024\/11\/martin-gunter-20221208-105-dsc-8880-editada-ushuaia-590x410.jpg",590,410,true]},"author_info":{"display_name":"RKing","author_link":"https:\/\/opinionpublica.com.ar\/index\/author\/rking\/"},"category_info":"<a href=\"https:\/\/opinionpublica.com.ar\/index\/category\/tierra-del-fuego\/\" rel=\"category tag\">Tierra del Fuego<\/a>","tag_info":"Tierra del Fuego","comment_count":"0","_links":{"self":[{"href":"https:\/\/opinionpublica.com.ar\/index\/wp-json\/wp\/v2\/posts\/7388","targetHints":{"allow":["GET"]}}],"collection":[{"href":"https:\/\/opinionpublica.com.ar\/index\/wp-json\/wp\/v2\/posts"}],"about":[{"href":"https:\/\/opinionpublica.com.ar\/index\/wp-json\/wp\/v2\/types\/post"}],"author":[{"embeddable":true,"href":"https:\/\/opinionpublica.com.ar\/index\/wp-json\/wp\/v2\/users\/8"}],"replies":[{"embeddable":true,"href":"https:\/\/opinionpublica.com.ar\/index\/wp-json\/wp\/v2\/comments?post=7388"}],"version-history":[{"count":1,"href":"https:\/\/opinionpublica.com.ar\/index\/wp-json\/wp\/v2\/posts\/7388\/revisions"}],"predecessor-version":[{"id":7391,"href":"https:\/\/opinionpublica.com.ar\/index\/wp-json\/wp\/v2\/posts\/7388\/revisions\/7391"}],"wp:featuredmedia":[{"embeddable":true,"href":"https:\/\/opinionpublica.com.ar\/index\/wp-json\/wp\/v2\/media\/7389"}],"wp:attachment":[{"href":"https:\/\/opinionpublica.com.ar\/index\/wp-json\/wp\/v2\/media?parent=7388"}],"wp:term":[{"taxonomy":"category","embeddable":true,"href":"https:\/\/opinionpublica.com.ar\/index\/wp-json\/wp\/v2\/categories?post=7388"},{"taxonomy":"post_tag","embeddable":true,"href":"https:\/\/opinionpublica.com.ar\/index\/wp-json\/wp\/v2\/tags?post=7388"}],"curies":[{"name":"wp","href":"https:\/\/api.w.org\/{rel}","templated":true}]}}