{"id":7396,"date":"2024-11-25T11:38:07","date_gmt":"2024-11-25T14:38:07","guid":{"rendered":"https:\/\/opinionpublica.com.ar\/index\/?p=7396"},"modified":"2024-11-25T11:38:07","modified_gmt":"2024-11-25T14:38:07","slug":"el-presidente-del-superior-tribunal-de-justicia-juez-gonzalo-sagastume-anuncio-cambios","status":"publish","type":"post","link":"https:\/\/opinionpublica.com.ar\/index\/el-presidente-del-superior-tribunal-de-justicia-juez-gonzalo-sagastume-anuncio-cambios\/","title":{"rendered":"El presidente del Superior Tribunal de Justicia, juez Gonzalo Sagastume anunci\u00f3 cambios"},"content":{"rendered":"<div class=\"entry-meta category-meta\"><\/div>\n<header class=\"entry-header\">\n<div class=\"entry-meta\">\n<div class=\"by-author vcard author\"><strong>El presidente del Superior Tribunal de Justicia, juez Gonzalo Sagastume anunci\u00f3 cambios.<\/strong><\/div>\n<\/div>\n<\/header>\n<div class=\"entry-content\">\n<p class=\"wp-block-heading\">El presidente del Superior Tribunal de Justicia, juez Gonzalo Sagastume, encabez\u00f3 la presentaci\u00f3n, ante los legisladores, del presupuesto 2025 para el Poder Judicial, se\u00f1alando que los principales ejes apuntan a los cambios en materia jurisdiccional para \u201cpoder darle celeridad a los procesos como la oralidad y el sistema acusatorio, la modernizaci\u00f3n tecnol\u00f3gica y una mejor infraestructura edilicia\u201d.<\/p>\n<p><a href=\"https:\/\/opinionpublica.com.ar\/index\/wp-content\/uploads\/2024\/11\/20191209160529_20190624114711_sagastume-juez-Gonzalo-Sagastume.jpg\"><img fetchpriority=\"high\" decoding=\"async\" class=\"alignnone size-full wp-image-7397\" src=\"https:\/\/opinionpublica.com.ar\/index\/wp-content\/uploads\/2024\/11\/20191209160529_20190624114711_sagastume-juez-Gonzalo-Sagastume.jpg\" alt=\"\" width=\"880\" height=\"586\" srcset=\"https:\/\/opinionpublica.com.ar\/index\/wp-content\/uploads\/2024\/11\/20191209160529_20190624114711_sagastume-juez-Gonzalo-Sagastume.jpg 880w, https:\/\/opinionpublica.com.ar\/index\/wp-content\/uploads\/2024\/11\/20191209160529_20190624114711_sagastume-juez-Gonzalo-Sagastume-300x200.jpg 300w, https:\/\/opinionpublica.com.ar\/index\/wp-content\/uploads\/2024\/11\/20191209160529_20190624114711_sagastume-juez-Gonzalo-Sagastume-768x511.jpg 768w\" sizes=\"(max-width: 880px) 100vw, 880px\" \/><\/a><\/p>\n<p>\u201cEste presupuesto abarca tanto las cuestiones jurisdiccionales como aquellas referidas a materia edilicia. En este aspecto, nuestro objetivo es pasar de edificios locados a propios, como lo vinimos haciendo este a\u00f1o con material reciclado propio y con obras llevadas adelante por nuestra gente. Ciertamente, para otras nuevas obras necesitamos otros recursos\u201d, dijo Sagastume, quien estuvo acompa\u00f1ado por el Secretario de Superintendencia y Administraci\u00f3n, Alejandro Sherriff; el prosecretario de Administraci\u00f3n, Guillermo Pedemonte y el administrador, Gustavo Zamora.<\/p>\n<p>Sagastume expuso \u201cque en materia de infraestructura edilicia este a\u00f1o se avanz\u00f3 muy fuerte en nuevos espacios de trabajo con los recursos de los que dispon\u00edamos, en un contexto general de restricciones presupuestarias, apalancados en recursos existentes y con mano de obra del propio Poder Judicial\u201d.<\/p>\n<p>\u201cSe crearon cuatro nuevas salas de oralidad, lo que implica poner a disposici\u00f3n de los actores del sistema judicial y de la ciudadan\u00eda espacios vers\u00e1tiles que aceleran los procesos y favorecen la inmediaci\u00f3n de las personas con quienes tienen que resolver sus conflictos\u201d, precis\u00f3.<\/p>\n<p>Detall\u00f3 que se prev\u00e9 lanzar los procesos de licitaci\u00f3n del edificio de Gobernador Paz y Fadul, la morgue judicial en Distrito Judicial Sur y el laboratorio de an\u00e1lisis cl\u00ednicos y toxicol\u00f3gicos en R\u00edo Grande. \u201cTenemos los profesionales y el espacio f\u00edsico, por lo que es importante poner en marcha la obra. Esto evitar\u00e1 que tengamos que enviar los an\u00e1lisis fuera de la provincia y generar\u00e1 un ahorro en tiempo y recursos, que impactan en un servicio m\u00e1s \u00e1gil de cara al justiciable\u201d, dijo.<\/p>\n<p>Luego el Dr. Sherriff brind\u00f3 detalles de los incisos referidos al personal, donde se\u00f1al\u00f3 que no hay ninguna modificaci\u00f3n respecto al presentado para el 2024, con una planta de 969 personas.<\/p>\n<p>Puntualiz\u00f3 que \u201cuno de los ejes es continuar con la inversi\u00f3n en infraestructura y equipamiento inform\u00e1tico ya que desde 2021 se viene llevando adelante el Proyecto de Modernizaci\u00f3n y Digitalizaci\u00f3n del Poder Judicial (PMyD), una pol\u00edtica p\u00fablica trazada por los cinco ministros del STJ\u201d.<\/p>\n<p>\u201cHoy con orgullo podemos decir que desde el \u00faltimo semestre en todos los fueros se utiliza el expediente digital. Eso nos pone en l\u00ednea con las jurisdicciones m\u00e1s avanzadas del pa\u00eds y representa un servicio de justicia m\u00e1s cercano, accesible y \u00e1gil\u201d, asegur\u00f3. Afirm\u00f3 tambi\u00e9n que \u201clas inversiones en infraestructura inform\u00e1tica, servidores y seguridad inform\u00e1tica, adem\u00e1s de la migraci\u00f3n a un sistema de almacenamiento en nube digital son medulares y en ese proceso estamos\u201d, asegur\u00f3.<\/p>\n<p>&nbsp;<\/p>\n<\/div>\n","protected":false},"excerpt":{"rendered":"<p>El presidente del Superior Tribunal de Justicia, juez Gonzalo Sagastume anunci\u00f3 cambios. El presidente del Superior Tribunal de<\/p>\n","protected":false},"author":8,"featured_media":7397,"comment_status":"open","ping_status":"open","sticky":false,"template":"","format":"standard","meta":{"footnotes":""},"categories":[2],"tags":[1133,2814,2074,2815,2816,5,6],"class_list":["post-7396","post","type-post","status-publish","format-standard","has-post-thumbnail","hentry","category-tierra-del-fuego","tag-cambios","tag-celeridad","tag-poder-judicial","tag-procesos","tag-sagastume","tag-tierra-del-fuego","tag-ushuaia"],"featured_image_urls":{"full":["https:\/\/opinionpublica.com.ar\/index\/wp-content\/uploads\/2024\/11\/20191209160529_20190624114711_sagastume-juez-Gonzalo-Sagastume.jpg",880,586,false],"thumbnail":["https:\/\/opinionpublica.com.ar\/index\/wp-content\/uploads\/2024\/11\/20191209160529_20190624114711_sagastume-juez-Gonzalo-Sagastume-150x150.jpg",150,150,true],"medium":["https:\/\/opinionpublica.com.ar\/index\/wp-content\/uploads\/2024\/11\/20191209160529_20190624114711_sagastume-juez-Gonzalo-Sagastume-300x200.jpg",300,200,true],"medium_large":["https:\/\/opinionpublica.com.ar\/index\/wp-content\/uploads\/2024\/11\/20191209160529_20190624114711_sagastume-juez-Gonzalo-Sagastume-768x511.jpg",640,426,true],"large":["https:\/\/opinionpublica.com.ar\/index\/wp-content\/uploads\/2024\/11\/20191209160529_20190624114711_sagastume-juez-Gonzalo-Sagastume.jpg",640,426,false],"1536x1536":["https:\/\/opinionpublica.com.ar\/index\/wp-content\/uploads\/2024\/11\/20191209160529_20190624114711_sagastume-juez-Gonzalo-Sagastume.jpg",880,586,false],"2048x2048":["https:\/\/opinionpublica.com.ar\/index\/wp-content\/uploads\/2024\/11\/20191209160529_20190624114711_sagastume-juez-Gonzalo-Sagastume.jpg",880,586,false],"morenews-large":["https:\/\/opinionpublica.com.ar\/index\/wp-content\/uploads\/2024\/11\/20191209160529_20190624114711_sagastume-juez-Gonzalo-Sagastume-825x575.jpg",825,575,true],"morenews-medium":["https:\/\/opinionpublica.com.ar\/index\/wp-content\/uploads\/2024\/11\/20191209160529_20190624114711_sagastume-juez-Gonzalo-Sagastume-590x410.jpg",590,410,true]},"author_info":{"display_name":"RKing","author_link":"https:\/\/opinionpublica.com.ar\/index\/author\/rking\/"},"category_info":"<a href=\"https:\/\/opinionpublica.com.ar\/index\/category\/tierra-del-fuego\/\" rel=\"category tag\">Tierra del Fuego<\/a>","tag_info":"Tierra del Fuego","comment_count":"0","_links":{"self":[{"href":"https:\/\/opinionpublica.com.ar\/index\/wp-json\/wp\/v2\/posts\/7396","targetHints":{"allow":["GET"]}}],"collection":[{"href":"https:\/\/opinionpublica.com.ar\/index\/wp-json\/wp\/v2\/posts"}],"about":[{"href":"https:\/\/opinionpublica.com.ar\/index\/wp-json\/wp\/v2\/types\/post"}],"author":[{"embeddable":true,"href":"https:\/\/opinionpublica.com.ar\/index\/wp-json\/wp\/v2\/users\/8"}],"replies":[{"embeddable":true,"href":"https:\/\/opinionpublica.com.ar\/index\/wp-json\/wp\/v2\/comments?post=7396"}],"version-history":[{"count":1,"href":"https:\/\/opinionpublica.com.ar\/index\/wp-json\/wp\/v2\/posts\/7396\/revisions"}],"predecessor-version":[{"id":7398,"href":"https:\/\/opinionpublica.com.ar\/index\/wp-json\/wp\/v2\/posts\/7396\/revisions\/7398"}],"wp:featuredmedia":[{"embeddable":true,"href":"https:\/\/opinionpublica.com.ar\/index\/wp-json\/wp\/v2\/media\/7397"}],"wp:attachment":[{"href":"https:\/\/opinionpublica.com.ar\/index\/wp-json\/wp\/v2\/media?parent=7396"}],"wp:term":[{"taxonomy":"category","embeddable":true,"href":"https:\/\/opinionpublica.com.ar\/index\/wp-json\/wp\/v2\/categories?post=7396"},{"taxonomy":"post_tag","embeddable":true,"href":"https:\/\/opinionpublica.com.ar\/index\/wp-json\/wp\/v2\/tags?post=7396"}],"curies":[{"name":"wp","href":"https:\/\/api.w.org\/{rel}","templated":true}]}}