{"id":7427,"date":"2024-11-26T11:22:56","date_gmt":"2024-11-26T14:22:56","guid":{"rendered":"https:\/\/opinionpublica.com.ar\/index\/?p=7427"},"modified":"2024-11-26T11:22:56","modified_gmt":"2024-11-26T14:22:56","slug":"melella-le-pidio-a-libertarios-que-hablen-con-nacion-por-los-fondos-guardados","status":"publish","type":"post","link":"https:\/\/opinionpublica.com.ar\/index\/melella-le-pidio-a-libertarios-que-hablen-con-nacion-por-los-fondos-guardados\/","title":{"rendered":"Melella le pidi\u00f3 a \u201cLibertarios\u201d que hablen con Naci\u00f3n por los fondos \u201cguardados\u201d"},"content":{"rendered":"<p class=\"post-title entry-title fittexted_for_single_post_title\"><strong>Melella le pidi\u00f3 a \u201cLibertarios\u201d que hablen con Naci\u00f3n por los fondos \u201cguardados\u201d<\/strong><\/p>\n<div>\n<div>\n<p>Diversos temas fueron abordados este lunes por el gobernador Gustavo Melella, en contacto con la prensa. Ante las cr\u00edticas del diputado Pauli por la situaci\u00f3n energ\u00e9tica, respondi\u00f3 que \u201copina sin conocimiento. Tienen que trabajar m\u00e1s y le pedimos que nos ayuden a destrabar los fondos que la Naci\u00f3n tiene guardados\u201d.<span id=\"more-312870\"><\/span><\/p>\n<p><a href=\"https:\/\/opinionpublica.com.ar\/index\/wp-content\/uploads\/2024\/08\/cnne-823752-gustavo-melella.jpeg\"><img fetchpriority=\"high\" decoding=\"async\" class=\"alignnone size-full wp-image-4909\" src=\"https:\/\/opinionpublica.com.ar\/index\/wp-content\/uploads\/2024\/08\/cnne-823752-gustavo-melella.jpeg\" alt=\"\" width=\"1480\" height=\"833\" srcset=\"https:\/\/opinionpublica.com.ar\/index\/wp-content\/uploads\/2024\/08\/cnne-823752-gustavo-melella.jpeg 1480w, https:\/\/opinionpublica.com.ar\/index\/wp-content\/uploads\/2024\/08\/cnne-823752-gustavo-melella-300x169.jpeg 300w, https:\/\/opinionpublica.com.ar\/index\/wp-content\/uploads\/2024\/08\/cnne-823752-gustavo-melella-1024x576.jpeg 1024w, https:\/\/opinionpublica.com.ar\/index\/wp-content\/uploads\/2024\/08\/cnne-823752-gustavo-melella-768x432.jpeg 768w\" sizes=\"(max-width: 1480px) 100vw, 1480px\" \/><\/a><\/p>\n<p>Hubo un fin de semana complicado para la capital de la provincia, tercer fin de semana sin luz.<\/p>\n<p>No, son cosas distintas. Lo que pasa es que por ah\u00ed hay que aclarar. Dos fines de semana fueron cortes programados porque se cambi\u00f3 toda una central nueva que ten\u00eda m\u00e1s de 30, 40 a\u00f1os. Para hacer eso, protegiendo la vida de quienes trabajan y cuidando los equipos, se hicieron cortes de luz programada. Entonces, no es que no hubo luz porque hubo una falla, \u00bfno? Para mejorar much\u00edsimo el sistema.<br \/>\nEste s\u00e1bado hubo una complicaci\u00f3n que fue en un sistema y que se est\u00e1 reparando. Todos sabemos que los equipos son viejos. Estamos esperando que tengamos el Fondo de Ampliaci\u00f3n de la Matriz Productiva disponible para renovarlo. Si no, ya estamos buscando otro financiamiento.<\/p>\n<p><strong>\u00bfQu\u00e9 opina sobre las cr\u00edticas del diputado Santiago Pauli?<\/strong><\/p>\n<p>\u201cNo, no opino cuando se habla con tanta ligereza, sin conocimiento. Tienen que trabajar m\u00e1s. Que nos ayuden a destrabar los fondos de la Naci\u00f3n que est\u00e1n ah\u00ed guardados\u201d.<\/p>\n<p><strong>\u00bfQu\u00e9 pasa con esos 136.000 millones del Fondo de Ampliaci\u00f3n Productiva?<\/strong><\/p>\n<p>\u201cY habr\u00eda que preguntarle. Nosotros estamos pidiendo a la Naci\u00f3n que se aplique en uno de los proyectos de la provincia, justamente la renovaci\u00f3n o la mejora, el arreglo del parque de generaci\u00f3n. Que quiero aclarar una cosa. Se present\u00f3 hace m\u00e1s de un a\u00f1o. Hace poco se actualizaron los precios porque nos permitieron actualizar precios. Pero viene hace mucho tiempo. No solo este gobierno, \u00bfeh? El gobierno nacional anterior tambi\u00e9n viene sin ejecutar esos fondos.<br \/>\nEntonces, la verdad que lo que deseamos es que se ejecuten. Y le pido a los legisladores y diputados de la Libertad Avanza que est\u00e1 bien. Yo digo que est\u00e1 bueno que hagan pol\u00edtica contra el gobernador. Est\u00e1 bueno. Ahora, que nos ayuden a que los fondos lleguen. Porque en el mes de agosto tambi\u00e9n, digo, autoridades nacionales, junto a referentes de la Libertad Avanza de nuestra provincia, anunciaron los fondos de CAF. Y los fondos de CAF todav\u00eda no avanzan\u201d.<\/p>\n<p><strong>\u00bfHay otros incumplimientos? Porque se hab\u00eda firmado justamente un convenio por los fondos tambi\u00e9n de obra p\u00fablica. \u00bfLos ha enviado la Naci\u00f3n?<\/strong><\/p>\n<p>\u201cNo, no lo ha enviado todav\u00eda\u201d.<\/p>\n<p><strong>Con respecto al Presupuesto, ya lleva varios recortes por las pol\u00edticas nacionales. \u00bfCu\u00e1l va a ser finalmente el monto que se va a presentar?<\/strong><\/p>\n<p>\u201cBueno, ah\u00ed ya est\u00e1 la presentaci\u00f3n. Es un problema que tenemos en la provincia. Por eso uno insiste a veces en la reforma de la Constituci\u00f3n. Porque present\u00e1s un proyecto un mes antes con variables econ\u00f3micas que no existen. Que son, a ver, intuiciones que pueden llegar a haber. Y despu\u00e9s hay que, de vuelta, modificar todo. Entonces, la verdad que lo que deseamos es que sea nuestro presupuesto, es un presupuesto equilibrado, donde se va bajando el d\u00e9ficit, pero sin recortar el beneficio a los fueguinos y las fueguinas\u201d.<\/p>\n<p><strong>Gobernador, de obra p\u00fablica todav\u00eda no se ha enviado. \u00bfCu\u00e1nto falta desde Naci\u00f3n para que llegue a la provincia?<\/strong><\/p>\n<p>\u201cAy, no s\u00e9, habr\u00eda que preguntarle a la Naci\u00f3n. A nosotros nos deben hoy todo ese convenio firmado. Se debe en su totalidad, muy poquito han pagado. Creemos que la Naci\u00f3n est\u00e1 haciendo el reordenamiento que va a llegar. Deseamos que llegue cuanto antes, porque es obra p\u00fablica muy necesaria. Porque tiene que ver con la reactivaci\u00f3n del empleo. Pero tambi\u00e9n tiene que ver con obras que necesitan los fueguinos y las fueguinas\u201d.<\/p>\n<p><strong>Gobernador, \u00bfqu\u00e9 pasa con la reforma de la Constituci\u00f3n provincial?<\/strong><\/p>\n<p>\u201cEst\u00e1 vigente y est\u00e1 en manos hoy del Superior Tribunal de Justicia.<br \/>\nNosotros hemos hecho la presentaci\u00f3n que corresponde y bueno, nada, de esperar\u201d.<\/p>\n<p><strong>\u00bfQu\u00e9 lectura se puede dar con el acercamiento con el Intendente Vuoto?<\/strong><\/p>\n<p>\u201cNo, yo tengo acercamiento con los tres intendentes. Hablo con Mart\u00edn, con Mart\u00edn he hablado estos d\u00edas. Hablo con Daniel, hablo con Walter. Digo, con los tres intendentes hablo como hablo con todos los legisladores que se puede hablar.<br \/>\nEl objetivo con los tres intendentes es la transformaci\u00f3n de la provincia. Es defender el empleo, defender la industria. Hacernos crecer. Que los fueguinos y las fueguinas estemos mejor. Eso es lo que tenemos en com\u00fan. Despu\u00e9s, cada uno tiene sus deseos, sus expectativas que es v\u00e1lido, es valedero y es bueno. Pero bueno, hoy el objetivo que nos une es que los fueguinos y las fueguinas est\u00e9n mejor\u201d.<\/p>\n<p><strong>\u00bfQu\u00e9 pasa con la coparticipaci\u00f3n a los municipios?, \u00bfse va a recortar finalmente, por ejemplo, el impuesto inmobiliario?<\/strong><\/p>\n<p>\u201cNo, no, el otro d\u00eda creo que alguno de los legisladores que nunca hubo tanta predisposici\u00f3n de un gobierno en cumplir con los env\u00edos de fondos de coparticipaci\u00f3n como este\u201d.<\/p>\n<p><strong>Est\u00e1 bien, bueno, pero \u00bfy el impuesto inmobiliario que hoy lo estaban cobrando los municipios y que por un fallo judicial se lo otorga el gobierno? \u00bfDe qu\u00e9 depende esta negociaci\u00f3n?<\/strong><\/p>\n<p>\u201cNo, de nada, porque no es nada a cambio de nada. Hay un fallo judicial de la Corte, est\u00e1 el fiscal de Estado, digo, porque a veces al gobernador le ser\u00eda f\u00e1cil, bueno, que siga todo as\u00ed y despu\u00e9s cualquiera te denuncia.<\/p>\n<p>\u00bfUstedes tienen la capacidad, digamos, hoy de realizar la recaudaci\u00f3n de esto? Pero digo, lo que dice la ley incluso es que los municipios podr\u00edan seguir recaudando y en realidad es un porcentaje del crecimiento de lo extraordinario que ir\u00eda la provincia. Pero digo, hoy no es un tema en debate para nosotros\u201d.<\/p>\n<p><strong>\u00bfQu\u00e9 pasa con el sector docente? Estamos finalizando el a\u00f1o y gran parte de los pueblos no han tenido clases.<\/strong><\/p>\n<p>\u201cComo todos los empleados p\u00fablicos y privados, el Estado, en este caso, ha hecho el mejor salario docente posible. Porque no solamente es el salario del docente, es el del m\u00e9dico, el del enfermero, de Protecci\u00f3n Civil que dan su vida, de la polic\u00eda que da su vida, de todos, dentro de lo que hay en esta gran baja de recaudaci\u00f3n que hay, porque de eso, digo, todos somos conscientes, ser\u00e1 el mejor salario posible. Entendemos que no es suficiente, y no, por el contexto inflacionario que tuvimos, que todav\u00eda vivimos, por el precio de alquileres, no es. Ahora, es el mejor salario docente posible. Y nosotros tenemos claro, lo que yo le pido siempre a los docentes es, discutamos todo lo que tengamos que discutir, discutamos salarios, calidad educativa, infraestructura, pero con los chicos en las aulas.<br \/>\nNosotros seguimos en di\u00e1logo permanente, pero le pedimos a los docentes que por favor, con los chicos adentro\u201d.<\/p>\n<p>&nbsp;<\/p>\n<\/div>\n<\/div>\n","protected":false},"excerpt":{"rendered":"<p>Melella le pidi\u00f3 a \u201cLibertarios\u201d que hablen con Naci\u00f3n por los fondos \u201cguardados\u201d Diversos temas fueron abordados este<\/p>\n","protected":false},"author":8,"featured_media":3414,"comment_status":"open","ping_status":"open","sticky":false,"template":"","format":"standard","meta":{"footnotes":""},"categories":[2],"tags":[134],"class_list":["post-7427","post","type-post","status-publish","format-standard","has-post-thumbnail","hentry","category-tierra-del-fuego","tag-gustavo-melella"],"featured_image_urls":{"full":["https:\/\/opinionpublica.com.ar\/index\/wp-content\/uploads\/2024\/05\/melella-1.jpg",1280,720,false],"thumbnail":["https:\/\/opinionpublica.com.ar\/index\/wp-content\/uploads\/2024\/05\/melella-1-150x150.jpg",150,150,true],"medium":["https:\/\/opinionpublica.com.ar\/index\/wp-content\/uploads\/2024\/05\/melella-1-300x169.jpg",300,169,true],"medium_large":["https:\/\/opinionpublica.com.ar\/index\/wp-content\/uploads\/2024\/05\/melella-1-768x432.jpg",640,360,true],"large":["https:\/\/opinionpublica.com.ar\/index\/wp-content\/uploads\/2024\/05\/melella-1-1024x576.jpg",640,360,true],"1536x1536":["https:\/\/opinionpublica.com.ar\/index\/wp-content\/uploads\/2024\/05\/melella-1.jpg",1280,720,false],"2048x2048":["https:\/\/opinionpublica.com.ar\/index\/wp-content\/uploads\/2024\/05\/melella-1.jpg",1280,720,false],"morenews-large":["https:\/\/opinionpublica.com.ar\/index\/wp-content\/uploads\/2024\/05\/melella-1-825x575.jpg",825,575,true],"morenews-medium":["https:\/\/opinionpublica.com.ar\/index\/wp-content\/uploads\/2024\/05\/melella-1-590x410.jpg",590,410,true]},"author_info":{"display_name":"RKing","author_link":"https:\/\/opinionpublica.com.ar\/index\/author\/rking\/"},"category_info":"<a href=\"https:\/\/opinionpublica.com.ar\/index\/category\/tierra-del-fuego\/\" rel=\"category tag\">Tierra del Fuego<\/a>","tag_info":"Tierra del Fuego","comment_count":"0","_links":{"self":[{"href":"https:\/\/opinionpublica.com.ar\/index\/wp-json\/wp\/v2\/posts\/7427","targetHints":{"allow":["GET"]}}],"collection":[{"href":"https:\/\/opinionpublica.com.ar\/index\/wp-json\/wp\/v2\/posts"}],"about":[{"href":"https:\/\/opinionpublica.com.ar\/index\/wp-json\/wp\/v2\/types\/post"}],"author":[{"embeddable":true,"href":"https:\/\/opinionpublica.com.ar\/index\/wp-json\/wp\/v2\/users\/8"}],"replies":[{"embeddable":true,"href":"https:\/\/opinionpublica.com.ar\/index\/wp-json\/wp\/v2\/comments?post=7427"}],"version-history":[{"count":1,"href":"https:\/\/opinionpublica.com.ar\/index\/wp-json\/wp\/v2\/posts\/7427\/revisions"}],"predecessor-version":[{"id":7428,"href":"https:\/\/opinionpublica.com.ar\/index\/wp-json\/wp\/v2\/posts\/7427\/revisions\/7428"}],"wp:featuredmedia":[{"embeddable":true,"href":"https:\/\/opinionpublica.com.ar\/index\/wp-json\/wp\/v2\/media\/3414"}],"wp:attachment":[{"href":"https:\/\/opinionpublica.com.ar\/index\/wp-json\/wp\/v2\/media?parent=7427"}],"wp:term":[{"taxonomy":"category","embeddable":true,"href":"https:\/\/opinionpublica.com.ar\/index\/wp-json\/wp\/v2\/categories?post=7427"},{"taxonomy":"post_tag","embeddable":true,"href":"https:\/\/opinionpublica.com.ar\/index\/wp-json\/wp\/v2\/tags?post=7427"}],"curies":[{"name":"wp","href":"https:\/\/api.w.org\/{rel}","templated":true}]}}