{"id":7521,"date":"2024-11-28T11:11:47","date_gmt":"2024-11-28T14:11:47","guid":{"rendered":"https:\/\/opinionpublica.com.ar\/index\/?p=7521"},"modified":"2024-11-28T11:11:47","modified_gmt":"2024-11-28T14:11:47","slug":"estado-de-alerta-entre-los-trabajadores-de-bgh-por-las-medidas-del-gobierno","status":"publish","type":"post","link":"https:\/\/opinionpublica.com.ar\/index\/estado-de-alerta-entre-los-trabajadores-de-bgh-por-las-medidas-del-gobierno\/","title":{"rendered":"Estado de alerta entre los trabajadores de BGH por las medidas del gobierno"},"content":{"rendered":"<article class=\"articulo-simple text-right my-4\">\n<div class=\"container\">\n<div class=\"text-left mx-auto\">\n<header>\n<div class=\"pl-lg-5\">\n<div class=\"title mt-2\">\n<p><strong>Estado de alerta entre los trabajadores de BGH por las medidas del gobierno.<\/strong><\/p>\n<\/div>\n<div class=\"subtitle\">\n<p>Seg\u00fan denunci\u00f3 la UOM, la empresa encargada de la producci\u00f3n del programa Conectar Igualdad estar\u00eda por despedir a 162 trabajadores por la quita del arancel del 35 por ciento a la importanci\u00f3n de productos inform\u00e1ticos. Adem\u00e1s, hay 400 contratos en riesgo.<\/p>\n<\/div>\n<\/div>\n<div class=\"img-container mt-3\"><\/div>\n<div class=\"row d-flex\"><a href=\"https:\/\/opinionpublica.com.ar\/index\/wp-content\/uploads\/2024\/11\/486134-bgh-tierra-del-fuego.webp\"><img fetchpriority=\"high\" decoding=\"async\" class=\"alignnone size-full wp-image-7523\" src=\"https:\/\/opinionpublica.com.ar\/index\/wp-content\/uploads\/2024\/11\/486134-bgh-tierra-del-fuego.webp\" alt=\"\" width=\"1280\" height=\"721\" srcset=\"https:\/\/opinionpublica.com.ar\/index\/wp-content\/uploads\/2024\/11\/486134-bgh-tierra-del-fuego.webp 1280w, https:\/\/opinionpublica.com.ar\/index\/wp-content\/uploads\/2024\/11\/486134-bgh-tierra-del-fuego-300x169.webp 300w, https:\/\/opinionpublica.com.ar\/index\/wp-content\/uploads\/2024\/11\/486134-bgh-tierra-del-fuego-1024x577.webp 1024w, https:\/\/opinionpublica.com.ar\/index\/wp-content\/uploads\/2024\/11\/486134-bgh-tierra-del-fuego-768x433.webp 768w\" sizes=\"(max-width: 1280px) 100vw, 1280px\" \/><\/a><\/div>\n<\/header>\n<section class=\"article-body mt-3\">\n<div class=\"art-column-w-lpadding pl-lg-5\">\n<p>En Tierra del Fuego, la Uni\u00f3n Obrera Metal\u00fargica (UOM) denunci\u00f3 que la empresa Inform\u00e1tica Fueguina Sociedad An\u00f3nima (IFSA), perteneciente a BGH y encargada, entre otras cosas, de la producci\u00f3n de computadoras del programa Conectar Igualdad, est\u00e1 por despedir a 162 trabajadores. Por esa raz\u00f3n, este viernes los empleados realizaron un paro y se declararon en asamblea permanente en la puerta de la f\u00e1brica. El motivo: un decreto que autorizar\u00e1 en marzo el Gobierno para quitar el 35 por ciento de arancel a los productos inform\u00e1ticos inform\u00e1ticos, algo que har\u00eda poco competitiva a la empresa y podr\u00eda llevarla a la quiebra. \u00abNo hay chance de que pase eso, en todo caso los trabajadores ser\u00e1n localizados en otros sector\u00bb, afirmaron desde el sector de la compa\u00f1\u00eda.<\/p>\n<p>Seg\u00fan comunic\u00f3 la empresa en un comunicado oficial, Inform\u00e1tica Fueguina SA (IFSA) \u0093desmiente que haya pedido la quiebra y no existe ninguna raz\u00f3n para que ello suceda\u0094. En el mismo resaltan que la posibilidad de cerrar \u0093no est\u00e1 contemplada en ning\u00fan escenario, que la empresa continuar\u00e1 operando en la Argentina y que no se han producido despidos\u0094. Pero la UOM desmiente esos dichos. Oscar Mart\u00ednez, diputado nacional y secretario general de la organizaci\u00f3n, afirm\u00f3 en la asamblea espont\u00e1nea que armaron los trabajadores en la puerta de la f\u00e1brica que \u0093deben revertir la decisi\u00f3n y garantizar la continuidad laboral de los empleados, porque no est\u00e1 considera la producci\u00f3n para los primeros meses de 2017 y hay cerca de 400 contratos que, si sigue todo as\u00ed, no ser\u00e1n renovados el a\u00f1o que viene\u0094, cont\u00f3 Mart\u00ednez en conferencia de prensa.<\/p>\n<div class=\"widget-text wp_widget_plugin_box ad-120\"><a href=\"https:\/\/opinionpublica.com.ar\/index\/wp-content\/uploads\/2024\/11\/5ffe047230ced-bgh-tierra-del-fuego.jpg\"><img decoding=\"async\" class=\"alignnone size-full wp-image-7522\" src=\"https:\/\/opinionpublica.com.ar\/index\/wp-content\/uploads\/2024\/11\/5ffe047230ced-bgh-tierra-del-fuego.jpg\" alt=\"\" width=\"1021\" height=\"575\" srcset=\"https:\/\/opinionpublica.com.ar\/index\/wp-content\/uploads\/2024\/11\/5ffe047230ced-bgh-tierra-del-fuego.jpg 1021w, https:\/\/opinionpublica.com.ar\/index\/wp-content\/uploads\/2024\/11\/5ffe047230ced-bgh-tierra-del-fuego-300x169.jpg 300w, https:\/\/opinionpublica.com.ar\/index\/wp-content\/uploads\/2024\/11\/5ffe047230ced-bgh-tierra-del-fuego-768x433.jpg 768w\" sizes=\"(max-width: 1021px) 100vw, 1021px\" \/><\/a><\/div>\n<p>Si bien a\u00fan no hay ning\u00fan despido confirmado, desde el sindicato denuncian que un gerente de la compa\u00f1\u00eda les adelant\u00f3 a los trabajadores que en los pr\u00f3ximos d\u00edas podr\u00eda haber despidos masivos. El motivo principal por el que los empleados denuncian estos incipientes despidos est\u00e1 relacionado a la quita del arancel del 35 por ciento a la importaci\u00f3n de productos inform\u00e1ticos que defini\u00f3 el Gobierno de Mauricio Macri desde marzo del a\u00f1o que viene. Esta situaci\u00f3n podr\u00eda generar el fin de la producci\u00f3n. \u0093Est\u00e1n empe\u00f1ados en destruir a la industria fueguina y quieren expulsar a la gente de la provincia de Tierra del Fuego\u00bb, apunt\u00f3 Mart\u00ednez, que agreg\u00f3 que esta situaci\u00f3n podr\u00eda generar en poco tiempo el cierre de la planta industrial de IFSA.<\/p>\n<p>Bajo la denominaci\u00f3n \u00abPositivo BGH\u00bb, la empresa desde 2006 se dedica la producci\u00f3n de notebooks, netbooks y tablets, e incluso fue una de las empresas que fabric\u00f3 equipos para el programa nacional \u00abConectar Igualdad\u00bb.<\/p>\n<\/div>\n<p>&nbsp;<\/p>\n<\/section>\n<\/div>\n<\/div>\n<\/article>\n<aside class=\"row d-none d-sm-none d-md-flex d-lg-flex mt-md-3 mb-md-3 mt-3\">\n<div class=\"col-12 mx-auto\">\n<div class=\"textwidget custom-html-widget\">\n<div class=\"ta-socios-block mx-auto px-3 py-4\">\n<div class=\"socios-header-container d-flex flex-row\">\n<div class=\"content\">\n<div class=\"title\"><\/div>\n<\/div>\n<\/div>\n<\/div>\n<\/div>\n<\/div>\n<\/aside>\n","protected":false},"excerpt":{"rendered":"<p>Estado de alerta entre los trabajadores de BGH por las medidas del gobierno. Seg\u00fan denunci\u00f3 la UOM, la<\/p>\n","protected":false},"author":8,"featured_media":7522,"comment_status":"open","ping_status":"open","sticky":false,"template":"","format":"standard","meta":{"footnotes":""},"categories":[2],"tags":[2470,2848,2849,5,350],"class_list":["post-7521","post","type-post","status-publish","format-standard","has-post-thumbnail","hentry","category-tierra-del-fuego","tag-bgh","tag-conectar-igualdad-despidos","tag-informatica-fueguina","tag-tierra-del-fuego","tag-uom"],"featured_image_urls":{"full":["https:\/\/opinionpublica.com.ar\/index\/wp-content\/uploads\/2024\/11\/5ffe047230ced-bgh-tierra-del-fuego.jpg",1021,575,false],"thumbnail":["https:\/\/opinionpublica.com.ar\/index\/wp-content\/uploads\/2024\/11\/5ffe047230ced-bgh-tierra-del-fuego-150x150.jpg",150,150,true],"medium":["https:\/\/opinionpublica.com.ar\/index\/wp-content\/uploads\/2024\/11\/5ffe047230ced-bgh-tierra-del-fuego-300x169.jpg",300,169,true],"medium_large":["https:\/\/opinionpublica.com.ar\/index\/wp-content\/uploads\/2024\/11\/5ffe047230ced-bgh-tierra-del-fuego-768x433.jpg",640,361,true],"large":["https:\/\/opinionpublica.com.ar\/index\/wp-content\/uploads\/2024\/11\/5ffe047230ced-bgh-tierra-del-fuego.jpg",640,360,false],"1536x1536":["https:\/\/opinionpublica.com.ar\/index\/wp-content\/uploads\/2024\/11\/5ffe047230ced-bgh-tierra-del-fuego.jpg",1021,575,false],"2048x2048":["https:\/\/opinionpublica.com.ar\/index\/wp-content\/uploads\/2024\/11\/5ffe047230ced-bgh-tierra-del-fuego.jpg",1021,575,false],"morenews-large":["https:\/\/opinionpublica.com.ar\/index\/wp-content\/uploads\/2024\/11\/5ffe047230ced-bgh-tierra-del-fuego-825x575.jpg",825,575,true],"morenews-medium":["https:\/\/opinionpublica.com.ar\/index\/wp-content\/uploads\/2024\/11\/5ffe047230ced-bgh-tierra-del-fuego-590x410.jpg",590,410,true]},"author_info":{"display_name":"RKing","author_link":"https:\/\/opinionpublica.com.ar\/index\/author\/rking\/"},"category_info":"<a href=\"https:\/\/opinionpublica.com.ar\/index\/category\/tierra-del-fuego\/\" rel=\"category tag\">Tierra del Fuego<\/a>","tag_info":"Tierra del Fuego","comment_count":"0","_links":{"self":[{"href":"https:\/\/opinionpublica.com.ar\/index\/wp-json\/wp\/v2\/posts\/7521","targetHints":{"allow":["GET"]}}],"collection":[{"href":"https:\/\/opinionpublica.com.ar\/index\/wp-json\/wp\/v2\/posts"}],"about":[{"href":"https:\/\/opinionpublica.com.ar\/index\/wp-json\/wp\/v2\/types\/post"}],"author":[{"embeddable":true,"href":"https:\/\/opinionpublica.com.ar\/index\/wp-json\/wp\/v2\/users\/8"}],"replies":[{"embeddable":true,"href":"https:\/\/opinionpublica.com.ar\/index\/wp-json\/wp\/v2\/comments?post=7521"}],"version-history":[{"count":1,"href":"https:\/\/opinionpublica.com.ar\/index\/wp-json\/wp\/v2\/posts\/7521\/revisions"}],"predecessor-version":[{"id":7524,"href":"https:\/\/opinionpublica.com.ar\/index\/wp-json\/wp\/v2\/posts\/7521\/revisions\/7524"}],"wp:featuredmedia":[{"embeddable":true,"href":"https:\/\/opinionpublica.com.ar\/index\/wp-json\/wp\/v2\/media\/7522"}],"wp:attachment":[{"href":"https:\/\/opinionpublica.com.ar\/index\/wp-json\/wp\/v2\/media?parent=7521"}],"wp:term":[{"taxonomy":"category","embeddable":true,"href":"https:\/\/opinionpublica.com.ar\/index\/wp-json\/wp\/v2\/categories?post=7521"},{"taxonomy":"post_tag","embeddable":true,"href":"https:\/\/opinionpublica.com.ar\/index\/wp-json\/wp\/v2\/tags?post=7521"}],"curies":[{"name":"wp","href":"https:\/\/api.w.org\/{rel}","templated":true}]}}