{"id":7525,"date":"2024-11-28T11:23:32","date_gmt":"2024-11-28T14:23:32","guid":{"rendered":"https:\/\/opinionpublica.com.ar\/index\/?p=7525"},"modified":"2024-11-28T11:23:32","modified_gmt":"2024-11-28T14:23:32","slug":"tadavia-sin-novedades-sobre-la-licitacion-de-la-ruta-7","status":"publish","type":"post","link":"https:\/\/opinionpublica.com.ar\/index\/tadavia-sin-novedades-sobre-la-licitacion-de-la-ruta-7\/","title":{"rendered":"Tadavia sin novedades sobre la licitaci\u00f3n de la Ruta 7"},"content":{"rendered":"<div id=\"tdi_73\" class=\"tdc-row stretch_row_1400 td-stretch-content\">\n<div class=\"vc_row tdi_74  wpb_row td-pb-row tdc-element-style\">\n<div class=\"vc_column tdi_76  wpb_column vc_column_container tdc-column td-pb-span12\">\n<div class=\"wpb_wrapper\">\n<div class=\"td_block_wrap tdb_title tdi_78 tdb-single-title td-pb-border-top td_block_template_1\" data-td-block-uid=\"tdi_78\">\n<div class=\"tdb-block-inner td-fix-index\">\n<p class=\"tdb-title-text\"><strong>Tadavia sin novedades sobre la licitaci\u00f3n de la Ruta 7.<\/strong><\/p>\n<\/div>\n<\/div>\n<\/div>\n<\/div>\n<\/div>\n<\/div>\n<div id=\"tdi_79\" class=\"tdc-row stretch_row_1200 td-stretch-content\">\n<div class=\"vc_row tdi_80  wpb_row td-pb-row\">\n<div class=\"vc_column tdi_82  wpb_column vc_column_container tdc-column td-pb-span8\">\n<div class=\"wpb_wrapper\">\n<div class=\"td_block_wrap tdb_single_content tdi_84 td-pb-border-top td_block_template_1 td-post-content tagdiv-type\" data-td-block-uid=\"tdi_84\">\n<div class=\"tdb-block-inner td-fix-index\">\n<p>A pesar de las expectativas, no hay avances respecto a la empresa ganadora de la licitaci\u00f3n para la Ruta 7. \u00bfQu\u00e9 pasa?<\/p>\n<p>Hace unos d\u00edas, Ileana Zarantonello, presidenta de Vialidad, declar\u00f3 sobre el avance de las obras en la Ruta 7 y asegur\u00f3 que este martes habr\u00edan novedades respecto a la empresa que obtendr\u00eda la licitaci\u00f3n. Sin embargo, hasta el momento no las hay. El periodista Luis Champonay, en su intervenci\u00f3n en FM Master\u2019s, brind\u00f3 algunos detalles sobre el tema.<\/p>\n<p><a href=\"https:\/\/opinionpublica.com.ar\/index\/wp-content\/uploads\/2024\/11\/RUTA-7-tierra-del-fuego.jpeg\"><img fetchpriority=\"high\" decoding=\"async\" class=\"alignnone size-full wp-image-7308\" src=\"https:\/\/opinionpublica.com.ar\/index\/wp-content\/uploads\/2024\/11\/RUTA-7-tierra-del-fuego.jpeg\" alt=\"\" width=\"1280\" height=\"960\" srcset=\"https:\/\/opinionpublica.com.ar\/index\/wp-content\/uploads\/2024\/11\/RUTA-7-tierra-del-fuego.jpeg 1280w, https:\/\/opinionpublica.com.ar\/index\/wp-content\/uploads\/2024\/11\/RUTA-7-tierra-del-fuego-300x225.jpeg 300w, https:\/\/opinionpublica.com.ar\/index\/wp-content\/uploads\/2024\/11\/RUTA-7-tierra-del-fuego-1024x768.jpeg 1024w, https:\/\/opinionpublica.com.ar\/index\/wp-content\/uploads\/2024\/11\/RUTA-7-tierra-del-fuego-768x576.jpeg 768w\" sizes=\"(max-width: 1280px) 100vw, 1280px\" \/><\/a><\/p>\n<p>\u201cLas mismas declaraciones que hizo con ustedes, las realiz\u00f3 con nosotros el d\u00eda lunes si mal no recuerdo. Algo que se\u00f1al\u00f3, que nos qued\u00f3 claro, es que no va a meter m\u00e1quinas en la Ruta 7 porque son recursos que se van a gastar innecesariamente en una calzada que no utiliza nadie y por eso prioriza la ruta complementaria de la provincia\u201d, explic\u00f3 Champonay.<\/p>\n<p>El periodista detall\u00f3 tambi\u00e9n que, seg\u00fan Zarantonello, una vez seleccionada la empresa para continuar con los trabajos en la Ruta 7, se trabajar\u00e1 en paralelo con otras tareas, ya que los trabajos son m\u00ednimos. \u201cYo camin\u00e9 la Ruta 7 de la totalidad de los kil\u00f3metros en un 70% la semana pasada y nos encontramos con la ruta impecable, en \u00f3ptimas condiciones, as\u00ed que los trabajos que hay que hacer son m\u00ednimos. Lo \u00fanico que ten\u00e9s caminando es el ganado vacuno que se cruza de banquina a banquina, algunos guanacos y nada m\u00e1s\u201d, coment\u00f3.<\/p>\n<p>En relaci\u00f3n a la obra del puente Mosconi en R\u00edo Grande, Champonay inform\u00f3 que las obras nunca continuaron. \u201cLo \u00fanico que hicieron son los \u00faltimos trabajos que vimos, despu\u00e9s no avanzaron. Parece que la empresa que tiene la obra tiene una sola m\u00e1quina de asfalto. Ayer estuvimos en Tolhuin y la m\u00e1quina estaba tirando asfalto as\u00ed que claramente no van a poder avanzar ac\u00e1, porque la m\u00e1quina est\u00e1 all\u00ed. Hay que ver tambi\u00e9n si no tiene obras en Ushuaia para que la m\u00e1quina se vaya Ushuaia y despu\u00e9s retorne a R\u00edo Grande y contin\u00faen con el asfalto ac\u00e1\u201d, detall\u00f3.<\/p>\n<\/div>\n<\/div>\n<\/div>\n<\/div>\n<\/div>\n<\/div>\n","protected":false},"excerpt":{"rendered":"<p>Tadavia sin novedades sobre la licitaci\u00f3n de la Ruta 7. A pesar de las expectativas, no hay avances<\/p>\n","protected":false},"author":8,"featured_media":7526,"comment_status":"open","ping_status":"open","sticky":false,"template":"","format":"standard","meta":{"footnotes":""},"categories":[2],"tags":[289,2782],"class_list":["post-7525","post","type-post","status-publish","format-standard","has-post-thumbnail","hentry","category-tierra-del-fuego","tag-licitacion","tag-ruta-7"],"featured_image_urls":{"full":["https:\/\/opinionpublica.com.ar\/index\/wp-content\/uploads\/2024\/11\/fre-1-ruta-7.jpg",880,586,false],"thumbnail":["https:\/\/opinionpublica.com.ar\/index\/wp-content\/uploads\/2024\/11\/fre-1-ruta-7-150x150.jpg",150,150,true],"medium":["https:\/\/opinionpublica.com.ar\/index\/wp-content\/uploads\/2024\/11\/fre-1-ruta-7-300x200.jpg",300,200,true],"medium_large":["https:\/\/opinionpublica.com.ar\/index\/wp-content\/uploads\/2024\/11\/fre-1-ruta-7-768x511.jpg",640,426,true],"large":["https:\/\/opinionpublica.com.ar\/index\/wp-content\/uploads\/2024\/11\/fre-1-ruta-7.jpg",640,426,false],"1536x1536":["https:\/\/opinionpublica.com.ar\/index\/wp-content\/uploads\/2024\/11\/fre-1-ruta-7.jpg",880,586,false],"2048x2048":["https:\/\/opinionpublica.com.ar\/index\/wp-content\/uploads\/2024\/11\/fre-1-ruta-7.jpg",880,586,false],"morenews-large":["https:\/\/opinionpublica.com.ar\/index\/wp-content\/uploads\/2024\/11\/fre-1-ruta-7-825x575.jpg",825,575,true],"morenews-medium":["https:\/\/opinionpublica.com.ar\/index\/wp-content\/uploads\/2024\/11\/fre-1-ruta-7-590x410.jpg",590,410,true]},"author_info":{"display_name":"RKing","author_link":"https:\/\/opinionpublica.com.ar\/index\/author\/rking\/"},"category_info":"<a href=\"https:\/\/opinionpublica.com.ar\/index\/category\/tierra-del-fuego\/\" rel=\"category tag\">Tierra del Fuego<\/a>","tag_info":"Tierra del Fuego","comment_count":"0","_links":{"self":[{"href":"https:\/\/opinionpublica.com.ar\/index\/wp-json\/wp\/v2\/posts\/7525","targetHints":{"allow":["GET"]}}],"collection":[{"href":"https:\/\/opinionpublica.com.ar\/index\/wp-json\/wp\/v2\/posts"}],"about":[{"href":"https:\/\/opinionpublica.com.ar\/index\/wp-json\/wp\/v2\/types\/post"}],"author":[{"embeddable":true,"href":"https:\/\/opinionpublica.com.ar\/index\/wp-json\/wp\/v2\/users\/8"}],"replies":[{"embeddable":true,"href":"https:\/\/opinionpublica.com.ar\/index\/wp-json\/wp\/v2\/comments?post=7525"}],"version-history":[{"count":1,"href":"https:\/\/opinionpublica.com.ar\/index\/wp-json\/wp\/v2\/posts\/7525\/revisions"}],"predecessor-version":[{"id":7527,"href":"https:\/\/opinionpublica.com.ar\/index\/wp-json\/wp\/v2\/posts\/7525\/revisions\/7527"}],"wp:featuredmedia":[{"embeddable":true,"href":"https:\/\/opinionpublica.com.ar\/index\/wp-json\/wp\/v2\/media\/7526"}],"wp:attachment":[{"href":"https:\/\/opinionpublica.com.ar\/index\/wp-json\/wp\/v2\/media?parent=7525"}],"wp:term":[{"taxonomy":"category","embeddable":true,"href":"https:\/\/opinionpublica.com.ar\/index\/wp-json\/wp\/v2\/categories?post=7525"},{"taxonomy":"post_tag","embeddable":true,"href":"https:\/\/opinionpublica.com.ar\/index\/wp-json\/wp\/v2\/tags?post=7525"}],"curies":[{"name":"wp","href":"https:\/\/api.w.org\/{rel}","templated":true}]}}