{"id":7528,"date":"2024-11-29T08:57:50","date_gmt":"2024-11-29T11:57:50","guid":{"rendered":"https:\/\/opinionpublica.com.ar\/index\/?p=7528"},"modified":"2024-11-29T08:57:50","modified_gmt":"2024-11-29T11:57:50","slug":"ricardo-arriazu-pronostico-que-la-economia-creceria-no-menos-de-52-el-ano-que-viene","status":"publish","type":"post","link":"https:\/\/opinionpublica.com.ar\/index\/ricardo-arriazu-pronostico-que-la-economia-creceria-no-menos-de-52-el-ano-que-viene\/","title":{"rendered":"Ricardo Arriazu pronostic\u00f3 que la econom\u00eda crecer\u00eda no menos de 5,2% el a\u00f1o que viene"},"content":{"rendered":"<header class=\"news-headline\">\n<p class=\"news-headline__title\"><strong>Para el economista que mejor ley\u00f3 al Gobierno de Javier Milei, la inflaci\u00f3n de 2025 se ubicar\u00e1 en torno al 20%<\/strong><\/p>\n<p class=\"ignore-parser\">Ricardo Arriazu pronostic\u00f3 que la econom\u00eda crecer\u00eda no menos de 5,2% el a\u00f1o que viene, impulsada por la recuperaci\u00f3n de la actividad, el crecimiento de los salarios y la expansi\u00f3n del cr\u00e9dito.<\/p>\n<\/header>\n<div class=\"banner banner--free-banner\">\n<div class=\"banner__content-wrapper\">\n<div id=\"powerbeans-widget\" class=\"light\">\n<div class=\"App beans-bg-primary beans-relative beans-flex beans-justify-around beans-flex-row beans-py-2 beans-items-center beans-rounded-xl beans-py-1 beans-px-3 beans-drop-shadow-md\">\n<div id=\"powerbeans-player-container\" class=\"!beans-flex beans-items-center beans-justify-center !beans-w-full\">\n<div class=\"!beans-w-full\">\n<div class=\"beans-grid  beans-gap-y-[2px] !beans-leading-[14px] beans-gap-1 beans-mb-3\">\n<div class=\"beans-transition-all beans-duration-700 beans-ease-in-out beans-overflow-hidden beans-opacity-0\">\n<div class=\"beans-transition-all beans-duration-300 beans-ease-in-out beans-ml-auto beans-translate-y-[15% beans-w-[92%]\">\n<div class=\"beans-h-[36px] !beans-flex !beans-grow !beans-justify-between !beans-px-1.5\">\n<div class=\"beans-bg-primary !beans-w-[90%] beans-rounded-lg beans-rounded-t-none !beans-grid !beans-items-center\">\n<div class=\"beans-flex beans-gap-2 beans-w-full beans beans-h-full beans-self-center  !beans-pl-0.5 beans-py-1\">\n<div class=\"!beans-text-[10px] sm:!beans-text-[12.5px] beans-whitespace-nowrap beans-self-center beans-pt-0.5 beans-font-normal !beans-text-primary\"><\/div>\n<div class=\"beans-text-primary !beans-text-[10px] sm:!beans-text-[11.5px] beans-whitespace-nowrap beans-self-center beans-font-semibold beans-pt-0.5\"><\/div>\n<div class=\"beans-hidden md:beans-block !beans-text-[12.5px] beans-whitespace-nowrap beans-self-center beans-pt-0.5 beans-font-normal beans-text-primary beans-px-1\"><\/div>\n<\/div>\n<\/div>\n<\/div>\n<\/div>\n<\/div>\n<div class=\"beans-flex beans-gap-2\">\n<div class=\"beans-grid beans-items-center\">\n<div class=\"beans-pl-[3px] beans-w-[17px] beans-h-[18px] sm:!beans-w-[23px] sm:!beans-h-[23px] beans-flex beans-justify-center\"><\/div>\n<\/div>\n<\/div>\n<\/div>\n<\/div>\n<\/div>\n<\/div>\n<\/div>\n<\/div>\n<\/div>\n<div class=\"detail-highlighted-multimedia content-protected-false\">\n<figure class=\"detail-highlighted-multimedia__figure\"><a href=\"https:\/\/opinionpublica.com.ar\/index\/wp-content\/uploads\/2024\/11\/ricardo-arriazujpeg.webp\"><img fetchpriority=\"high\" decoding=\"async\" class=\"alignnone size-full wp-image-7529\" src=\"https:\/\/opinionpublica.com.ar\/index\/wp-content\/uploads\/2024\/11\/ricardo-arriazujpeg.webp\" alt=\"\" width=\"655\" height=\"368\" srcset=\"https:\/\/opinionpublica.com.ar\/index\/wp-content\/uploads\/2024\/11\/ricardo-arriazujpeg.webp 655w, https:\/\/opinionpublica.com.ar\/index\/wp-content\/uploads\/2024\/11\/ricardo-arriazujpeg-300x169.webp 300w\" sizes=\"(max-width: 655px) 100vw, 655px\" \/><\/a><figcaption class=\"detail-highlighted-multimedia__figcaption\">\n<div class=\"detail-highlighted-multimedia__caption\">\n<p>El economista Ricardo Arriazu.<\/p>\n<\/div>\n<\/figcaption><\/figure>\n<\/div>\n<article class=\"article-body article-body--first-paragraph content-protected-false\" data-td-script-src=\"https:\/\/www.ambito.com\/td\/modulos\/encuestas\/js\/function-embeds-min-version-1732766871.js\"><strong>Ricardo Arriazu,\u00a0<\/strong>el economista que mejor previ\u00f3 la evoluci\u00f3n del programa econ\u00f3mico oficial, calcula que,<strong>\u00a0si el Gobierno se mantiene \u201cduro\u201d en la pol\u00edtica fiscal\u00a0<\/strong>y contin\u00faa<strong>\u00a0interviniendo acertadamente en el mercado de cambios, la inflaci\u00f3n continuar\u00e1 por un sendero descendente culminando el a\u00f1o 2025 con una tasa mensual inferior a 1% y una variaci\u00f3n interanual menor a 20%.<\/strong><\/p>\n<\/article>\n<div class=\"banner banner--free-banner\">\n<div class=\"banner__content-wrapper\">\n<div id=\"ad-slot-outstream\" class=\"ad-slot-outstream ad-slot\" data-lazyload=\"1\" data-adtype=\"outstream\" data-google-query-id=\"CNyMnLe8gYoDFTJbuAQdDpc4Cw\">\n<div id=\"google_ads_iframe_\/78858960\/Ambito\/Not-outstream_0__container__\"><\/div>\n<\/div>\n<\/div>\n<\/div>\n<article class=\"article-body article-body--second-paragraph content-protected-false\">As\u00ed lo se\u00f1al\u00f3 en el marco del tradicional almuerzo de fin de a\u00f1o de la\u00a0<strong>C\u00e1mara de Comercio Suizo Argentina<\/strong>. Fue presentado por el presidente de la entidad,<strong>\u00a0Fernando Bekes,<\/strong>\u00a0quien destac\u00f3 el\u00a0<strong>optimismo\u00a0<\/strong>con que las empresas encaran el 2025 y remarc\u00f3 que constituyen\u00a0<strong>\u201cuna c\u00e1mara que re\u00fane a compa\u00f1\u00edas que miran al largo plazo\u201d.<\/strong><\/p>\n<\/article>\n<div class=\"banner banner--free-banner\">\n<div class=\"banner__content-wrapper\">\n<div id=\"394c8479-8534-4988-9fef-2cb91839b0ef\" class=\"pbs\" data-pbs-root=\"true\" data-pbs-position=\"static\" data-pbs-outstream=\"false\" data-pbs-device=\"desktop\" data-pbs-video-title=\"true\" data-pbs-pagination=\"true\" data-pbs-sticky=\"bottom-right\" data-pbs-size=\"medium\" data-pbs-content=\"loading\" data-pbs-player=\"content\" data-pbs-slot=\"ended\" data-pbs-content-type=\"rss\">\n<div id=\"exp_2a659d6d-7341-4c98-847c-8435b2f59358\" class=\"pbs__player shown\" tabindex=\"0\" role=\"application\" aria-label=\"Video Player\">\n<div id=\"video125395055668469dd-4c03-4326-8211-915dad4e6626\" class=\"pb-stream\" aria-hidden=\"true\">\n<div id=\"__exco_root_container\" class=\" __exco_desktop __exco_root_container\">\n<div id=\"__exco_ad_container_static_ima_0\" class=\"__exco_ad_container\"><\/div>\n<\/div>\n<\/div>\n<\/div>\n<\/div>\n<\/div>\n<\/div>\n<article class=\"article-body article-body--third-paragraph content-protected-false\">Uno de los pasajes de la exposici\u00f3n de Arriazu que mayor inter\u00e9s despert\u00f3 entre los directivos de empresas, fueron sus referencias al\u00a0<strong>cepo cambiario.<\/strong><\/p>\n<\/article>\n<article class=\"article-body article-body--fourth-paragraph content-protected-false\">Dijo\u00a0<strong>\u201cOdio el cepo, pero m\u00e1s odio el colapso social\u201d al tiempo que\u00a0<\/strong>aclar\u00f3 que\u00a0por el momento es necesario porque peor ser\u00eda correr riesgos y recomend\u00f3\u00a0<strong>\u201csacarlo, pero de a poco, cuando se pueda\u201d.\u00a0<\/strong>En este sentido, dijo que es\u00a0<strong>\u201cm\u00e1s importante acumular reservas antes que expandir el cr\u00e9dito\u201d.\u00a0<\/strong>Respecto del sector financiero destac\u00f3 que el cr\u00e9dito creci\u00f3 230% y los dep\u00f3sitos 130% desde abril hasta la fecha.<\/p>\n<\/article>\n<article class=\"article-body article-body--remaining-paragraph content-protected-false\">Tras considerar que con la inflaci\u00f3n no se convive,<strong>\u00a0\u201co se la mata o nos mata a nosotros\u201d,<\/strong>\u00a0ponder\u00f3 el enfoque del equipo econ\u00f3mico que entendi\u00f3 que la Argentina tiene dos unidades de cuenta, el peso y el d\u00f3lar y que\u00a0<strong>es necesario estabilizar ambas<\/strong>\u00a0para lograr bajar la inflaci\u00f3n.\u00a0<strong>En el caso del peso eliminando el d\u00e9ficit fiscal y con intervenciones adecuadas para el d\u00f3lar.<\/strong><\/p>\n<p>Respecto a eventuales fluctuaciones de la divisa, el economista indic\u00f3 que<strong>\u00a0\u201cpara que suba el tipo de cambio real tiene que haber una crisis\u201d,\u00a0<\/strong>escenario que no avizora.<\/p>\n<h2><strong>Crecimiento<\/strong><\/h2>\n<p>Arriazu pronostic\u00f3 que, si el Palacio de Hacienda sigue haciendo las cosas bien,\u00a0<strong>la econom\u00eda crecer\u00eda no menos de 5,2% el a\u00f1o que viene impulsada por la recuperaci\u00f3n de la actividad, el crecimiento de los salarios y la expansi\u00f3n del cr\u00e9dito.<\/strong><\/p>\n<p>Entre los sectores m\u00e1s din\u00e1micos, Arriazu espera<strong>\u00a0para 2025 una expansi\u00f3n de 6% en la producci\u00f3n del campo, 10% en el sector energ\u00e9tico y 15% para la construcci\u00f3n.<\/strong><\/p>\n<p>Tambi\u00e9n remarc\u00f3 el\u00a0<strong>aporte de la energ\u00eda a las exportaciones<\/strong>\u00a0y estim\u00f3 que el a\u00f1o que viene la balanza sectorial podr\u00eda arrojar<strong>\u00a0un super\u00e1vit de 13.000 millones de d\u00f3lares.<\/strong><\/p>\n<p>En suma, estim\u00f3 que la econom\u00eda va a tener un rebote, pero advirti\u00f3 que\u00a0<strong>para crecer \u201ctodav\u00eda hay mucho por hacer\u201d<\/strong>, es decir llevar adelante reformas estructurales.<\/p>\n<p>Manifest\u00f3 su temor de que la \u201cdirigencia pol\u00edtica\u201d no vuelva a impedir que Argentina pueda mantener un crecimiento sostenido. \u201cCada vez que se discute algo en el Parlamento los mercados se asustan\u201d, ejemplific\u00f3.<\/p>\n<p>Sin embargo, sorprendi\u00f3 al auditorio cuando dijo que \u201cMilei result\u00f3 mejor pol\u00edtico que economista\u201d, rescatando la iniciativa de plantear reformas.<\/p>\n<p>Desde este punto de vista se refiri\u00f3 a la historia y destac\u00f3 que a comienzos del siglo pasado se dio el proceso de mayor expansi\u00f3n de la Argentina sobre la base del\u00a0<strong>respeto a la propiedad privada, la independencia de la justicia y la inserci\u00f3n en la econom\u00eda mundial<\/strong>.<\/p>\n<p>&nbsp;<\/p>\n<\/article>\n","protected":false},"excerpt":{"rendered":"<p>Para el economista que mejor ley\u00f3 al Gobierno de Javier Milei, la inflaci\u00f3n de 2025 se ubicar\u00e1 en<\/p>\n","protected":false},"author":8,"featured_media":5920,"comment_status":"open","ping_status":"open","sticky":false,"template":"","format":"standard","meta":{"footnotes":""},"categories":[3],"tags":[362,692,2850],"class_list":["post-7528","post","type-post","status-publish","format-standard","has-post-thumbnail","hentry","category-nacionales","tag-inflacion","tag-javier-milei","tag-ricardo-arriazu"],"featured_image_urls":{"full":["https:\/\/opinionpublica.com.ar\/index\/wp-content\/uploads\/2024\/09\/industria-automotriz-1200x630.original.jpg",1200,630,false],"thumbnail":["https:\/\/opinionpublica.com.ar\/index\/wp-content\/uploads\/2024\/09\/industria-automotriz-1200x630.original-150x150.jpg",150,150,true],"medium":["https:\/\/opinionpublica.com.ar\/index\/wp-content\/uploads\/2024\/09\/industria-automotriz-1200x630.original-300x158.jpg",300,158,true],"medium_large":["https:\/\/opinionpublica.com.ar\/index\/wp-content\/uploads\/2024\/09\/industria-automotriz-1200x630.original-768x403.jpg",640,336,true],"large":["https:\/\/opinionpublica.com.ar\/index\/wp-content\/uploads\/2024\/09\/industria-automotriz-1200x630.original-1024x538.jpg",640,336,true],"1536x1536":["https:\/\/opinionpublica.com.ar\/index\/wp-content\/uploads\/2024\/09\/industria-automotriz-1200x630.original.jpg",1200,630,false],"2048x2048":["https:\/\/opinionpublica.com.ar\/index\/wp-content\/uploads\/2024\/09\/industria-automotriz-1200x630.original.jpg",1200,630,false],"morenews-large":["https:\/\/opinionpublica.com.ar\/index\/wp-content\/uploads\/2024\/09\/industria-automotriz-1200x630.original-825x575.jpg",825,575,true],"morenews-medium":["https:\/\/opinionpublica.com.ar\/index\/wp-content\/uploads\/2024\/09\/industria-automotriz-1200x630.original-590x410.jpg",590,410,true]},"author_info":{"display_name":"RKing","author_link":"https:\/\/opinionpublica.com.ar\/index\/author\/rking\/"},"category_info":"<a href=\"https:\/\/opinionpublica.com.ar\/index\/category\/nacionales\/\" rel=\"category tag\">Nacionales<\/a>","tag_info":"Nacionales","comment_count":"0","_links":{"self":[{"href":"https:\/\/opinionpublica.com.ar\/index\/wp-json\/wp\/v2\/posts\/7528","targetHints":{"allow":["GET"]}}],"collection":[{"href":"https:\/\/opinionpublica.com.ar\/index\/wp-json\/wp\/v2\/posts"}],"about":[{"href":"https:\/\/opinionpublica.com.ar\/index\/wp-json\/wp\/v2\/types\/post"}],"author":[{"embeddable":true,"href":"https:\/\/opinionpublica.com.ar\/index\/wp-json\/wp\/v2\/users\/8"}],"replies":[{"embeddable":true,"href":"https:\/\/opinionpublica.com.ar\/index\/wp-json\/wp\/v2\/comments?post=7528"}],"version-history":[{"count":1,"href":"https:\/\/opinionpublica.com.ar\/index\/wp-json\/wp\/v2\/posts\/7528\/revisions"}],"predecessor-version":[{"id":7530,"href":"https:\/\/opinionpublica.com.ar\/index\/wp-json\/wp\/v2\/posts\/7528\/revisions\/7530"}],"wp:featuredmedia":[{"embeddable":true,"href":"https:\/\/opinionpublica.com.ar\/index\/wp-json\/wp\/v2\/media\/5920"}],"wp:attachment":[{"href":"https:\/\/opinionpublica.com.ar\/index\/wp-json\/wp\/v2\/media?parent=7528"}],"wp:term":[{"taxonomy":"category","embeddable":true,"href":"https:\/\/opinionpublica.com.ar\/index\/wp-json\/wp\/v2\/categories?post=7528"},{"taxonomy":"post_tag","embeddable":true,"href":"https:\/\/opinionpublica.com.ar\/index\/wp-json\/wp\/v2\/tags?post=7528"}],"curies":[{"name":"wp","href":"https:\/\/api.w.org\/{rel}","templated":true}]}}