{"id":7599,"date":"2024-12-03T11:41:41","date_gmt":"2024-12-03T14:41:41","guid":{"rendered":"https:\/\/opinionpublica.com.ar\/index\/?p=7599"},"modified":"2024-12-03T11:41:41","modified_gmt":"2024-12-03T14:41:41","slug":"este-martes-gremios-y-jubilados-se-reunen-por-la-situacion-de-la-osef","status":"publish","type":"post","link":"https:\/\/opinionpublica.com.ar\/index\/este-martes-gremios-y-jubilados-se-reunen-por-la-situacion-de-la-osef\/","title":{"rendered":"Este martes gremios y jubilados se re\u00fanen por la situaci\u00f3n de la OSEF"},"content":{"rendered":"<div class=\"row pb3p\">\n<div class=\"pt3p pb3p col-offset-0 col-md-offset-1 col-12 col-md-11 nota-encabezado\">\n<p class=\"ftitulo cblack fz43 mb15 bold lh50\"><strong>Este martes gremios y jubilados se re\u00fanen por la situaci\u00f3n de la OSEF.<\/strong><\/p>\n<p>El secretario General del SOEM, Manuel Ojeda, comenz\u00f3 mencionando que \u201cestamos movilizados los sindicatos municipales y los jubilados autoconvocados, por el tema del proyecto que anda queriendo presentarse para la OSEF. Por eso a veces por ah\u00ed no tuvimos tiempo esta semana de estar de campa\u00f1a electoral en el gremio, porque la verdad que nos preocupa que justamente en diciembre -cuando llegamos a fin de a\u00f1o, cuando se supone que tenemos que estar descansando- te quieren meter un proyecto por la ventana perjudicando siempre a los trabajadores\u201d, advirti\u00f3 el dirigente municipal.<\/p>\n<p><a href=\"https:\/\/opinionpublica.com.ar\/index\/wp-content\/uploads\/2024\/12\/20241201182032_osef-22-soem-osef.jpg\"><img fetchpriority=\"high\" decoding=\"async\" class=\"alignnone size-full wp-image-7600\" src=\"https:\/\/opinionpublica.com.ar\/index\/wp-content\/uploads\/2024\/12\/20241201182032_osef-22-soem-osef.jpg\" alt=\"\" width=\"880\" height=\"512\" srcset=\"https:\/\/opinionpublica.com.ar\/index\/wp-content\/uploads\/2024\/12\/20241201182032_osef-22-soem-osef.jpg 880w, https:\/\/opinionpublica.com.ar\/index\/wp-content\/uploads\/2024\/12\/20241201182032_osef-22-soem-osef-300x175.jpg 300w, https:\/\/opinionpublica.com.ar\/index\/wp-content\/uploads\/2024\/12\/20241201182032_osef-22-soem-osef-768x447.jpg 768w\" sizes=\"(max-width: 880px) 100vw, 880px\" \/><\/a><\/p>\n<p>Luego se\u00f1al\u00f3 que \u201csi bien este a\u00f1o fue complicado para conseguir un aumento salarial o lograr los aumentos que realmente merec\u00edamos, nos encontramos con que ese ajuste encubierto. Porque, la verdad, que no corresponde sacarle m\u00e1s dinero a los trabajadores cuando vemos que la soluci\u00f3n es otra\u201d, indic\u00f3 Ojeda.<\/p>\n<p>En ese mismo sentido, coment\u00f3 que los gremios municipales y jubilados, \u201cestamos convocando para el martes 3 a todos los sindicatos que tienen injerencia con la obra social y a los jubilados y quienes quieran participar para en la sede del SOEM, a las 11 horas, donde vamos a empezar a diagramar una estrategia para tratar de que no llegue a prosperar ese proyecto. Porque, la verdad, que no nos han confirmado hasta ahora que tom\u00f3 estado parlamentario o el n\u00famero de asunto. Pero sabemos que esas cosas pueden cambiar de un d\u00eda para otro, as\u00ed que por eso la convocatoria\u201d, remarc\u00f3 el titular del gremio municipal.<\/p>\n<p>Despu\u00e9s se\u00f1al\u00f3 que, el proyecto en cuesti\u00f3n, busca \u201csubir aportes y recortar asistencia, como siempre. Nosotros vimos que en su momento lo hablaba Elvia Ag\u00fcero, que es delegada representante de ATE. Ella nos contaba que un remedio, que hab\u00edan comprado en 10 millones de pesos, un remedio necesario para un enfermo oncol\u00f3gico, ella haciendo gestiones para la compra en una droguer\u00eda, el mismo remedio lo consiguieron a 140 mil pesos. Entonces es grave lo que est\u00e1 sucediendo en la obra social y todo esto, demostrado con una auditor\u00eda\u201d.<\/p>\n<p>Respecto del contacto entre sectores, mencion\u00f3 que \u201cya empezamos a reunirnos, empezamos a convocar, y para este lunes cuando arranca la semana estamos convocando. Nuestra intenci\u00f3n es que arranquemos con una idea todos juntos, m\u00e1s que nada por esto, por lo que siempre pasa, que el ajuste siempre lo terminamos pagando los trabajadores. Y, como decimos nosotros, no estamos dispuestos a firmar un cheque en blanco\u201d, indic\u00f3.<\/p>\n<\/div>\n<\/div>\n","protected":false},"excerpt":{"rendered":"<p>Este martes gremios y jubilados se re\u00fanen por la situaci\u00f3n de la OSEF. El secretario General del SOEM,<\/p>\n","protected":false},"author":8,"featured_media":7600,"comment_status":"open","ping_status":"open","sticky":false,"template":"","format":"standard","meta":{"footnotes":""},"categories":[2],"tags":[218,261,317],"class_list":["post-7599","post","type-post","status-publish","format-standard","has-post-thumbnail","hentry","category-tierra-del-fuego","tag-gremios","tag-jubilados","tag-osef"],"featured_image_urls":{"full":["https:\/\/opinionpublica.com.ar\/index\/wp-content\/uploads\/2024\/12\/20241201182032_osef-22-soem-osef.jpg",880,512,false],"thumbnail":["https:\/\/opinionpublica.com.ar\/index\/wp-content\/uploads\/2024\/12\/20241201182032_osef-22-soem-osef-150x150.jpg",150,150,true],"medium":["https:\/\/opinionpublica.com.ar\/index\/wp-content\/uploads\/2024\/12\/20241201182032_osef-22-soem-osef-300x175.jpg",300,175,true],"medium_large":["https:\/\/opinionpublica.com.ar\/index\/wp-content\/uploads\/2024\/12\/20241201182032_osef-22-soem-osef-768x447.jpg",640,373,true],"large":["https:\/\/opinionpublica.com.ar\/index\/wp-content\/uploads\/2024\/12\/20241201182032_osef-22-soem-osef.jpg",640,372,false],"1536x1536":["https:\/\/opinionpublica.com.ar\/index\/wp-content\/uploads\/2024\/12\/20241201182032_osef-22-soem-osef.jpg",880,512,false],"2048x2048":["https:\/\/opinionpublica.com.ar\/index\/wp-content\/uploads\/2024\/12\/20241201182032_osef-22-soem-osef.jpg",880,512,false],"morenews-large":["https:\/\/opinionpublica.com.ar\/index\/wp-content\/uploads\/2024\/12\/20241201182032_osef-22-soem-osef-825x512.jpg",825,512,true],"morenews-medium":["https:\/\/opinionpublica.com.ar\/index\/wp-content\/uploads\/2024\/12\/20241201182032_osef-22-soem-osef-590x410.jpg",590,410,true]},"author_info":{"display_name":"RKing","author_link":"https:\/\/opinionpublica.com.ar\/index\/author\/rking\/"},"category_info":"<a href=\"https:\/\/opinionpublica.com.ar\/index\/category\/tierra-del-fuego\/\" rel=\"category tag\">Tierra del Fuego<\/a>","tag_info":"Tierra del Fuego","comment_count":"0","_links":{"self":[{"href":"https:\/\/opinionpublica.com.ar\/index\/wp-json\/wp\/v2\/posts\/7599","targetHints":{"allow":["GET"]}}],"collection":[{"href":"https:\/\/opinionpublica.com.ar\/index\/wp-json\/wp\/v2\/posts"}],"about":[{"href":"https:\/\/opinionpublica.com.ar\/index\/wp-json\/wp\/v2\/types\/post"}],"author":[{"embeddable":true,"href":"https:\/\/opinionpublica.com.ar\/index\/wp-json\/wp\/v2\/users\/8"}],"replies":[{"embeddable":true,"href":"https:\/\/opinionpublica.com.ar\/index\/wp-json\/wp\/v2\/comments?post=7599"}],"version-history":[{"count":1,"href":"https:\/\/opinionpublica.com.ar\/index\/wp-json\/wp\/v2\/posts\/7599\/revisions"}],"predecessor-version":[{"id":7601,"href":"https:\/\/opinionpublica.com.ar\/index\/wp-json\/wp\/v2\/posts\/7599\/revisions\/7601"}],"wp:featuredmedia":[{"embeddable":true,"href":"https:\/\/opinionpublica.com.ar\/index\/wp-json\/wp\/v2\/media\/7600"}],"wp:attachment":[{"href":"https:\/\/opinionpublica.com.ar\/index\/wp-json\/wp\/v2\/media?parent=7599"}],"wp:term":[{"taxonomy":"category","embeddable":true,"href":"https:\/\/opinionpublica.com.ar\/index\/wp-json\/wp\/v2\/categories?post=7599"},{"taxonomy":"post_tag","embeddable":true,"href":"https:\/\/opinionpublica.com.ar\/index\/wp-json\/wp\/v2\/tags?post=7599"}],"curies":[{"name":"wp","href":"https:\/\/api.w.org\/{rel}","templated":true}]}}