{"id":7602,"date":"2024-12-04T10:51:54","date_gmt":"2024-12-04T13:51:54","guid":{"rendered":"https:\/\/opinionpublica.com.ar\/index\/?p=7602"},"modified":"2024-12-04T10:51:54","modified_gmt":"2024-12-04T13:51:54","slug":"la-cooperativa-electrica-y-el-intendente-perez-llevarian-de-600-a-12-mil-pesos-el-alumbrado-publico","status":"publish","type":"post","link":"https:\/\/opinionpublica.com.ar\/index\/la-cooperativa-electrica-y-el-intendente-perez-llevarian-de-600-a-12-mil-pesos-el-alumbrado-publico\/","title":{"rendered":"La Cooperativa El\u00e9ctrica y el Intendente P\u00e9rez llevar\u00edan de $600 a $12 Mil pesos el alumbrado p\u00fablico"},"content":{"rendered":"<header id=\"mvp-post-head\" class=\"left relative\">\n<p class=\"mvp-post-title left entry-title\"><strong>La Cooperativa El\u00e9ctrica y el Intendente P\u00e9rez llevar\u00edan de $600 a $12 Mil pesos el alumbrado p\u00fablico.<\/strong><\/p>\n<\/header>\n<div id=\"mvp-post-content\" class=\"left relative\">\n<div id=\"mvp-content-wrap\" class=\"left relative\">\n<div id=\"mvp-content-body\" class=\"left relative\">\n<div id=\"mvp-content-body-top\" class=\"left relative\">\n<div id=\"mvp-content-main\" class=\"left relative\">\n<p class=\"has-luminous-vivid-amber-background-color has-background\">En exclusiva, Boca de Pozo accedi\u00f3 al acta acuerdo vigente entre la Intendencia de la Ciudad de R\u00edo Grande y la Cooperativa El\u00e9ctrica. Este documento detalla los roles y responsabilidades de ambas partes en relaci\u00f3n con el controvertido tema del \u00abAlumbrado P\u00fablico\u00bb. La propuesta de incrementar la tarifa de este servicio, llev\u00e1ndola de $600 a un rango que oscila entre $8.000 y $12.000. \u00c9ste aumento ha desatado un verdadero esc\u00e1ndalo en la ciudad. La pol\u00e9mica se ha intensificado, generando fuertes cr\u00edticas por parte de los concejales que actualmente debaten el presupuesto municipal, evidenciando el impacto social y pol\u00edtico de esta medida.\u00a0Tensi\u00f3n pol\u00edtica y una caja enorme.<\/p>\n<figure class=\"wp-block-image size-large\"><a href=\"https:\/\/opinionpublica.com.ar\/index\/wp-content\/uploads\/2024\/10\/f1280x720-82033_213708_5050-cooperativa-electrica-rio-grande.jpg\"><img fetchpriority=\"high\" decoding=\"async\" class=\"alignnone size-full wp-image-6750\" src=\"https:\/\/opinionpublica.com.ar\/index\/wp-content\/uploads\/2024\/10\/f1280x720-82033_213708_5050-cooperativa-electrica-rio-grande.jpg\" alt=\"\" width=\"1280\" height=\"720\" srcset=\"https:\/\/opinionpublica.com.ar\/index\/wp-content\/uploads\/2024\/10\/f1280x720-82033_213708_5050-cooperativa-electrica-rio-grande.jpg 1280w, https:\/\/opinionpublica.com.ar\/index\/wp-content\/uploads\/2024\/10\/f1280x720-82033_213708_5050-cooperativa-electrica-rio-grande-300x169.jpg 300w, https:\/\/opinionpublica.com.ar\/index\/wp-content\/uploads\/2024\/10\/f1280x720-82033_213708_5050-cooperativa-electrica-rio-grande-1024x576.jpg 1024w, https:\/\/opinionpublica.com.ar\/index\/wp-content\/uploads\/2024\/10\/f1280x720-82033_213708_5050-cooperativa-electrica-rio-grande-768x432.jpg 768w\" sizes=\"(max-width: 1280px) 100vw, 1280px\" \/><\/a><\/figure>\n<p><strong>Investigaci\u00f3n Exclusiva: El pol\u00e9mico acuerdo entre la Municipalidad de R\u00edo Grande y la Cooperativa El\u00e9ctrica<\/strong><\/p>\n<p>En un trabajo de investigaci\u00f3n exclusivo,\u00a0<strong>Boca de Pozo<\/strong>\u00a0ha sacado a la luz el acta acuerdo firmada entre la\u00a0<strong>Intendencia de la Ciudad de R\u00edo Grande Mart\u00edn P\u00e9rez y la Cooperativa El\u00e9ctrica<\/strong>, que establece nuevos montos para el cobro del alumbrado p\u00fablico. Este documento, que no fue sometido a audiencias p\u00fablicas ni aprobado por el Concejo Deliberante, fija un dr\u00e1stico aumento en las tarifas del alumbrado, llev\u00e1ndolas de $600 a un rango que oscila entre\u00a0<strong>$8.000 y $12.000 por usuario para el nuevo per\u00edodo\u00a0<\/strong>2025, impactando directamente en el bolsillo de todos los vecinos de la ciudad.<\/p>\n<p><strong>La falta de transparencia<\/strong>\u00a0en el proceso y el incremento significativo han desatado una fuerte pol\u00e9mica entre los ciudadanos y los concejales, quienes actualmente debaten el presupuesto municipal y cuestionan la legalidad y legitimidad de este acuerdo. Este esc\u00e1ndalo pone en evidencia la necesidad de mayor claridad en la gesti\u00f3n de los servicios p\u00fablicos y el rol clave de los representantes legislativos en garantizar decisiones equitativas y participativas para la comunidad.<\/p>\n<p class=\"has-luminous-vivid-amber-background-color has-background\"><strong>El Concejo Deliberante congel\u00f3 la tasa de alumbrado. La entidad denuncia un d\u00e9ficit de $100 millones mensuales (Sin aumento) . La trama pol\u00edtica y la amenaza de Cammesa.<\/strong><\/p>\n<p>En medio de una fuerte\u00a0<strong>crisis energ\u00e9tica\u00a0<\/strong>que afecta a la provincia de\u00a0<strong>Tierra del Fuego<\/strong>,\u00a0<strong>la caja<\/strong>\u00a0de la\u00a0<strong>Cooperativa Electrica de R\u00edo Grande<\/strong>\u00a0que presta el servicio de alumbrado p\u00fablico en\u00a0<strong>la ciudad\u00a0<\/strong>provoc\u00f3 un\u00a0<strong>cortocircuito pol\u00edtico<\/strong>\u00a0que involucra a las principales fuerzas partidarias de la ciudad, millones de pesos\u00a0<strong>y la intimaci\u00f3n de un ente de escala nacional<\/strong>, nada m\u00e1s ni nada menos que CAMMESA.<\/p>\n<p>De fondo, se cuela la puja por la proyecci\u00f3n pol\u00edtica de algunas de las figuras de mayor peso pol\u00edtico en la ciudad, en un tablero complejo por la fragmentaci\u00f3n del Concejo Deliberante, donde priman las voces opositoras.<\/p>\n<figure class=\"wp-block-embed is-type-wp-embed is-provider-boca-de-pozo wp-block-embed-boca-de-pozo\">\n<div class=\"wp-block-embed__wrapper\"><\/div>\n<\/figure>\n<h3 class=\"wp-block-heading has-luminous-vivid-amber-background-color has-background\">El origen de los chispazos en Tierra del Fuego<\/h3>\n<p>Todo comenz\u00f3 meses atr\u00e1s, cuando el\u00a0<strong>Movimiento Popular Fueguino<\/strong>\u00a0(MoPoF) promovi\u00f3 en el\u00a0<strong>Concejo Deliberante<\/strong>\u00a0el\u00a0<strong>congelamiento\u00a0<\/strong>del valor de la tasa de alumbrado p\u00fablico por\u00a0<strong>90 d\u00edas<\/strong>. La medida gener\u00f3, seg\u00fan aduce la\u00a0<strong>Cooperativa El\u00e9ctrica<\/strong>\u00a0cuyo origen data de los a\u00f1os 40, un\u00a0<strong>d\u00e9ficit mensual\u00a0<\/strong>cercano a los\u00a0<strong>100 millones<\/strong>\u00a0<strong>de pesos\u00a0<\/strong>y un\u00a0<strong>\u00abocultamiento de las deudas el Mercado El\u00e9ctrico Mayorista\u00bb<\/strong>\u00a0que<strong>\u00a0es superior a los $1700 millones<\/strong>.<\/p>\n<p><strong>En base a estos incumplimientos, la Compa\u00f1\u00eda Administradora del Mercado Mayorista El\u00e9ctrico, que amenaz\u00f3 con intervenir la entidad si no sanea sus cuentas.<\/strong><\/p>\n<p>Lo que es claramente llamativo es que los organismos de control no son espec\u00edficamente \u00e1reas t\u00e9cnicas que puedan corroborar los desv\u00edos o abusos en las facturaciones al municipio ni tienen personal id\u00f3neo para realizar las inspecciones y\/o auditor\u00edas, lo que genera un win win entre el Municipio y la prestadora del servicio p\u00fablico.<\/p>\n<p class=\"has-luminous-vivid-amber-background-color has-background\">Ahora bien \u00bfQuien piensa en los usuarios? parece que nadie ya que sin mayores inconvenientes se aprobaron tarifazos impagables en la ciudad y el intendente P\u00e9rez opt\u00f3 por un llamativo silencio en los reclamos y manifestaciones contra Camuzzi gas del Sur y la Cooperativa el\u00e9ctrica de R\u00edo Grande.<\/p>\n<p>El Ejecutivo local no convalid\u00f3 la movida legislativa que friz\u00f3 la tasa de alumbrado. El intendente de R\u00edo Grande,<strong>\u00a0Mart\u00edn P\u00e9rez<\/strong>,\u00a0<strong>vet\u00f3<\/strong>\u00a0la ordenanza que habilitaba el congelamiento, pero su decisi\u00f3n fue rechazada en el Concejo, donde el jefe comunal no tiene mayor\u00eda propia.<\/p>\n<p>Ahora, pese a las presiones que llegan desde Buenos Aires para resolver el pasivo, la<strong>\u00a0Uni\u00f3n C\u00edvica Radical<\/strong>, a trav\u00e9s del\u00a0<strong>concejal y presidente del Comit\u00e9 provincial,\u00a0Maximiliano Ybars<\/strong>, busca prorrogar por otros\u00a0<strong>90 d\u00edas el congelamiento de la tasa de alumbrado p\u00fablico.<\/strong><\/p>\n<p>\u201cNo entendemos el objetivo del Concejo Deliberante. Por la tasa de alumbrado p\u00fablico informamos y dimos a conocer en detalle los costos para que cualquier persona que sepa sumar y restar los puede identificar\u201d, afirm\u00f3 el jefe de usina,\u00a0<strong>Walter Garc\u00eda<\/strong>. \u201cLa tasa promedio en el pa\u00eds es de\u00a0<strong>6 mil a 8 mil pesos<\/strong>. Hay lugares que pagan mucho m\u00e1s y ac\u00e1\u00a0<strong>se fuerza una tasa de 600 pesos\u00a0<\/strong>sin un fundamento t\u00e9cnico\u201d, a\u00f1adi\u00f3 el directivo de la Cooperativa que brinda el servicio a la ciudad m\u00e1s populosa de la provincia m\u00e1s austral.<\/p>\n<p>R\u00edo Grande tiene casi 100 mil habitantes, m\u00e1s de la mitad del total de la poblaci\u00f3n fueguina.<\/p>\n<p>Garc\u00eda dijo que \u201clos concejales avanzaron con la reducci\u00f3n de la tasa de alumbrado p\u00fablico que todav\u00eda estamos sufriendo y sin que haya una justificaci\u00f3n, porque no hay manera de justificar por qu\u00e9 la tasa de alumbrado se baj\u00f3\u201d.<\/p>\n<figure class=\"wp-block-image size-large\"><\/figure>\n<h3 class=\"wp-block-heading has-luminous-vivid-amber-background-color has-background\">Un Concejo Deliberante atomizado y una apetitosa \u00abCaja Pol\u00edtica\u00bb<\/h3>\n<p>El Concejo Deliberante de R\u00edo Grande tiene nueve esca\u00f1os y, a pesar del reducido n\u00famero de integrantes, es un\u00a0<strong>rompecabezas<\/strong>\u00a0multicolor donde los equilibrios son inestables.<\/p>\n<p>El cuerpo est\u00e1 presidido por\u00a0<strong>Guadalupe Zamora<\/strong>, en representaci\u00f3n del MoPoF. El partido, que a nivel provincial es aliado del gobernador\u00a0<strong>Gustavo Melella<\/strong>, tiene una segunda banca, ocupada por\u00a0<strong>Mat\u00edas L\u00f6ffler<\/strong>,\u00a0<strong>hermano del l\u00edder pol\u00edtico de la fuerza Dami\u00e1n \u00abLoly L\u00f6ffler\u00bb<\/strong>\u00a0\u2013 \u00a0<strong>Provincia Grande\/PJ<\/strong>, la fuerza que responde al intendente\u00a0<strong>P\u00e9rez<\/strong>, tambi\u00e9n tiene dos ediles, al igual que\u00a0<strong>FORJA<\/strong>, el espacio de Melella. En tanto,\u00a0<strong>Somos Fueguinos<\/strong>, el\u00a0<strong>PJ\u00a0<\/strong>y la\u00a0<strong>UCR\u00a0<\/strong>tienen una banca cada uno.<\/p>\n<p>Como es de conocimiento p\u00fablico en la Ciudad de R\u00edo Grande, el presidente de la Cooperativa El\u00e9ctrica,\u00a0<strong>Santiago Barrientos<\/strong>, est\u00e1 ligado fuertemente a la\u00a0<strong>Ex gobernadora Rossana Bertone<\/strong>\u00a0quien en una\u00a0<strong>\u00abMuestra de Lealtad\u00bb<\/strong>\u00a0bautiz\u00f3 a una de las turbinas de generaci\u00f3n del Parque como\u00a0<strong>\u00abRosana Andrea\u00bb<\/strong>\u00a0all\u00e1 por el 2008.<\/p>\n<p>Cabe se\u00f1alar que la ex gobernadora es, actual funcionaria de\u00a0<strong>Mart\u00edn P\u00e9rez<\/strong>\u00a0y que<strong>\u00a0\u00abpaky\u00bb Barrientos\u00a0<\/strong>tambi\u00e9n es amigo y aliado al legislador provincial de\u00a0<strong>Somos Fueguinos\u00a0<\/strong>y exconcejal de R\u00edo Grande\u00a0<strong>Ra\u00fal Von Der Thusen<\/strong>, m\u00e1s all\u00e1 de la buena sinton\u00eda institucional que mantiene con el municipio y con otras fuerzas pol\u00edticas opositoras, que tambi\u00e9n tienen representaci\u00f3n en el consejo de administraci\u00f3n de la usina.<\/p>\n<p>&nbsp;<\/p>\n<p>En R\u00edo Grande no es un secreto la buena relaci\u00f3n entre\u00a0<strong>Von Der Thusen y Mart\u00edn P\u00e9rez.<\/strong>\u00a0De hecho, el legislador apoy\u00f3 la postulaci\u00f3n del intendente para la reelecci\u00f3n en 2023 y tambi\u00e9n aportar\u00eda su visto bueno si el jefe comunal se lanzara a una candidatura a la\u00a0<strong>gobernaci\u00f3n en 2027<\/strong>\u00a0eso s\u00ed mientras el \u00abBendecido\u00bb con la Candidatura a Intendente de la Ciudad en ese armado sea el actual legislador.<\/p>\n<p class=\"has-luminous-vivid-amber-background-color has-background\"><strong>El respaldo no ser\u00eda ingenuo: Von Der Thusen quiere ser el sucesor de P\u00e9rez en el municipio m\u00e1s poblado de la isla.<\/strong><\/p>\n<div class=\"wp-block-image\">\n<figure class=\"aligncenter size-large is-resized\"><\/figure>\n<\/div>\n<p class=\"has-luminous-vivid-amber-background-color has-background\"><strong>\u00abNadie dice nada sobre las obras sin ejecutar por parte de la Cooperativa El\u00e9ctrica para la ciudad con fondos del Consejo Federal de Energ\u00eda CFEE\u00bb<\/strong><\/p>\n<p>En\u00a0<strong>Provincia Grande<\/strong>, el armado de P\u00e9rez, no esconden la posibilidad de confluir camino a 2027 con\u00a0<strong>Somos Fueguinos<\/strong>, un espacio opositor a Melella que posee dos bancas en la Legislatura y tiene como principal referente a\u00a0<strong>Liliana \u201cChispita\u201d Fadul<\/strong>, dirigente hist\u00f3rica del peronismo fueguino.<\/p>\n<p>All\u00ed es donde los hilos del conflicto por la tasa de alumbrado se empiezan a enredar con la interna pol\u00edtica.<\/p>\n<p>Lo verdaderamente cierto es que el propio\u00a0<strong>Presidente de la Cooperativa El\u00e9ctrica, Santiago Barrientos<\/strong>\u00a0es el \u00abencargado\u00bb del juego pol\u00edtico que sustenta en las sombras la Cooperativa El\u00e9ctrica aportando para las campa\u00f1as pol\u00edticas para los que defienden sus intereses mientras no cesan los Tarifazos. Tampoco \u00e9sto es un secreto en Tierra del Fuego, ya que nadie sabe donde fueron a parar miles de millones de pesos en deudas con Cammesa mientras se aumentaba la luz cada 6 meses.<\/p>\n<figure class=\"wp-block-image size-full is-resized\"><\/figure>\n<p><strong>\u00bfEl congelamiento de la tasa que impuls\u00f3 el MoPoF, aliado de Melella, busc\u00f3 complicar la gesti\u00f3n del intendente? \u00bfLa oposici\u00f3n se sum\u00f3 a ese operativo desgaste? \u00bfVon Der Thusen y P\u00e9rez se mueven en t\u00e1ndem en medio de los tironeos que tienen en el centro a la Cooperativa?<\/strong>\u00a0Todas estas preguntas parecen tener o contener algo de verdad.<\/p>\n<p class=\"has-luminous-vivid-amber-background-color has-background\"><strong>Consultados por este medio, en la Municipalidad de R\u00edo Grande optaron por el silencio y prefirieron no expedirse al respecto.<\/strong><\/p>\n<h2 class=\"wp-block-heading\">Congelamiento, a comisi\u00f3n<\/h2>\n<p><strong>El proyecto de la UCR para prorrogar<\/strong>\u00a0el congelamiento pas\u00f3 a comisi\u00f3n y espera all\u00ed su debate para luego llegar al recinto.\u00a0<strong>Seg\u00fan Ybars<\/strong>, el aumento de la tasa en un\u00a0<strong>1.000%<\/strong>\u00a0resulta injustificable sin una explicaci\u00f3n clara de la Cooperativa sobre c\u00f3mo se utiliza el dinero recaudado y las inversiones realizadas en infraestructura.\u00a0<strong>\u201cEn enero de 2024, cuando asumimos, la tasa pas\u00f3 de $160 a $1.560 Mil por ciento\u201d, se\u00f1al\u00f3 el concejal radical.<\/strong><\/p>\n<figure class=\"wp-block-image size-large\"><\/figure>\n<p><strong>En paralelo, Cammesa filtr\u00f3 la posibilidad de una intervenci\u00f3n para estabilizar las finanzas de la cooperativa<\/strong>,\u00a0al igual que lo hizo con otras del resto del pa\u00eds.<\/p>\n<p>Al cierre de esta nota, la Cooperativa afirma que no fue notificada. Cerca del despacho de Barrientos descartan que la maniobra finalmente vaya a concretarse. Mientras tanto, la oposici\u00f3n mira de cerca los movimientos de\u00a0<strong>una caja millonaria<\/strong>\u00a0que ser\u00eda monumental de aprobar el aumento pretendido por la Cooperativa y que en \u00abteor\u00eda\u00bb deber\u00eda controlar el poder ejecutivo provincial a trav\u00e9s de la Direcci\u00f3n Provincial de Energ\u00eda y el Ministerio a cargo de Alejandro Aguirre.<\/p>\n<p><strong>www.bocadepozo.com.ar<\/strong><\/p>\n<\/div>\n<\/div>\n<\/div>\n<\/div>\n<\/div>\n","protected":false},"excerpt":{"rendered":"<p>La Cooperativa El\u00e9ctrica y el Intendente P\u00e9rez llevar\u00edan de $600 a $12 Mil pesos el alumbrado p\u00fablico. En<\/p>\n","protected":false},"author":8,"featured_media":6750,"comment_status":"open","ping_status":"open","sticky":false,"template":"","format":"standard","meta":{"footnotes":""},"categories":[25],"tags":[2659,260,7],"class_list":["post-7602","post","type-post","status-publish","format-standard","has-post-thumbnail","hentry","category-rio-grande","tag-cooperativa-electrica","tag-martin-perez","tag-rio-grande"],"featured_image_urls":{"full":["https:\/\/opinionpublica.com.ar\/index\/wp-content\/uploads\/2024\/10\/f1280x720-82033_213708_5050-cooperativa-electrica-rio-grande.jpg",1280,720,false],"thumbnail":["https:\/\/opinionpublica.com.ar\/index\/wp-content\/uploads\/2024\/10\/f1280x720-82033_213708_5050-cooperativa-electrica-rio-grande-150x150.jpg",150,150,true],"medium":["https:\/\/opinionpublica.com.ar\/index\/wp-content\/uploads\/2024\/10\/f1280x720-82033_213708_5050-cooperativa-electrica-rio-grande-300x169.jpg",300,169,true],"medium_large":["https:\/\/opinionpublica.com.ar\/index\/wp-content\/uploads\/2024\/10\/f1280x720-82033_213708_5050-cooperativa-electrica-rio-grande-768x432.jpg",640,360,true],"large":["https:\/\/opinionpublica.com.ar\/index\/wp-content\/uploads\/2024\/10\/f1280x720-82033_213708_5050-cooperativa-electrica-rio-grande-1024x576.jpg",640,360,true],"1536x1536":["https:\/\/opinionpublica.com.ar\/index\/wp-content\/uploads\/2024\/10\/f1280x720-82033_213708_5050-cooperativa-electrica-rio-grande.jpg",1280,720,false],"2048x2048":["https:\/\/opinionpublica.com.ar\/index\/wp-content\/uploads\/2024\/10\/f1280x720-82033_213708_5050-cooperativa-electrica-rio-grande.jpg",1280,720,false],"morenews-large":["https:\/\/opinionpublica.com.ar\/index\/wp-content\/uploads\/2024\/10\/f1280x720-82033_213708_5050-cooperativa-electrica-rio-grande-825x575.jpg",825,575,true],"morenews-medium":["https:\/\/opinionpublica.com.ar\/index\/wp-content\/uploads\/2024\/10\/f1280x720-82033_213708_5050-cooperativa-electrica-rio-grande-590x410.jpg",590,410,true]},"author_info":{"display_name":"RKing","author_link":"https:\/\/opinionpublica.com.ar\/index\/author\/rking\/"},"category_info":"<a href=\"https:\/\/opinionpublica.com.ar\/index\/category\/rio-grande\/\" rel=\"category tag\">Rio Grande<\/a>","tag_info":"Rio Grande","comment_count":"0","_links":{"self":[{"href":"https:\/\/opinionpublica.com.ar\/index\/wp-json\/wp\/v2\/posts\/7602","targetHints":{"allow":["GET"]}}],"collection":[{"href":"https:\/\/opinionpublica.com.ar\/index\/wp-json\/wp\/v2\/posts"}],"about":[{"href":"https:\/\/opinionpublica.com.ar\/index\/wp-json\/wp\/v2\/types\/post"}],"author":[{"embeddable":true,"href":"https:\/\/opinionpublica.com.ar\/index\/wp-json\/wp\/v2\/users\/8"}],"replies":[{"embeddable":true,"href":"https:\/\/opinionpublica.com.ar\/index\/wp-json\/wp\/v2\/comments?post=7602"}],"version-history":[{"count":1,"href":"https:\/\/opinionpublica.com.ar\/index\/wp-json\/wp\/v2\/posts\/7602\/revisions"}],"predecessor-version":[{"id":7603,"href":"https:\/\/opinionpublica.com.ar\/index\/wp-json\/wp\/v2\/posts\/7602\/revisions\/7603"}],"wp:featuredmedia":[{"embeddable":true,"href":"https:\/\/opinionpublica.com.ar\/index\/wp-json\/wp\/v2\/media\/6750"}],"wp:attachment":[{"href":"https:\/\/opinionpublica.com.ar\/index\/wp-json\/wp\/v2\/media?parent=7602"}],"wp:term":[{"taxonomy":"category","embeddable":true,"href":"https:\/\/opinionpublica.com.ar\/index\/wp-json\/wp\/v2\/categories?post=7602"},{"taxonomy":"post_tag","embeddable":true,"href":"https:\/\/opinionpublica.com.ar\/index\/wp-json\/wp\/v2\/tags?post=7602"}],"curies":[{"name":"wp","href":"https:\/\/api.w.org\/{rel}","templated":true}]}}