{"id":7604,"date":"2024-12-04T11:00:35","date_gmt":"2024-12-04T14:00:35","guid":{"rendered":"https:\/\/opinionpublica.com.ar\/index\/?p=7604"},"modified":"2024-12-04T11:00:35","modified_gmt":"2024-12-04T14:00:35","slug":"mientras-hugo-moyano-define-quien-ira-a-la-cgt-crece-la-tension-por-la-falta-de-acuerdo-salarial-de-camioneros","status":"publish","type":"post","link":"https:\/\/opinionpublica.com.ar\/index\/mientras-hugo-moyano-define-quien-ira-a-la-cgt-crece-la-tension-por-la-falta-de-acuerdo-salarial-de-camioneros\/","title":{"rendered":"Mientras Hugo Moyano define qui\u00e9n ir\u00e1 a la CGT, crece la tensi\u00f3n por la falta de acuerdo salarial de Camioneros"},"content":{"rendered":"<nav>\n<div>\n<div id=\"mastheadnavbar\" class=\"masthead-navbar \">\n<div id=\"siteheader\" class=\"site-header\"><\/div>\n<\/div>\n<\/div>\n<\/nav>\n<div class=\"content-body\">\n<div class=\"span-body\">\n<section class=\"article-section page-container\">\n<header class=\"article-header-wrapper\">\n<div class=\"article-header\">\n<div class=\"article-section-ctn\">\n<div class=\"tag-section\"><strong>Mientras Hugo Moyano define qui\u00e9n ir\u00e1 a la CGT, crece la tensi\u00f3n por la falta de acuerdo salarial de Camioneros<\/strong><\/div>\n<\/div>\n<p class=\"article-subheadline left\">Fracas\u00f3 este martes otra audiencia oficial por las paritarias para el trimestre diciembre-febrero. Empresarios y sindicalistas est\u00e1n lejos de acercar sus posiciones. Jorge Taboada desminti\u00f3 su llegada al triunvirato cegetista y las miradas ahora apuntan al l\u00edder del gremio.<\/p>\n<div class=\"byline\">\n<div class=\"byline-image-ctn\">\n<div class=\"author-image-header\">\n<div class=\"\"><picture><source srcset=\"https:\/\/www.infobae.com\/resizer\/v2\/https%3A%2F%2Fs3.amazonaws.com%2Farc-authors%2Finfobae%2F44387bb9-243d-4313-bd87-03d2c3be7dc9.png?auth=63045b5327dd6bcd3ffd648440a8a49f62211bbc4b70e2b12fca55bc508ef572&amp;smart=true&amp;width=40&amp;height=40&amp;quality=85\" media=\"(min-width: 80px)\" \/><img decoding=\"async\" class=\"global-image byline-author-image\" src=\"https:\/\/www.infobae.com\/resizer\/v2\/https%3A%2F%2Fs3.amazonaws.com%2Farc-authors%2Finfobae%2F44387bb9-243d-4313-bd87-03d2c3be7dc9.png?auth=63045b5327dd6bcd3ffd648440a8a49f62211bbc4b70e2b12fca55bc508ef572&amp;smart=true&amp;width=40&amp;height=40&amp;quality=85\" alt=\"Ricardo Carpena\" width=\"1\" height=\"1\" \/><\/picture><a href=\"https:\/\/opinionpublica.com.ar\/index\/wp-content\/uploads\/2024\/11\/Gb5fTakWgAEkZ6P-hugo-moyano.jpg\"><img fetchpriority=\"high\" decoding=\"async\" class=\"alignnone size-full wp-image-7372\" src=\"https:\/\/opinionpublica.com.ar\/index\/wp-content\/uploads\/2024\/11\/Gb5fTakWgAEkZ6P-hugo-moyano.jpg\" alt=\"\" width=\"1024\" height=\"745\" srcset=\"https:\/\/opinionpublica.com.ar\/index\/wp-content\/uploads\/2024\/11\/Gb5fTakWgAEkZ6P-hugo-moyano.jpg 1024w, https:\/\/opinionpublica.com.ar\/index\/wp-content\/uploads\/2024\/11\/Gb5fTakWgAEkZ6P-hugo-moyano-300x218.jpg 300w, https:\/\/opinionpublica.com.ar\/index\/wp-content\/uploads\/2024\/11\/Gb5fTakWgAEkZ6P-hugo-moyano-768x559.jpg 768w\" sizes=\"(max-width: 1024px) 100vw, 1024px\" \/><\/a><\/div>\n<\/div>\n<\/div>\n<\/div>\n<\/div>\n<\/header>\n<article class=\"article\">\n<div class=\"body-article \">\n<p class=\"paragraph\" data-mrf-recirculation=\"Links inline\">Fracas\u00f3 otra audiencia de las negociaciones salariales del\u00a0<b>Sindicato de Camioneros<\/b>\u00a0y crece la tensi\u00f3n porque las posiciones entre gremialistas y empresarios\u00a0<b>siguen sin acercarse,<\/b>\u00a0en una paritaria\u00a0<b>monitoreada de cerca por el Gobierno<\/b> para que no acuerden una mejora que supere la pauta oficial.<\/p>\n<p class=\"paragraph\" data-mrf-recirculation=\"Links inline\"><b>\u201cEs muy dif\u00edcil, estamos lejos y pasamos a un cuarto intermedio hasta el mi\u00e9rcoles pr\u00f3ximo\u201d,<\/b>\u00a0reconoci\u00f3 a\u00a0<b>Infobae,<\/b>\u00a0en un tono pesimista, uno de los protagonistas de las tratativas, que se realizaron en las oficinas de la Secretar\u00eda de Trabajo ubicadas en la avenida Callao 114.<\/p>\n<div class=\"inline ad-wrapper\">\n<div class=\"dfpAd ad-inline\"><\/div>\n<\/div>\n<p class=\"paragraph\" data-mrf-recirculation=\"Links inline\">El Sindicato de Camioneros reclam\u00f3 a los empresarios un aumento del\u00a0<b>5%\u00a0<\/b>en el trimestre\u00a0<b>diciembre, enero y febrero<\/b>\u00a0para cada uno de esos meses, mientras el Gobierno ya le hizo saber que el Ministerio de Econom\u00eda\u00a0<b>no acepta<\/b>\u00a0que la cifra supere el\u00a0<b>3% mensual,\u00a0<\/b>a tono con la inflaci\u00f3n prevista.<\/p>\n<div class=\"news-module\" data-mrf-recirculation=\"IL_wv5lqF4aQ7G5etrMMyn62Q\" data-testid=\"text-html\" data-mrf-experience=\"IL_wv5lqF4aQ7G5etrMMyn62Q\">\n<div class=\"recommended-card__info\"><\/div>\n<\/div>\n<p class=\"paragraph\" data-mrf-recirculation=\"Links inline\">Ante las dificultades para cerrar un acuerdo,\u00a0<b>Hugo Moyano<\/b>\u00a0visit\u00f3 el 26 de noviembre pasado al secretario de Trabajo,<b>\u00a0Julio Cordero,<\/b>\u00a0para\u00a0<b>interiorizarlo\u00a0<\/b>sobre el desarrollo de las negociaciones.<\/p>\n<p class=\"paragraph\" data-mrf-recirculation=\"Links inline\">El ex abogado de Techint ya tuvo un<b>\u00a0gesto de buena voluntad<\/b>\u00a0en la traum\u00e1tica paritaria de abril pasado cuando acept\u00f3 que el jefe de Camioneros\u00a0<b>reformulara el aumento salarial del 45% en dos tramos\u00a0<\/b>para que quede en\u00a0<b>un 24% bimestral, salte\u00e1ndose la mejora de junio,<\/b> y as\u00ed los libertarios homologaran el convenio que estaba trabado porque superaba el tope puesto por Econom\u00eda.<\/p>\n<p class=\"paragraph\" data-mrf-recirculation=\"Links inline\">Pero fue un cambio\u00a0<b>puramente cosm\u00e9tico:\u00a0<\/b>se reacomodaron los porcentajes para\u00a0<b>exhibir\u00a0<\/b>una recomposici\u00f3n m\u00e1s baja (era del 25% para marzo y 20% para abril y luego qued\u00f3 en 15% y 9%, respectivamente), pero se agregaron dos sumas fijas, del 10% y del 7% sobre los sueldos de marzo, que<b>\u00a0igual dejaron la mejora total en los bolsillos en casi un 45%.<\/b><\/p>\n<div class=\" visual__image\"><\/div>\n<p class=\"paragraph\" data-mrf-recirculation=\"Links inline\">Hoy, el dilema del jefe de Camioneros es que si no logra un buen acuerdo salarial\u00a0<b>se le puede complicar su relaci\u00f3n con las bases,\u00a0<\/b>que ya est\u00e1n en estado\u00a0<b>efervescente,\u00a0<\/b>como lo demostraron\u00a0las cr\u00edticas e insultos contra Pablo Moyano y otros dirigentes\u00a0que estallaron entre los recolectores de residuos de Capital. La realidad del transporte automotor de cargas\u00a0<b>tampoco lo ayuda.<\/b>\u00a0La actividad pasa por un momento de\u00a0<b>contracci\u00f3n\u00a0<\/b>y por eso las pymes advirtieron que\u00a0<b>no pueden pagar<\/b>\u00a0<b>el 15% de aumento trimestral, m\u00e1s el bono de $650 mil y el aporte extraordinario para la obra social.<\/b><\/p>\n<p class=\"paragraph\" data-mrf-recirculation=\"Links inline\">Hace una semana,<b>\u00a0<\/b>el secretario adjunto de la Federaci\u00f3n Nacional de Trabajadores Camioneros,\u00a0<b>Jorge Taboada,<\/b>\u00a0confirm\u00f3 que buscan \u201ccerrar una paritaria para\u00a0<b>diciembre, enero y febrero<\/b>\u00a0de\u00a0<b>5 puntos por mes<\/b>\u00a0y un\u00a0<b>bono de $650.000<\/b>\u00a0a pagar en tres veces\u201d, mientras amenaz\u00f3: \u201cA la hora de discutir los salarios\u00a0<b>les vamos a tirar con todo lo que tenemos porque con eso no se jode;\u00a0<\/b>es el plato de comida de un mill\u00f3n de personas y\u00a0<b>no estamos dispuestos a resignar nada\u201d.<\/b><\/p>\n<p class=\"paragraph\" data-mrf-recirculation=\"Links inline\">En declaraciones a Radio de Camioneros, el dirigente que secunda<b>\u00a0Hugo Moyano<\/b>\u00a0en la federaci\u00f3n insisti\u00f3 en que<i>\u00a0<\/i><b>\u201cestamos dispuestos a llevar la pelea salarial a la instancia que sea necesaria\u201d\u00a0<\/b>y dijo que \u201clos empresarios tienen que entender que\u00a0<b>los gobiernos pasan y los sindicatos quedan\u201d.<\/b><\/p>\n<div class=\" visual__image\"><a href=\"https:\/\/opinionpublica.com.ar\/index\/wp-content\/uploads\/2024\/06\/pablo-moyano.jpg\"><img decoding=\"async\" class=\"alignnone size-full wp-image-4173\" src=\"https:\/\/opinionpublica.com.ar\/index\/wp-content\/uploads\/2024\/06\/pablo-moyano.jpg\" alt=\"\" width=\"1024\" height=\"580\" srcset=\"https:\/\/opinionpublica.com.ar\/index\/wp-content\/uploads\/2024\/06\/pablo-moyano.jpg 1024w, https:\/\/opinionpublica.com.ar\/index\/wp-content\/uploads\/2024\/06\/pablo-moyano-300x170.jpg 300w, https:\/\/opinionpublica.com.ar\/index\/wp-content\/uploads\/2024\/06\/pablo-moyano-768x435.jpg 768w\" sizes=\"(max-width: 1024px) 100vw, 1024px\" \/><\/a>Pablo Moyano: \u00abNadie me va a sacar de la calle defendiendo a todos los trabajadores\u00bb<\/div>\n<p class=\"paragraph\" data-mrf-recirculation=\"Links inline\">Adem\u00e1s, critic\u00f3 a la Casa Rosada:\u00a0<b>\u201cEl Gobierno te dibuja una inflaci\u00f3n que no es real,<\/b>\u00a0los elementos b\u00e1sicos de la canasta de los trabajadores aumentan todos los d\u00edas y no tiene nada que ver con los \u00edndices inflacionarios que dice Naci\u00f3n, todos sabemos que\u00a0<b>el sueldo cada vez alcanza menos\u201d.<\/b><\/p>\n<p class=\"paragraph\" data-mrf-recirculation=\"Links inline\">Algunos interpretaron que Taboada decidi\u00f3 elevar el perfil con sus declaraciones sobre las paritarias porque podr\u00eda ser\u00a0<b>el elegido de Hugo Moyano<\/b>\u00a0para reemplazar a su hijo Pablo en la CGT. Sin embargo, seg\u00fan el diario La Opini\u00f3n Austral, de Santa Cruz, el titular del Sindicato de Camioneros de Chubut\u00a0<b>desminti\u00f3 rotundamente<\/b>\u00a0los rumores sobre su designaci\u00f3n en el triunvirato cegetista y afirm\u00f3 que\u00a0<b>no est\u00e1 en sus planes ocupar ese puesto,\u00a0<\/b>luego de lo cual se\u00f1al\u00f3 que las\u00a0<b>prioridades\u00a0<\/b>deben enfocarse en la defensa del empleo y el poder adquisitivo de los trabajadores.<\/p>\n<p class=\"paragraph\" data-mrf-recirculation=\"Links inline\">En los pasillos de la CGT, en realidad, aseguraron a\u00a0<b>Infobae\u00a0<\/b>que\u00a0<b>Taboada \u201cnunca fue un candidato serio\u201d<\/b>\u00a0a ir a la CGT y que ahora<b>\u00a0lo baj\u00f3 definitivamente el l\u00edder de Camioneros.<\/b>\u00a0\u00bfQui\u00e9n ser\u00e1 finalmente el elegido? Algunos jefes cegetistas siguen intuyendo que el puesto recaer\u00e1 en\u00a0<b>Jer\u00f3nimo,\u00a0<\/b>el menor del clan Moyano. Su pap\u00e1 lo lleva a todas las reuniones p\u00fablicas y secretas para prepararlo en la carrera sindical, pero tiene\u00a0<b>apenas 25 a\u00f1os y escasa experiencia en la gesti\u00f3n.<\/b><\/p>\n<div class=\" visual__image\"><\/div>\n<p class=\"paragraph\" data-mrf-recirculation=\"Links inline\">Las miradas volvieron a posarse en el propio Hugo Moyano, quien medita la posibilidad de suceder a su hijo mayor\u00a0<b>hasta el final del mandato<\/b>\u00a0de las actuales autoridades de la CGT, en noviembre de 2025. Pero tendr\u00eda una\u00a0<b>fuerte resistencia\u00a0<\/b>de su esposa,\u00a0<b>Liliana Zulet,\u00a0<\/b>que prefiere que el dirigente, que en enero cumplir\u00e1 81 a\u00f1os,\u00a0<b>priorice su salud\u00a0<\/b>sin exponerse a m\u00e1s situaciones de stress.<\/p>\n<p class=\"paragraph\" data-mrf-recirculation=\"Links inline\">Los pr\u00f3ximos d\u00edas ser\u00e1n\u00a0<b>decisivos\u00a0<\/b>para definir al sucesor de Pablo Moyano en la CGT. Como\u00a0anticip\u00f3\u00a0<b>Infobae,\u00a0<\/b>dialoguistas de la\u00a0<b>CGT\u00a0<\/b>se reunir\u00e1n con\u00a0<b>Hugo Moyano<\/b>\u00a0para apoyarlo en medio de los\u00a0<b>gestos desafiantes<\/b>\u00a0a su liderazgo por parte de su hijo Pablo y de la rebeld\u00eda de los recolectores de residuos porte\u00f1os. All\u00ed tambi\u00e9n se hablar\u00e1n del dirigente de Camioneros que ir\u00e1 al triunvirato cegetista.<\/p>\n<p class=\"paragraph\" data-mrf-recirculation=\"Links inline\">La idea ser\u00eda que\u00a0<b>el elegido por Camioneros sea presentado el martes pr\u00f3ximo en una reuni\u00f3n ampliada de la mesa chica de la CGT,\u00a0<\/b>en la sede de la UOCRA, en la avenida Belgrano 1870. Ser\u00e1 el\u00a0<b>reencuentro\u00a0<\/b>de la dirigencia dialoguista y sus aliados luego del contacto del 19 de noviembre en UPCN, en donde\u00a0<b>descartaron nuevas medidas de fuerza y ratificaron el di\u00e1logo con el Gobierno.\u00a0<\/b>Ese d\u00eda, Hugo Moyano dar\u00e1\u00a0<b>una se\u00f1al clave para alinearse con la estrategia moderada de la CGT,\u00a0<\/b>mientras\u00a0<b>Pablo no se quedar\u00e1 quieto,\u00a0<\/b>como advirti\u00f3 en un video que difundi\u00f3 el s\u00e1bado pasado: \u201cPor m\u00e1s que hoy me haya alejado del cargo de la CGT,\u00a0<b>nadie me va a sacar de la calle defendiendo a todos los trabajadores de todos los sindicatos del pa\u00eds<\/b>\u00a0<b>que la est\u00e1n pasando mal\u201d.<\/b><\/p>\n<p data-mrf-recirculation=\"Links inline\">\n<\/div>\n<\/article>\n<\/section>\n<\/div>\n<\/div>\n","protected":false},"excerpt":{"rendered":"<p>Mientras Hugo Moyano define qui\u00e9n ir\u00e1 a la CGT, crece la tensi\u00f3n por la falta de acuerdo salarial<\/p>\n","protected":false},"author":8,"featured_media":7372,"comment_status":"open","ping_status":"open","sticky":false,"template":"","format":"standard","meta":{"footnotes":""},"categories":[3,27],"tags":[2875,1432,2876,1674,135,136,2874],"class_list":["post-7604","post","type-post","status-publish","format-standard","has-post-thumbnail","hentry","category-nacionales","category-politica","tag-cgtj","tag-hugo-moyano","tag-orge-taboada","tag-pablo-moyano","tag-paritarias","tag-salarios","tag-sindicato-de-camioneros"],"featured_image_urls":{"full":["https:\/\/opinionpublica.com.ar\/index\/wp-content\/uploads\/2024\/11\/Gb5fTakWgAEkZ6P-hugo-moyano.jpg",1024,745,false],"thumbnail":["https:\/\/opinionpublica.com.ar\/index\/wp-content\/uploads\/2024\/11\/Gb5fTakWgAEkZ6P-hugo-moyano-150x150.jpg",150,150,true],"medium":["https:\/\/opinionpublica.com.ar\/index\/wp-content\/uploads\/2024\/11\/Gb5fTakWgAEkZ6P-hugo-moyano-300x218.jpg",300,218,true],"medium_large":["https:\/\/opinionpublica.com.ar\/index\/wp-content\/uploads\/2024\/11\/Gb5fTakWgAEkZ6P-hugo-moyano-768x559.jpg",640,466,true],"large":["https:\/\/opinionpublica.com.ar\/index\/wp-content\/uploads\/2024\/11\/Gb5fTakWgAEkZ6P-hugo-moyano.jpg",640,466,false],"1536x1536":["https:\/\/opinionpublica.com.ar\/index\/wp-content\/uploads\/2024\/11\/Gb5fTakWgAEkZ6P-hugo-moyano.jpg",1024,745,false],"2048x2048":["https:\/\/opinionpublica.com.ar\/index\/wp-content\/uploads\/2024\/11\/Gb5fTakWgAEkZ6P-hugo-moyano.jpg",1024,745,false],"morenews-large":["https:\/\/opinionpublica.com.ar\/index\/wp-content\/uploads\/2024\/11\/Gb5fTakWgAEkZ6P-hugo-moyano-825x575.jpg",825,575,true],"morenews-medium":["https:\/\/opinionpublica.com.ar\/index\/wp-content\/uploads\/2024\/11\/Gb5fTakWgAEkZ6P-hugo-moyano-590x410.jpg",590,410,true]},"author_info":{"display_name":"RKing","author_link":"https:\/\/opinionpublica.com.ar\/index\/author\/rking\/"},"category_info":"<a href=\"https:\/\/opinionpublica.com.ar\/index\/category\/nacionales\/\" rel=\"category tag\">Nacionales<\/a> <a href=\"https:\/\/opinionpublica.com.ar\/index\/category\/politica\/\" rel=\"category tag\">Politica<\/a>","tag_info":"Politica","comment_count":"0","_links":{"self":[{"href":"https:\/\/opinionpublica.com.ar\/index\/wp-json\/wp\/v2\/posts\/7604","targetHints":{"allow":["GET"]}}],"collection":[{"href":"https:\/\/opinionpublica.com.ar\/index\/wp-json\/wp\/v2\/posts"}],"about":[{"href":"https:\/\/opinionpublica.com.ar\/index\/wp-json\/wp\/v2\/types\/post"}],"author":[{"embeddable":true,"href":"https:\/\/opinionpublica.com.ar\/index\/wp-json\/wp\/v2\/users\/8"}],"replies":[{"embeddable":true,"href":"https:\/\/opinionpublica.com.ar\/index\/wp-json\/wp\/v2\/comments?post=7604"}],"version-history":[{"count":1,"href":"https:\/\/opinionpublica.com.ar\/index\/wp-json\/wp\/v2\/posts\/7604\/revisions"}],"predecessor-version":[{"id":7605,"href":"https:\/\/opinionpublica.com.ar\/index\/wp-json\/wp\/v2\/posts\/7604\/revisions\/7605"}],"wp:featuredmedia":[{"embeddable":true,"href":"https:\/\/opinionpublica.com.ar\/index\/wp-json\/wp\/v2\/media\/7372"}],"wp:attachment":[{"href":"https:\/\/opinionpublica.com.ar\/index\/wp-json\/wp\/v2\/media?parent=7604"}],"wp:term":[{"taxonomy":"category","embeddable":true,"href":"https:\/\/opinionpublica.com.ar\/index\/wp-json\/wp\/v2\/categories?post=7604"},{"taxonomy":"post_tag","embeddable":true,"href":"https:\/\/opinionpublica.com.ar\/index\/wp-json\/wp\/v2\/tags?post=7604"}],"curies":[{"name":"wp","href":"https:\/\/api.w.org\/{rel}","templated":true}]}}