{"id":7606,"date":"2024-12-04T11:20:44","date_gmt":"2024-12-04T14:20:44","guid":{"rendered":"https:\/\/opinionpublica.com.ar\/index\/?p=7606"},"modified":"2024-12-04T11:20:44","modified_gmt":"2024-12-04T14:20:44","slug":"miles-de-habitantes-de-tierra-del-fuego-impulsan-una-denuncia-por-sobreprecios-en-vehiculos","status":"publish","type":"post","link":"https:\/\/opinionpublica.com.ar\/index\/miles-de-habitantes-de-tierra-del-fuego-impulsan-una-denuncia-por-sobreprecios-en-vehiculos\/","title":{"rendered":"Miles de habitantes de Tierra del Fuego impulsan una denuncia por sobreprecios en veh\u00edculos"},"content":{"rendered":"<header class=\"article-header entry-header\">\n<p class=\"entry-excerpt\"><strong>Miles de habitantes de Tierra del Fuego impulsan una denuncia por sobreprecios en veh\u00edculos. <\/strong><\/p>\n<p class=\"entry-excerpt\">Sospechan que las compa\u00f1\u00edas se apropiaron de beneficios impositivos. Las empresas y las cifras millonarias en juego.<\/p>\n<div class=\"entry-thumb cf\"><a href=\"https:\/\/opinionpublica.com.ar\/index\/wp-content\/uploads\/2024\/11\/20230205industriaautomotizmecong-1503949-768x432-industria.jpg\"><img fetchpriority=\"high\" decoding=\"async\" class=\"alignnone size-full wp-image-7196\" src=\"https:\/\/opinionpublica.com.ar\/index\/wp-content\/uploads\/2024\/11\/20230205industriaautomotizmecong-1503949-768x432-industria.jpg\" alt=\"\" width=\"768\" height=\"432\" srcset=\"https:\/\/opinionpublica.com.ar\/index\/wp-content\/uploads\/2024\/11\/20230205industriaautomotizmecong-1503949-768x432-industria.jpg 768w, https:\/\/opinionpublica.com.ar\/index\/wp-content\/uploads\/2024\/11\/20230205industriaautomotizmecong-1503949-768x432-industria-300x169.jpg 300w\" sizes=\"(max-width: 768px) 100vw, 768px\" \/><\/a><\/div>\n<\/header>\n<section class=\"entry-content cf\">Unos 5000 habitantes de Tierra del Fuego (potencialmente podr\u00edan ser el doble) impulsan una demanda colectiva contra las principales automotrices que operan en el pa\u00eds porque \u0096sostienen\u0096 les cobraron aproximadamente un 40% m\u00e1s en los valores de los autom\u00f3viles que compraron. Favorecidas por el r\u00e9gimen de beneficios impositivos de la provincia fueguina, las automotrices est\u00e1n sospechadas de haberse apropiado de esos tributos en beneficio propio desde 2001 hasta la actualidad. As\u00ed, a modo de ejemplo, un veh\u00edculo que un fueguino deb\u00eda pagar 92 mil pesos terminaba cost\u00e1ndole 134 mil (a valores de 2014, seg\u00fan consta en el expediente).<\/p>\n<p>La causa est\u00e1 radicada en el juzgado de primera instancia en lo Civil y Comercial N\u00ba 1 del Distrito Judicial Norte de Tierra del Fuego, e involucra a Toyota, Volkswagen, General Motors, Renault, Ford, Honda, Kia, Hyundai, Peugeot-Citroen y Mercedes Benz. El monto del reclamo es imposible de estimar con certeza. Pero un c\u00e1lculo muy conservador (5000 reclamos, a un promedio m\u00ednimo de 40 mil pesos cada uno) arroja una cifra de 200 millones de pesos.<\/p>\n<p>\u0093Tierra del Fuego se encuentra dentro de un mercado libre llamado \u00c1rea Aduanera Especial. Este mercado fue establecido por el r\u00e9gimen de promoci\u00f3n econ\u00f3mica de la Ley 19.640. En raz\u00f3n de ello todos los residentes en Tierra del Fuego gozan de la exenci\u00f3n de todos los impuestos, tasas y aranceles nacionales que se deben pagar en el resto del pa\u00eds. Hasta el a\u00f1o 2001 los precios de los veh\u00edculos en Tierra del Fuego eran sustancialmente inferiores a los vigentes en el resto del pa\u00eds y similares a los del mercado exento m\u00e1s cercano. Sin embargo, a partir de ese a\u00f1o los precios de los veh\u00edculos subieron hasta resultar iguales o superiores a los del resto del pa\u00eds\u0094.<\/p>\n<div class=\"textwidget custom-html-widget\"><\/div>\n<p>El estudio de abogados Rauch y Aciar detect\u00f3 esa situaci\u00f3n irregular e impuls\u00f3 un reclamo civil bajo la modalidad de una \u0093acci\u00f3n de clase\u0094. Hasta hoy unos 3800 fueguinos se sumaron al reclamo. Esa cantidad podr\u00eda al menos duplicarse cuando el 3 de diciembre pr\u00f3ximo venza el plazo que concedi\u00f3 la Justicia para que quienes quieran sumarse a la acci\u00f3n judicial puedan hacerlo.<\/p>\n<p>Diariamente, ante las oficinas de los abogados (no muy lejos de la Casa de Gobierno) decenas de personas forman fila para sumarse a la acci\u00f3n judicial.<\/p>\n<p>En R\u00edo Grande viven unas 100 mil personas; en Tolhuin, unas 20 mil; en Ushuaia, aproximadamente 80 mil. En los \u00faltimos 15 a\u00f1os, muchos de ellos compraron autos cero kil\u00f3metro que debieron pagar<br \/>\nm\u00e1s baratos.<\/p>\n<p>La Comisi\u00f3n Nacional de Defensa de la Competencia corrobor\u00f3, despu\u00e9s de una investigaci\u00f3n que insumi\u00f3 seis a\u00f1os, que \u0093los fabricantes que comercializaban sus veh\u00edculos en Tierra del Fuego se apropiaron, mediante la suba de sus precios, de los beneficios fiscales que les corresponden a los consumidores finales residentes en esa provincia, con el da\u00f1o agregado de que dichos veh\u00edculos sufren una severa restricci\u00f3n de uso y propiedad, de entre tres y cinco a\u00f1os desde la fecha de patentamiento\u0094. Una suerte de cartelizaci\u00f3n acordada para que todas utilizaran el mismo mecanismo de formaci\u00f3n de precios de los veh\u00edculos.<\/p>\n<p>Por ello, durante la gesti\u00f3n del gobierno anterior, la Comisi\u00f3n aplic\u00f3 a las automotrices multas de entre 50 y 150 millones de pesos, pero la C\u00e1mara Federal de Comodoro Rivadavia, en agosto de 2015, dej\u00f3 sin efecto la multa. La causa est\u00e1 hoy a estudio de la Corte Suprema.<\/p>\n<p>\u00bfC\u00f3mo se gener\u00f3 tal desfase? Al amparo de los distintos reg\u00edmenes de promoci\u00f3n industrial que rigen en la provincia austral desde el regreso de la democracia, y en el contexto de la debacle econ\u00f3mica de 2001 y 2002 (que, entre otros trastornos, dej\u00f3 virtualmente sin precio de mercado a miles de art\u00edculos, entre ellos los automotores), un autom\u00f3vil en Tierra del Fuego pas\u00f3 a costar lo mismo o m\u00e1s que en otras geograf\u00edas argentinas. Rara vez en la Argentina los errores u omisiones de las empresas benefician a los consumidores.<\/p>\n<p>Despu\u00e9s del cierre del plazo de adhesi\u00f3n a la acci\u00f3n judicial \u0093de clase\u0094 vendr\u00e1 la tramitaci\u00f3n judicial propiamente dicha. La causa solo promete dos certezas en el horizonte: su tramitaci\u00f3n ser\u00e1 larga y, m\u00e1s tarde o m\u00e1s temprano, terminar\u00e1 en la Corte Suprema.<\/p>\n<p>Fuente: Tiempo Argentino<\/p>\n<\/section>\n","protected":false},"excerpt":{"rendered":"<p>Miles de habitantes de Tierra del Fuego impulsan una denuncia por sobreprecios en veh\u00edculos. Sospechan que las compa\u00f1\u00edas<\/p>\n","protected":false},"author":8,"featured_media":5920,"comment_status":"open","ping_status":"open","sticky":false,"template":"","format":"standard","meta":{"footnotes":""},"categories":[2],"tags":[2877,2878,5,1992],"class_list":["post-7606","post","type-post","status-publish","format-standard","has-post-thumbnail","hentry","category-tierra-del-fuego","tag-beneficios-impositivos","tag-sobreprecios","tag-tierra-del-fuego","tag-vehiculos"],"featured_image_urls":{"full":["https:\/\/opinionpublica.com.ar\/index\/wp-content\/uploads\/2024\/09\/industria-automotriz-1200x630.original.jpg",1200,630,false],"thumbnail":["https:\/\/opinionpublica.com.ar\/index\/wp-content\/uploads\/2024\/09\/industria-automotriz-1200x630.original-150x150.jpg",150,150,true],"medium":["https:\/\/opinionpublica.com.ar\/index\/wp-content\/uploads\/2024\/09\/industria-automotriz-1200x630.original-300x158.jpg",300,158,true],"medium_large":["https:\/\/opinionpublica.com.ar\/index\/wp-content\/uploads\/2024\/09\/industria-automotriz-1200x630.original-768x403.jpg",640,336,true],"large":["https:\/\/opinionpublica.com.ar\/index\/wp-content\/uploads\/2024\/09\/industria-automotriz-1200x630.original-1024x538.jpg",640,336,true],"1536x1536":["https:\/\/opinionpublica.com.ar\/index\/wp-content\/uploads\/2024\/09\/industria-automotriz-1200x630.original.jpg",1200,630,false],"2048x2048":["https:\/\/opinionpublica.com.ar\/index\/wp-content\/uploads\/2024\/09\/industria-automotriz-1200x630.original.jpg",1200,630,false],"morenews-large":["https:\/\/opinionpublica.com.ar\/index\/wp-content\/uploads\/2024\/09\/industria-automotriz-1200x630.original-825x575.jpg",825,575,true],"morenews-medium":["https:\/\/opinionpublica.com.ar\/index\/wp-content\/uploads\/2024\/09\/industria-automotriz-1200x630.original-590x410.jpg",590,410,true]},"author_info":{"display_name":"RKing","author_link":"https:\/\/opinionpublica.com.ar\/index\/author\/rking\/"},"category_info":"<a href=\"https:\/\/opinionpublica.com.ar\/index\/category\/tierra-del-fuego\/\" rel=\"category tag\">Tierra del Fuego<\/a>","tag_info":"Tierra del Fuego","comment_count":"0","_links":{"self":[{"href":"https:\/\/opinionpublica.com.ar\/index\/wp-json\/wp\/v2\/posts\/7606","targetHints":{"allow":["GET"]}}],"collection":[{"href":"https:\/\/opinionpublica.com.ar\/index\/wp-json\/wp\/v2\/posts"}],"about":[{"href":"https:\/\/opinionpublica.com.ar\/index\/wp-json\/wp\/v2\/types\/post"}],"author":[{"embeddable":true,"href":"https:\/\/opinionpublica.com.ar\/index\/wp-json\/wp\/v2\/users\/8"}],"replies":[{"embeddable":true,"href":"https:\/\/opinionpublica.com.ar\/index\/wp-json\/wp\/v2\/comments?post=7606"}],"version-history":[{"count":1,"href":"https:\/\/opinionpublica.com.ar\/index\/wp-json\/wp\/v2\/posts\/7606\/revisions"}],"predecessor-version":[{"id":7607,"href":"https:\/\/opinionpublica.com.ar\/index\/wp-json\/wp\/v2\/posts\/7606\/revisions\/7607"}],"wp:featuredmedia":[{"embeddable":true,"href":"https:\/\/opinionpublica.com.ar\/index\/wp-json\/wp\/v2\/media\/5920"}],"wp:attachment":[{"href":"https:\/\/opinionpublica.com.ar\/index\/wp-json\/wp\/v2\/media?parent=7606"}],"wp:term":[{"taxonomy":"category","embeddable":true,"href":"https:\/\/opinionpublica.com.ar\/index\/wp-json\/wp\/v2\/categories?post=7606"},{"taxonomy":"post_tag","embeddable":true,"href":"https:\/\/opinionpublica.com.ar\/index\/wp-json\/wp\/v2\/tags?post=7606"}],"curies":[{"name":"wp","href":"https:\/\/api.w.org\/{rel}","templated":true}]}}