{"id":7608,"date":"2024-12-04T11:30:53","date_gmt":"2024-12-04T14:30:53","guid":{"rendered":"https:\/\/opinionpublica.com.ar\/index\/?p=7608"},"modified":"2024-12-04T11:30:53","modified_gmt":"2024-12-04T14:30:53","slug":"runin-defendio-el-rol-del-gobierno-provincial-en-la-coparticipacion-a-los-municipios","status":"publish","type":"post","link":"https:\/\/opinionpublica.com.ar\/index\/runin-defendio-el-rol-del-gobierno-provincial-en-la-coparticipacion-a-los-municipios\/","title":{"rendered":"Runin defendi\u00f3 el rol del gobierno provincial en la coparticipaci\u00f3n a los Municipios"},"content":{"rendered":"<header class=\"entry-header\">\n<div class=\"entry-title-excerpt-wrapper\">\n<p class=\"entry-title\"><strong>Runin defendi\u00f3 el rol del gobierno provincial en la coparticipaci\u00f3n a los Municipios.<\/strong><\/p>\n<div class=\"entry-excerpt\">\n<p>\u00bb Ocho de cada 10 pesos del presupuesto municipal, corresponde a transferencias por coparticipaci\u00f3n que realiza el Gobierno Provincial\u00bb, <time class=\"published\" datetime=\"2024-12-03T19:38:00-03:00\"> <\/time><\/p>\n<\/div>\n<\/div>\n<\/header>\n<div class=\"entry-content\">\n<p>El Concejal por el bloque FORJA, Dr. Federico Runin, realiz\u00f3 un balance de las diversas reuniones pautadas con funcionarios municipales, para conocer la distribuci\u00f3n del proyecto del presupuesto municipal 2025.<\/p>\n<p><a href=\"https:\/\/opinionpublica.com.ar\/index\/wp-content\/uploads\/2024\/09\/runin-federico.jpg\"><img fetchpriority=\"high\" decoding=\"async\" class=\"alignnone size-full wp-image-5840\" src=\"https:\/\/opinionpublica.com.ar\/index\/wp-content\/uploads\/2024\/09\/runin-federico.jpg\" alt=\"\" width=\"1040\" height=\"586\" srcset=\"https:\/\/opinionpublica.com.ar\/index\/wp-content\/uploads\/2024\/09\/runin-federico.jpg 1040w, https:\/\/opinionpublica.com.ar\/index\/wp-content\/uploads\/2024\/09\/runin-federico-300x169.jpg 300w, https:\/\/opinionpublica.com.ar\/index\/wp-content\/uploads\/2024\/09\/runin-federico-1024x577.jpg 1024w, https:\/\/opinionpublica.com.ar\/index\/wp-content\/uploads\/2024\/09\/runin-federico-768x433.jpg 768w\" sizes=\"(max-width: 1040px) 100vw, 1040px\" \/><\/a><\/p>\n<p>En primer lugar, el edil sostuvo que, \u201cfu\u00e9 un espacio de escucha atenta a las explicaciones de las distintas \u00e1reas del ejecutivo municipal\u201d, a su vez sum\u00f3 que, \u201cson instancias valiosas en cuanto al aporte de datos ofrecidos por las dependencias que interact\u00faan con los ciudadanos, de las cuales se evidencia una gran demanda del Estado por parte de la ciudadan\u00eda, aspecto que puede corroborarse por el notable incremento en la demanda de los programas de la Secretar\u00eda de Desarrollo Comunitario, de los usuarios del transporte p\u00fablico, de la Secretar\u00eda de Salud, demanda habitacional y de becas estudiantiles, entre otras demandas, lo cual marca un contrapunto con el escenario nacional, donde se pretende una retirada cada vez mayor del Estado a trav\u00e9s de las desregulaciones, cierre de empresas estatales, menor injerencia en la econom\u00eda, libre mercado, apertura de importaciones, en fin todos factores que generan mayores desaf\u00edos para los gobiernos locales, en t\u00e9rminos de b\u00fasqueda de soluciones y ejecuci\u00f3n de pol\u00edticas p\u00fablicas concretas para compatibilizar con el bienestar ciudadano\u201d.<\/p>\n<div class=\"code-block code-block-2\"><ins class=\"adsbygoogle\" data-ad-client=\"ca-pub-2915452721865420\" data-ad-slot=\"1147871613\" data-ad-format=\"auto\" data-full-width-responsive=\"true\" data-adsbygoogle-status=\"done\" data-ad-status=\"unfilled\"><\/p>\n<div id=\"aswift_2_host\"><\/div>\n<p><\/ins><\/div>\n<p>En relaci\u00f3n al c\u00e1lculo de recursos presupuestarios, el concejal expres\u00f3 que, \u00abal cotejar la informaci\u00f3n de la estimaci\u00f3n de los recursos municipales del presupuesto, con la informaci\u00f3n del portal web de gesti\u00f3n transparente del Gobierno Provincial, puede observarse que a la fecha la Provincia transfiri\u00f3 recursos al Municipio de R\u00edo Grande en cifras r\u00e9cord, m\u00e1s de 64mil millones de pesos a noviembre\u201d y, en la misma l\u00ednea afirm\u00f3, \u201ctodo ello permite afirmar que 8 de cada 10 pesos del presupuesto municipal corresponde a transferencias de coparticipaci\u00f3n que hace el Gobierno Provincial\u201d.<\/p>\n<p>Al referirse a las exposiciones de las distintas \u00e1reas del Municipio de R\u00edo Grande, el edil detall\u00f3 que, \u201cevidenciaron que desarrollan un plan muy diverso de acciones para los vecinos, y todas ellas se deben gracias al acompa\u00f1amiento en tiempo y forma de los recursos econ\u00f3micos que la Provincia dedica al Municipio. Es evidente que detr\u00e1s de cada acci\u00f3n municipal, detr\u00e1s de cada obra p\u00fablica municipal, detr\u00e1s de cada servicio municipal, hay un Estado provincial muy presente en t\u00e9rminos econ\u00f3micos financieros, por las transferencias en tiempo y forma de la coparticipaci\u00f3n, lo cual es sumamente destacable y claramente responde al elevado compromiso del Gobernador Melella con la ciudadan\u00eda de R\u00edo Grande\u201d<\/p>\n<div class=\"code-block code-block-3\"><ins class=\"adsbygoogle\" data-ad-client=\"ca-pub-2915452721865420\" data-ad-slot=\"4592292602\" data-ad-format=\"auto\" data-full-width-responsive=\"true\" data-adsbygoogle-status=\"done\" data-ad-status=\"unfilled\"><\/p>\n<div id=\"aswift_3_host\"><\/div>\n<p><\/ins><\/div>\n<p>El edil ejemplific\u00f3 que \u201ccon la gran cantidad de recursos recibidos por la municipalidad, se deber\u00eda poder absorver por ejemplo, el 100% de la tarifa del transporte p\u00fablico y no trasladar un nuevo costo a los vecinos en el cierre de fin de a\u00f1o. Este tema lo planteamos en el \u00e1mbito de las comisiones de presupuesto, sobre todo porque adem\u00e1s de las transferencias por coparticipaci\u00f3n, existe la recaudaci\u00f3n del estacionamiento medido que tiene afectaci\u00f3n espec\u00edfica para transporte y tambi\u00e9n fue elevada notablemente este a\u00f1o, a ra\u00edz de las actualizaciones de tarifa definidas a finales de 2023\u201d.<\/p>\n<p>Runin mostr\u00f3 su preocupaci\u00f3n por la notable crisis social, e hizo hincapi\u00e9 en el presupuesto de la Secretar\u00eda de G\u00e9nero y Desarrollo Comunitario, diciendo, \u00absabemos seg\u00fan datos aportados por el ejecutivo en las comisiones, que hubo un incremento del 55% de la demanda por asistencia alimentaria, 2900 beneficiarios en 2023 contra 4500 beneficiarios en 2024; entonces es evidente que el \u00e1rea municipal encargada de abordar esta problem\u00e1tica, Secretar\u00eda de Genero y Desarrollo Comunitario, precisa una mayor asignaci\u00f3n de recursos econ\u00f3micos para hacer frente a tales desaf\u00edos para el pr\u00f3ximo a\u00f1o, de manera de fortalecer el perfil social del Municipio en t\u00e9rminos presupuestarios\u00bb.<\/p>\n<p>Finalmente, el concejal inform\u00f3 que, \u00abluego de este espacio de escucha atenta, de di\u00e1logo e informaci\u00f3n entre el cuerpo de Concejales y los funcionarios municipales, desde la casa legislativa, junto a mi par de bloque Luc\u00eda Rossi, estamos en un per\u00edodo de profundo an\u00e1lisis, con el fin de considerar cada explicaci\u00f3n y distribuci\u00f3n del presupuesto municipal 2025\u00bb.<\/p>\n<p>&nbsp;<\/p>\n<\/div>\n","protected":false},"excerpt":{"rendered":"<p>Runin defendi\u00f3 el rol del gobierno provincial en la coparticipaci\u00f3n a los Municipios. \u00bb Ocho de cada 10<\/p>\n","protected":false},"author":8,"featured_media":5840,"comment_status":"open","ping_status":"open","sticky":false,"template":"","format":"standard","meta":{"footnotes":""},"categories":[2],"tags":[335,2879,2185],"class_list":["post-7608","post","type-post","status-publish","format-standard","has-post-thumbnail","hentry","category-tierra-del-fuego","tag-coparticipacion","tag-federico-runin","tag-municipios"],"featured_image_urls":{"full":["https:\/\/opinionpublica.com.ar\/index\/wp-content\/uploads\/2024\/09\/runin-federico.jpg",1040,586,false],"thumbnail":["https:\/\/opinionpublica.com.ar\/index\/wp-content\/uploads\/2024\/09\/runin-federico-150x150.jpg",150,150,true],"medium":["https:\/\/opinionpublica.com.ar\/index\/wp-content\/uploads\/2024\/09\/runin-federico-300x169.jpg",300,169,true],"medium_large":["https:\/\/opinionpublica.com.ar\/index\/wp-content\/uploads\/2024\/09\/runin-federico-768x433.jpg",640,361,true],"large":["https:\/\/opinionpublica.com.ar\/index\/wp-content\/uploads\/2024\/09\/runin-federico-1024x577.jpg",640,361,true],"1536x1536":["https:\/\/opinionpublica.com.ar\/index\/wp-content\/uploads\/2024\/09\/runin-federico.jpg",1040,586,false],"2048x2048":["https:\/\/opinionpublica.com.ar\/index\/wp-content\/uploads\/2024\/09\/runin-federico.jpg",1040,586,false],"morenews-large":["https:\/\/opinionpublica.com.ar\/index\/wp-content\/uploads\/2024\/09\/runin-federico-825x575.jpg",825,575,true],"morenews-medium":["https:\/\/opinionpublica.com.ar\/index\/wp-content\/uploads\/2024\/09\/runin-federico-590x410.jpg",590,410,true]},"author_info":{"display_name":"RKing","author_link":"https:\/\/opinionpublica.com.ar\/index\/author\/rking\/"},"category_info":"<a href=\"https:\/\/opinionpublica.com.ar\/index\/category\/tierra-del-fuego\/\" rel=\"category tag\">Tierra del Fuego<\/a>","tag_info":"Tierra del Fuego","comment_count":"0","_links":{"self":[{"href":"https:\/\/opinionpublica.com.ar\/index\/wp-json\/wp\/v2\/posts\/7608","targetHints":{"allow":["GET"]}}],"collection":[{"href":"https:\/\/opinionpublica.com.ar\/index\/wp-json\/wp\/v2\/posts"}],"about":[{"href":"https:\/\/opinionpublica.com.ar\/index\/wp-json\/wp\/v2\/types\/post"}],"author":[{"embeddable":true,"href":"https:\/\/opinionpublica.com.ar\/index\/wp-json\/wp\/v2\/users\/8"}],"replies":[{"embeddable":true,"href":"https:\/\/opinionpublica.com.ar\/index\/wp-json\/wp\/v2\/comments?post=7608"}],"version-history":[{"count":1,"href":"https:\/\/opinionpublica.com.ar\/index\/wp-json\/wp\/v2\/posts\/7608\/revisions"}],"predecessor-version":[{"id":7609,"href":"https:\/\/opinionpublica.com.ar\/index\/wp-json\/wp\/v2\/posts\/7608\/revisions\/7609"}],"wp:featuredmedia":[{"embeddable":true,"href":"https:\/\/opinionpublica.com.ar\/index\/wp-json\/wp\/v2\/media\/5840"}],"wp:attachment":[{"href":"https:\/\/opinionpublica.com.ar\/index\/wp-json\/wp\/v2\/media?parent=7608"}],"wp:term":[{"taxonomy":"category","embeddable":true,"href":"https:\/\/opinionpublica.com.ar\/index\/wp-json\/wp\/v2\/categories?post=7608"},{"taxonomy":"post_tag","embeddable":true,"href":"https:\/\/opinionpublica.com.ar\/index\/wp-json\/wp\/v2\/tags?post=7608"}],"curies":[{"name":"wp","href":"https:\/\/api.w.org\/{rel}","templated":true}]}}