{"id":7610,"date":"2024-12-04T11:43:05","date_gmt":"2024-12-04T14:43:05","guid":{"rendered":"https:\/\/opinionpublica.com.ar\/index\/?p=7610"},"modified":"2024-12-04T11:43:05","modified_gmt":"2024-12-04T14:43:05","slug":"una-reforma-para-la-reeleccion-de-melella-no-para-los-fueguinos-aeguro-el-legislador-jorge-lechman","status":"publish","type":"post","link":"https:\/\/opinionpublica.com.ar\/index\/una-reforma-para-la-reeleccion-de-melella-no-para-los-fueguinos-aeguro-el-legislador-jorge-lechman\/","title":{"rendered":"Una reforma para la reelecci\u00f3n de Melella, no para los fueguinos aeguro el legislador Jorge Lechman"},"content":{"rendered":"<div id=\"tdi_73\" class=\"tdc-row stretch_row_1400 td-stretch-content\">\n<div class=\"vc_row tdi_74  wpb_row td-pb-row tdc-element-style\">\n<div class=\"vc_column tdi_76  wpb_column vc_column_container tdc-column td-pb-span12\">\n<div class=\"wpb_wrapper\">\n<div class=\"td_block_wrap tdb_title tdi_78 tdb-single-title td-pb-border-top td_block_template_1\" data-td-block-uid=\"tdi_78\">\n<div class=\"tdb-block-inner td-fix-index\">\n<p class=\"tdb-title-text\"><strong>Una reforma para la reelecci\u00f3n de Melella, no para los fueguinos aeguro el legislador Jorge Lechman.<\/strong><\/p>\n<\/div>\n<\/div>\n<\/div>\n<\/div>\n<\/div>\n<\/div>\n<div id=\"tdi_79\" class=\"tdc-row stretch_row_1200 td-stretch-content\">\n<div class=\"vc_row tdi_80  wpb_row td-pb-row\">\n<div class=\"vc_column tdi_82  wpb_column vc_column_container tdc-column td-pb-span8\">\n<div class=\"wpb_wrapper\">\n<div class=\"td_block_wrap tdb_single_content tdi_84 td-pb-border-top td_block_template_1 td-post-content tagdiv-type\" data-td-block-uid=\"tdi_84\">\n<div class=\"tdb-block-inner td-fix-index\">\n<p>\u00abSi yo estuviera convencido de que con la reforma de la Constituci\u00f3n se cambiar\u00eda la vida de los fueguinos, quiz\u00e1s hasta la hubiese militado yo. Pero es una gran mentira. La reforma no resolver\u00e1 los problemas de fondo ni mejorar\u00e1 la calidad de vida de nuestra gente\u00bb, asegur\u00f3 el legislador Jorge Lechman.<\/p>\n<p><a href=\"https:\/\/opinionpublica.com.ar\/index\/wp-content\/uploads\/2024\/09\/20240823154111_jorge-lechman.jpg\"><img fetchpriority=\"high\" decoding=\"async\" class=\"alignnone size-full wp-image-5885\" src=\"https:\/\/opinionpublica.com.ar\/index\/wp-content\/uploads\/2024\/09\/20240823154111_jorge-lechman.jpg\" alt=\"\" width=\"880\" height=\"512\" srcset=\"https:\/\/opinionpublica.com.ar\/index\/wp-content\/uploads\/2024\/09\/20240823154111_jorge-lechman.jpg 880w, https:\/\/opinionpublica.com.ar\/index\/wp-content\/uploads\/2024\/09\/20240823154111_jorge-lechman-300x175.jpg 300w, https:\/\/opinionpublica.com.ar\/index\/wp-content\/uploads\/2024\/09\/20240823154111_jorge-lechman-768x447.jpg 768w\" sizes=\"(max-width: 880px) 100vw, 880px\" \/><\/a><\/p>\n<p>El legislador de Somos Fueguinos, Jorge Lechman, se refiri\u00f3 a la posibilidad de un nuevo proyecto de reforma constitucional<\/p>\n<p>En di\u00e1logo con Radio Provincia, afirm\u00f3: \u00abLa reforma lo \u00fanico que persigue es la posibilidad de que Gustavo Melella pueda ser reelecto. Ning\u00fan otro beneficio le traer\u00eda a la ciudadan\u00eda de Tierra del Fuego\u00bb, sentenci\u00f3.<\/p>\n<p>Tambi\u00e9n afirm\u00f3 que cualquier nuevo proyecto de reforma enfrentar\u00e1 dificultades para reunir los votos necesarios en la Legislatura: \u00abSin debate, veo dif\u00edcil que consigan otra vez los 10 votos para aprobarlo sobre tablas, como hicieron en diciembre de 2023 con la Legislatura saliente\u00bb.<\/p>\n<p>Advirti\u00f3 que la continuidad del tema \u00ablo definir\u00e1 la justicia o la pol\u00edtica si existen los consensos\u00bb.En este sentido, dijo que no se ha hablado de la posibilidad de que se presente un nuevo proyecto, \u201cpero siempre los rumores corren. La posibilidad de que cualquiera de los 15 legisladores presente un proyecto de ley con la reforma es viable\u201d.<\/p>\n<p>Explic\u00f3 que, \u201csi alg\u00fan bloque pol\u00edtico presenta un pedido de reforma, en la sesi\u00f3n tomar\u00eda estado parlamentario y, despu\u00e9s del receso, si ellos (oficialismo) manejan las comisiones, por ah\u00ed se podr\u00eda dar el debate. Lo que veo dif\u00edcil es que, sin debate, puedan tener otra vez los 10 votos para aprobarlo sobre tablas, como se ha hecho en diciembre de 2023 con la Legislatura saliente\u201d.<\/p>\n<p>Lechman remarc\u00f3 la desconexi\u00f3n entre las pol\u00edticas del Ejecutivo y las necesidades reales de la poblaci\u00f3n: \u00abCon m\u00e1s del 50% de pobreza, seguimos hablando de reelecci\u00f3n en lugar de soluciones concretas.<\/p>\n<p>Por \u00faltimo, reafirm\u00f3 su postura: \u00abSi yo estuviera convencido de que con la reforma de la Constituci\u00f3n se cambiar\u00eda la vida de los fueguinos, quiz\u00e1s hasta la hubiese militado yo. Pero es una gran mentira. La reforma no resolver\u00e1 los problemas de fondo ni mejorar\u00e1 la calidad de vida de nuestra gente\u00bb.<\/p>\n<\/div>\n<\/div>\n<\/div>\n<\/div>\n<\/div>\n<\/div>\n","protected":false},"excerpt":{"rendered":"<p>Una reforma para la reelecci\u00f3n de Melella, no para los fueguinos aeguro el legislador Jorge Lechman. \u00abSi yo<\/p>\n","protected":false},"author":8,"featured_media":5592,"comment_status":"open","ping_status":"open","sticky":false,"template":"","format":"standard","meta":{"footnotes":""},"categories":[2],"tags":[134,328,1075],"class_list":["post-7610","post","type-post","status-publish","format-standard","has-post-thumbnail","hentry","category-tierra-del-fuego","tag-gustavo-melella","tag-jorge-lechman","tag-reforma-constitucion"],"featured_image_urls":{"full":["https:\/\/opinionpublica.com.ar\/index\/wp-content\/uploads\/2024\/09\/Jorge-Lechman-2024.jpg",1080,732,false],"thumbnail":["https:\/\/opinionpublica.com.ar\/index\/wp-content\/uploads\/2024\/09\/Jorge-Lechman-2024-150x150.jpg",150,150,true],"medium":["https:\/\/opinionpublica.com.ar\/index\/wp-content\/uploads\/2024\/09\/Jorge-Lechman-2024-300x203.jpg",300,203,true],"medium_large":["https:\/\/opinionpublica.com.ar\/index\/wp-content\/uploads\/2024\/09\/Jorge-Lechman-2024-768x521.jpg",640,434,true],"large":["https:\/\/opinionpublica.com.ar\/index\/wp-content\/uploads\/2024\/09\/Jorge-Lechman-2024-1024x694.jpg",640,434,true],"1536x1536":["https:\/\/opinionpublica.com.ar\/index\/wp-content\/uploads\/2024\/09\/Jorge-Lechman-2024.jpg",1080,732,false],"2048x2048":["https:\/\/opinionpublica.com.ar\/index\/wp-content\/uploads\/2024\/09\/Jorge-Lechman-2024.jpg",1080,732,false],"morenews-large":["https:\/\/opinionpublica.com.ar\/index\/wp-content\/uploads\/2024\/09\/Jorge-Lechman-2024-825x575.jpg",825,575,true],"morenews-medium":["https:\/\/opinionpublica.com.ar\/index\/wp-content\/uploads\/2024\/09\/Jorge-Lechman-2024-590x410.jpg",590,410,true]},"author_info":{"display_name":"RKing","author_link":"https:\/\/opinionpublica.com.ar\/index\/author\/rking\/"},"category_info":"<a href=\"https:\/\/opinionpublica.com.ar\/index\/category\/tierra-del-fuego\/\" rel=\"category tag\">Tierra del Fuego<\/a>","tag_info":"Tierra del Fuego","comment_count":"0","_links":{"self":[{"href":"https:\/\/opinionpublica.com.ar\/index\/wp-json\/wp\/v2\/posts\/7610","targetHints":{"allow":["GET"]}}],"collection":[{"href":"https:\/\/opinionpublica.com.ar\/index\/wp-json\/wp\/v2\/posts"}],"about":[{"href":"https:\/\/opinionpublica.com.ar\/index\/wp-json\/wp\/v2\/types\/post"}],"author":[{"embeddable":true,"href":"https:\/\/opinionpublica.com.ar\/index\/wp-json\/wp\/v2\/users\/8"}],"replies":[{"embeddable":true,"href":"https:\/\/opinionpublica.com.ar\/index\/wp-json\/wp\/v2\/comments?post=7610"}],"version-history":[{"count":1,"href":"https:\/\/opinionpublica.com.ar\/index\/wp-json\/wp\/v2\/posts\/7610\/revisions"}],"predecessor-version":[{"id":7611,"href":"https:\/\/opinionpublica.com.ar\/index\/wp-json\/wp\/v2\/posts\/7610\/revisions\/7611"}],"wp:featuredmedia":[{"embeddable":true,"href":"https:\/\/opinionpublica.com.ar\/index\/wp-json\/wp\/v2\/media\/5592"}],"wp:attachment":[{"href":"https:\/\/opinionpublica.com.ar\/index\/wp-json\/wp\/v2\/media?parent=7610"}],"wp:term":[{"taxonomy":"category","embeddable":true,"href":"https:\/\/opinionpublica.com.ar\/index\/wp-json\/wp\/v2\/categories?post=7610"},{"taxonomy":"post_tag","embeddable":true,"href":"https:\/\/opinionpublica.com.ar\/index\/wp-json\/wp\/v2\/tags?post=7610"}],"curies":[{"name":"wp","href":"https:\/\/api.w.org\/{rel}","templated":true}]}}