{"id":7614,"date":"2024-12-04T12:06:07","date_gmt":"2024-12-04T15:06:07","guid":{"rendered":"https:\/\/opinionpublica.com.ar\/index\/?p=7614"},"modified":"2024-12-04T12:06:07","modified_gmt":"2024-12-04T15:06:07","slug":"el-lado-oscuro-del-modelo-se-desploma-el-consumo-y-el-salario-minimo-esta-peor-que-en-2001","status":"publish","type":"post","link":"https:\/\/opinionpublica.com.ar\/index\/el-lado-oscuro-del-modelo-se-desploma-el-consumo-y-el-salario-minimo-esta-peor-que-en-2001\/","title":{"rendered":"El lado oscuro del modelo: se desploma el consumo y el salario m\u00ednimo est\u00e1 peor que en 2001"},"content":{"rendered":"<div class=\"bloque1 nota noticia-ar\">\n<div class=\"item\">\n<div class=\"nota-header\">\n<div id=\"title-news\" class=\"title\"><strong>El lado oscuro del modelo: se desploma el consumo y el salario m\u00ednimo est\u00e1 peor que en 2001<\/strong><\/div>\n<div class=\"as\">\n<div class=\"description\">La ca\u00edda del consumo fue del 20% en octubre seg\u00fan un trabajo de la consultora Scentia.<\/div>\n<\/div>\n<\/div>\n<div class=\"zleft z75\">\n<div class=\"media\">\n<div id=\"vplfgp_gallery1\" class=\"gallery\">\n<div class=\"g_controls\">\n<div class=\"image\">\n<div class=\"zoom\"><a href=\"https:\/\/opinionpublica.com.ar\/index\/wp-content\/uploads\/2024\/12\/674f430d7b633_940_529-toto-caputo.jpg\"><img fetchpriority=\"high\" decoding=\"async\" class=\"alignnone size-full wp-image-7615\" src=\"https:\/\/opinionpublica.com.ar\/index\/wp-content\/uploads\/2024\/12\/674f430d7b633_940_529-toto-caputo.jpg\" alt=\"\" width=\"940\" height=\"529\" srcset=\"https:\/\/opinionpublica.com.ar\/index\/wp-content\/uploads\/2024\/12\/674f430d7b633_940_529-toto-caputo.jpg 940w, https:\/\/opinionpublica.com.ar\/index\/wp-content\/uploads\/2024\/12\/674f430d7b633_940_529-toto-caputo-300x169.jpg 300w, https:\/\/opinionpublica.com.ar\/index\/wp-content\/uploads\/2024\/12\/674f430d7b633_940_529-toto-caputo-768x432.jpg 768w\" sizes=\"(max-width: 940px) 100vw, 940px\" \/><\/a><\/div>\n<\/div>\n<\/div>\n<div class=\"media-footer\">\n<div id=\"vplfgc_gallery1\" class=\"caption\"><\/div>\n<\/div>\n<\/div>\n<\/div>\n<div id=\"vsmcontent\" class=\"body vsmcontent\">\n<p>La primavera financiera que empuja los \u00edndices de aceptaci\u00f3n de Milei tiene un lado oscuro: el consumo sigue hundido. Las grandes empresas de consumo masivo esperan alcanzar el nivel de ventas de los a\u00f1os 2022 y 2023 \u00abreci\u00e9n dentro de dos o tres a\u00f1os<strong>\u00ab<\/strong>, reconoci\u00f3 a LPO un empresario.<\/p>\n<p>Un trabajo confirma ese pron\u00f3stico pesimista: Seg\u00fan el \u00faltimo relevamiento de la consultora Scentia, en octubre la ca\u00edda del consumo fue superior al 20% interanual.<\/p>\n<div class=\"zone z75-footer-globalsite-idx2 global-site-banner\">\n<div id=\"vplnewsletterv23571v3\" class=\"piece newsletter standard align-left bkg-image\">\n<div class=\"piecetitle\"><\/div>\n<div class=\"piecefooter\">\n<div class=\"piecefooterimage\"><\/div>\n<\/div>\n<\/div>\n<\/div>\n<p>Todas las categor\u00edas de productos mostraron bajas abruptas. Lo peor se vio en el rubro que esta consultora califica como impulsivos que cay\u00f3 29,1%, seguido por higiene y cosm\u00e9tica 25,8%, bebidas con alcohol 22,3%, bebidas sin alcohol 17,1%, desayunos y meriendas 19,3%, limpieza de ropa y hogar 18,2%, perecederos 17,2% y alimentaci\u00f3n 17,1%.<\/p>\n<p>Los empresarios reconocen en la intimidad que necesitan que se recupere el poder adquisitivo del salario.\u00a0 Desde la llegada de Javier Milei al gobierno, es decir, desde fines de 2023 hasta octubre de 2024, el salario m\u00ednimo, vital y m\u00f3vil se redujo un 28,4% en t\u00e9rminos reales. Esto representa una disminuci\u00f3n de casi un tercio respecto al final del a\u00f1o pasado y de alrededor de la mitad si se lo compara con el final de 2015, seg\u00fan el \u00faltimo informe del Centro de Investigaci\u00f3n y Formaci\u00f3n de la Rep\u00fablica Argentina (CIFRA).<\/p>\n<p>\u00abEl retroceso hist\u00f3rico es tan grande que el valor real del salario m\u00ednimo ya es inferior al vigente durante la mayor parte de la d\u00e9cada de 1990 y en la crisis final del r\u00e9gimen de Convertibilidad, cuando esa pol\u00edtica se hab\u00eda abandonado como herramienta para determinar pisos salariales e impulsar una menor desigualdad salarial\u00bb se\u00f1ala el informe de CIFRA.<\/p>\n<p class=\"authorquote\" title=\"Informe de CIFRA.\">El retroceso hist\u00f3rico es tan grande que el valor real del salario m\u00ednimo ya es inferior al vigente durante la mayor parte de la d\u00e9cada de 1990 y en la crisis final del r\u00e9gimen de Convertibilidad, cuando esta pol\u00edtica se hab\u00eda abandonado como herramienta para determinar pisos salariales e impulsar una menor desigualdad salarial.<\/p>\n<p>El panorama es sombr\u00edo. La comparaci\u00f3n del salario m\u00ednimo con las l\u00edneas de pobreza y de indigencia revela una situaci\u00f3n peor que la del a\u00f1o 2001. \u00abEl salari\u00f3 m\u00ednimo en octubre s\u00f3lo alcanza para adquirir el 54,3% de la canasta b\u00e1sica de alimentos que define la l\u00ednea de indigencia para una familia tipo y poco m\u00e1s de una cuarta parte de la canasta de pobreza\u00bb, agrega el trabajo.<\/p>\n<p><a href=\"https:\/\/opinionpublica.com.ar\/index\/wp-content\/uploads\/2024\/05\/comedor-comunitario-tierra-del-fuego.jpeg\"><img decoding=\"async\" class=\"alignnone size-full wp-image-3508\" src=\"https:\/\/opinionpublica.com.ar\/index\/wp-content\/uploads\/2024\/05\/comedor-comunitario-tierra-del-fuego.jpeg\" alt=\"\" width=\"900\" height=\"599\" srcset=\"https:\/\/opinionpublica.com.ar\/index\/wp-content\/uploads\/2024\/05\/comedor-comunitario-tierra-del-fuego.jpeg 900w, https:\/\/opinionpublica.com.ar\/index\/wp-content\/uploads\/2024\/05\/comedor-comunitario-tierra-del-fuego-300x200.jpeg 300w, https:\/\/opinionpublica.com.ar\/index\/wp-content\/uploads\/2024\/05\/comedor-comunitario-tierra-del-fuego-768x511.jpeg 768w\" sizes=\"(max-width: 900px) 100vw, 900px\" \/><\/a><\/p>\n<p>Pero no es un proceso que se pueda adjudicar exclusivamente a Milei. CIFRA marca la sistem\u00e1tica p\u00e9rdida del poder adquisitivo desde 2015 a esta parte. \u00abSi no hubiese tenido lugar la p\u00e9rdida de poder de compra del salario m\u00ednimo sucedida desde fines de 2015 a la fecha, en el pasado mes de octubre este salario hubiera sido superior a 590.000 pesos y hubiese representado m\u00e1s del 143% sobre la canasta b\u00e1sica alimentaria\u00bb, indica el informe.<\/p>\n<p>Un proceso que desde que asumi\u00f3 Milei se acentu\u00f3. La ca\u00edda del consumo es tan pronunciada que quedaron fijos en hipermercados los descuentos del 25% sin tope de reintegro, mientras que el sector de comercios mayoristas lanzaron especiales de remate de mercader\u00eda a precio bajo para ver la posibilidad de recortar p\u00e9rdidas.<\/p>\n<\/div>\n<\/div>\n<\/div>\n<\/div>\n<div class=\"bloque2 nota noticia-ar\">\n<div class=\"item\">\n<div class=\"zleft z75\"><\/div>\n<\/div>\n<\/div>\n","protected":false},"excerpt":{"rendered":"<p>El lado oscuro del modelo: se desploma el consumo y el salario m\u00ednimo est\u00e1 peor que en 2001<\/p>\n","protected":false},"author":8,"featured_media":7615,"comment_status":"open","ping_status":"open","sticky":false,"template":"","format":"standard","meta":{"footnotes":""},"categories":[3],"tags":[2882,264,1114,124,2883],"class_list":["post-7614","post","type-post","status-publish","format-standard","has-post-thumbnail","hentry","category-nacionales","tag-cifra","tag-consumo","tag-poder-adquisitivo","tag-salario","tag-salario-minimo-vital-y-movil"],"featured_image_urls":{"full":["https:\/\/opinionpublica.com.ar\/index\/wp-content\/uploads\/2024\/12\/674f430d7b633_940_529-toto-caputo.jpg",940,529,false],"thumbnail":["https:\/\/opinionpublica.com.ar\/index\/wp-content\/uploads\/2024\/12\/674f430d7b633_940_529-toto-caputo-150x150.jpg",150,150,true],"medium":["https:\/\/opinionpublica.com.ar\/index\/wp-content\/uploads\/2024\/12\/674f430d7b633_940_529-toto-caputo-300x169.jpg",300,169,true],"medium_large":["https:\/\/opinionpublica.com.ar\/index\/wp-content\/uploads\/2024\/12\/674f430d7b633_940_529-toto-caputo-768x432.jpg",640,360,true],"large":["https:\/\/opinionpublica.com.ar\/index\/wp-content\/uploads\/2024\/12\/674f430d7b633_940_529-toto-caputo.jpg",640,360,false],"1536x1536":["https:\/\/opinionpublica.com.ar\/index\/wp-content\/uploads\/2024\/12\/674f430d7b633_940_529-toto-caputo.jpg",940,529,false],"2048x2048":["https:\/\/opinionpublica.com.ar\/index\/wp-content\/uploads\/2024\/12\/674f430d7b633_940_529-toto-caputo.jpg",940,529,false],"morenews-large":["https:\/\/opinionpublica.com.ar\/index\/wp-content\/uploads\/2024\/12\/674f430d7b633_940_529-toto-caputo-825x529.jpg",825,529,true],"morenews-medium":["https:\/\/opinionpublica.com.ar\/index\/wp-content\/uploads\/2024\/12\/674f430d7b633_940_529-toto-caputo-590x410.jpg",590,410,true]},"author_info":{"display_name":"RKing","author_link":"https:\/\/opinionpublica.com.ar\/index\/author\/rking\/"},"category_info":"<a href=\"https:\/\/opinionpublica.com.ar\/index\/category\/nacionales\/\" rel=\"category tag\">Nacionales<\/a>","tag_info":"Nacionales","comment_count":"0","_links":{"self":[{"href":"https:\/\/opinionpublica.com.ar\/index\/wp-json\/wp\/v2\/posts\/7614","targetHints":{"allow":["GET"]}}],"collection":[{"href":"https:\/\/opinionpublica.com.ar\/index\/wp-json\/wp\/v2\/posts"}],"about":[{"href":"https:\/\/opinionpublica.com.ar\/index\/wp-json\/wp\/v2\/types\/post"}],"author":[{"embeddable":true,"href":"https:\/\/opinionpublica.com.ar\/index\/wp-json\/wp\/v2\/users\/8"}],"replies":[{"embeddable":true,"href":"https:\/\/opinionpublica.com.ar\/index\/wp-json\/wp\/v2\/comments?post=7614"}],"version-history":[{"count":1,"href":"https:\/\/opinionpublica.com.ar\/index\/wp-json\/wp\/v2\/posts\/7614\/revisions"}],"predecessor-version":[{"id":7616,"href":"https:\/\/opinionpublica.com.ar\/index\/wp-json\/wp\/v2\/posts\/7614\/revisions\/7616"}],"wp:featuredmedia":[{"embeddable":true,"href":"https:\/\/opinionpublica.com.ar\/index\/wp-json\/wp\/v2\/media\/7615"}],"wp:attachment":[{"href":"https:\/\/opinionpublica.com.ar\/index\/wp-json\/wp\/v2\/media?parent=7614"}],"wp:term":[{"taxonomy":"category","embeddable":true,"href":"https:\/\/opinionpublica.com.ar\/index\/wp-json\/wp\/v2\/categories?post=7614"},{"taxonomy":"post_tag","embeddable":true,"href":"https:\/\/opinionpublica.com.ar\/index\/wp-json\/wp\/v2\/tags?post=7614"}],"curies":[{"name":"wp","href":"https:\/\/api.w.org\/{rel}","templated":true}]}}