{"id":7617,"date":"2024-12-04T15:11:28","date_gmt":"2024-12-04T18:11:28","guid":{"rendered":"https:\/\/opinionpublica.com.ar\/index\/?p=7617"},"modified":"2024-12-04T15:12:14","modified_gmt":"2024-12-04T18:12:14","slug":"acusan-a-municipalidad-de-ushuaia-de-entregar-tierras-en-reservas-hidricas-provinciales","status":"publish","type":"post","link":"https:\/\/opinionpublica.com.ar\/index\/acusan-a-municipalidad-de-ushuaia-de-entregar-tierras-en-reservas-hidricas-provinciales\/","title":{"rendered":"Acusan a Municipalidad de Ushuaia de entregar tierras en reservas h\u00eddricas provinciales"},"content":{"rendered":"<p><strong>Acusan a Municipalidad de Ushuaia de entregar tierras en reservas h\u00eddricas provinciales.<\/strong><\/p>\n<p>Se trata de un convenio entre el Ejecutivo y una desarrolladora inmobiliaria que podr\u00eda hacerse de tierra en una reserva h\u00eddrica provincial creada el a\u00f1o pasado. Ante la pol\u00e9mica, los ediles decidieron frenar el tema.<\/p>\n<p><a href=\"https:\/\/opinionpublica.com.ar\/index\/wp-content\/uploads\/2024\/12\/ARG-USH-ARAKUR-Nature-Reserve-s-Alarken.jpg\"><img fetchpriority=\"high\" decoding=\"async\" class=\"alignnone wp-image-7619\" src=\"https:\/\/opinionpublica.com.ar\/index\/wp-content\/uploads\/2024\/12\/ARG-USH-ARAKUR-Nature-Reserve-s-Alarken.jpg\" alt=\"\" width=\"835\" height=\"523\" srcset=\"https:\/\/opinionpublica.com.ar\/index\/wp-content\/uploads\/2024\/12\/ARG-USH-ARAKUR-Nature-Reserve-s-Alarken.jpg 500w, https:\/\/opinionpublica.com.ar\/index\/wp-content\/uploads\/2024\/12\/ARG-USH-ARAKUR-Nature-Reserve-s-Alarken-300x188.jpg 300w\" sizes=\"(max-width: 835px) 100vw, 835px\" \/><\/a><\/p>\n<p>El Concejo Deliberante de Ushuaia pospuso el an\u00e1lisis de un proyecto de cesi\u00f3n de tierras a una emprendedora inmobiliaria privada, a partir de los reclamos y las dudas que surgieron tras los reclamos p\u00fablicos formalizados por la Asociaci\u00f3n Manekenk, que denunci\u00f3 que dichas tierras forman parte de una reserva h\u00eddrica provincial.<\/p>\n<p>De acuerdo a los primeros datos, la empresa involucrada ser\u00eda Alark\u00e9n que en su sitio web promociona la Urbanizaci\u00f3n Alark\u00e9n y cuenta que &#8216;la parcela 6 del Macizo G tiene casi 180 hect\u00e1reas de extensi\u00f3n, cubriendo gran parte del Cerro Alark\u00e9n. En ella, la empresa Alark\u00e9n S.A. ha creado la Reserva Natural Cerro Alark\u00e9n (de ahora en m\u00e1s la &#8216;Reserva&#8217;), reserva natural privada de m\u00e1s de 100 hect\u00e1reas de extensi\u00f3n, la cual incluye la cumbre en cota 280 (un mirador natural con vistas de 360\u00b0), el sector del turbal (2 ha), casi 80 ha de bosque nativo y m\u00e1s de 1 km de praderas sobre el Arroyo Grande. Cerca de la cumbre, en un balc\u00f3n natural en cota 250, se encuentra Arakur Ushuaia Resort &amp; Spa.<\/p>\n<p>Y a su vez, develan que &#8216;en 2006 las empresas Alark\u00e9n S.A. y Arakur S.A. (del mismo grupo accionario) presentaron sus planes de desarrollo inmobiliario y tur\u00edstico, incluyendo una audiencia p\u00fablica&#8217; en el Concejo Deliberante local.<\/p>\n<p><a href=\"https:\/\/opinionpublica.com.ar\/index\/wp-content\/uploads\/2024\/11\/f1280x720-119251_250926_5050-municipalidad-ushuaia.jpg\"><img decoding=\"async\" class=\"alignnone size-full wp-image-7537\" src=\"https:\/\/opinionpublica.com.ar\/index\/wp-content\/uploads\/2024\/11\/f1280x720-119251_250926_5050-municipalidad-ushuaia.jpg\" alt=\"\" width=\"1280\" height=\"720\" srcset=\"https:\/\/opinionpublica.com.ar\/index\/wp-content\/uploads\/2024\/11\/f1280x720-119251_250926_5050-municipalidad-ushuaia.jpg 1280w, https:\/\/opinionpublica.com.ar\/index\/wp-content\/uploads\/2024\/11\/f1280x720-119251_250926_5050-municipalidad-ushuaia-300x169.jpg 300w, https:\/\/opinionpublica.com.ar\/index\/wp-content\/uploads\/2024\/11\/f1280x720-119251_250926_5050-municipalidad-ushuaia-1024x576.jpg 1024w, https:\/\/opinionpublica.com.ar\/index\/wp-content\/uploads\/2024\/11\/f1280x720-119251_250926_5050-municipalidad-ushuaia-768x432.jpg 768w\" sizes=\"(max-width: 1280px) 100vw, 1280px\" \/><\/a><\/p>\n<p>En Radio Provincia, la m\u00e9dica veterinaria Nora Loekemeyer, reconocida ambientalista local, comenz\u00f3 aclarando que &#8216;nos parece muy auspiciosa la colaboraci\u00f3n entre el sector privado y el sector p\u00fablico, pero, por supuesto, al leer el convenio claramente uno observa que hay un desequilibrio de beneficios para la empresa y como que el resguardo de los intereses de la comunidad no est\u00e1&#8217;.<\/p>\n<p>&#8216;Entre los puntos que observamos, este convenio habilitar\u00eda a Alark\u00e9n a cobrar tasa de acceso al predio en algunos casos, aunque deja a lo que es la comunidad de Ushuaia libre de pagar tasa de acceso en la medida que ingrese caminando al sector&#8217;, devel\u00f3.<\/p>\n<p>Y sum\u00f3 que &#8216;ah\u00ed ya nos empiezan las primeras dudas \u00bfCaminando desde d\u00f3nde? Porque hoy normalmente cuando entramos a ese camino para ir, por ejemplo, a la Cascada de los Amigos, hay algunos sectores donde uno deja el auto. No queda claro&#8217;.<\/p>\n<p>&#8216;Es lo mismo sobre el uso de los ba\u00f1os y, por otro lado, otro tema que se habla es de infraestructura, de acceso a senderos, porque en realidad son parte de la reserva h\u00eddrica provincial creada a fines del a\u00f1o pasado. Entonces la figura ser\u00eda como que alguien pusiera un sector de cobro 50 metros antes del Parque Nacional&#8217;, ejemplific\u00f3.<\/p>\n<p>Finalmente, Loekemeyer precis\u00f3: &#8216;Entonces son muchos los puntos que nosotros observamos dentro de este convenio que entendemos deber\u00edan ser revisados. Obviamente quiz\u00e1 el principal tema es esto de que el convenio avanza en decisiones sobre otra jurisdicci\u00f3n, en este caso la provincial&#8217;.<\/p>\n","protected":false},"excerpt":{"rendered":"<p>Acusan a Municipalidad de Ushuaia de entregar tierras en reservas h\u00eddricas provinciales. Se trata de un convenio entre<\/p>\n","protected":false},"author":8,"featured_media":7618,"comment_status":"open","ping_status":"open","sticky":false,"template":"","format":"standard","meta":{"footnotes":""},"categories":[1096,21],"tags":[2885,2884,2359,1296,2886],"class_list":["post-7617","post","type-post","status-publish","format-standard","has-post-thumbnail","hentry","category-destacada","category-ushuaia","tag-alarken-s-a","tag-arakur-s-a","tag-cerro-alarken","tag-municipalidad-de-ushuaia","tag-reserva"],"featured_image_urls":{"full":["https:\/\/opinionpublica.com.ar\/index\/wp-content\/uploads\/2024\/12\/rnca-1920x700-1-Alarken-reserva.jpg",1920,700,false],"thumbnail":["https:\/\/opinionpublica.com.ar\/index\/wp-content\/uploads\/2024\/12\/rnca-1920x700-1-Alarken-reserva-150x150.jpg",150,150,true],"medium":["https:\/\/opinionpublica.com.ar\/index\/wp-content\/uploads\/2024\/12\/rnca-1920x700-1-Alarken-reserva-300x109.jpg",300,109,true],"medium_large":["https:\/\/opinionpublica.com.ar\/index\/wp-content\/uploads\/2024\/12\/rnca-1920x700-1-Alarken-reserva-768x280.jpg",640,233,true],"large":["https:\/\/opinionpublica.com.ar\/index\/wp-content\/uploads\/2024\/12\/rnca-1920x700-1-Alarken-reserva-1024x373.jpg",640,233,true],"1536x1536":["https:\/\/opinionpublica.com.ar\/index\/wp-content\/uploads\/2024\/12\/rnca-1920x700-1-Alarken-reserva-1536x560.jpg",1536,560,true],"2048x2048":["https:\/\/opinionpublica.com.ar\/index\/wp-content\/uploads\/2024\/12\/rnca-1920x700-1-Alarken-reserva.jpg",1920,700,false],"morenews-large":["https:\/\/opinionpublica.com.ar\/index\/wp-content\/uploads\/2024\/12\/rnca-1920x700-1-Alarken-reserva-825x575.jpg",825,575,true],"morenews-medium":["https:\/\/opinionpublica.com.ar\/index\/wp-content\/uploads\/2024\/12\/rnca-1920x700-1-Alarken-reserva-590x410.jpg",590,410,true]},"author_info":{"display_name":"RKing","author_link":"https:\/\/opinionpublica.com.ar\/index\/author\/rking\/"},"category_info":"<a href=\"https:\/\/opinionpublica.com.ar\/index\/category\/destacada\/\" rel=\"category tag\">Destacada<\/a> <a href=\"https:\/\/opinionpublica.com.ar\/index\/category\/ushuaia\/\" rel=\"category tag\">Ushuaia<\/a>","tag_info":"Ushuaia","comment_count":"0","_links":{"self":[{"href":"https:\/\/opinionpublica.com.ar\/index\/wp-json\/wp\/v2\/posts\/7617","targetHints":{"allow":["GET"]}}],"collection":[{"href":"https:\/\/opinionpublica.com.ar\/index\/wp-json\/wp\/v2\/posts"}],"about":[{"href":"https:\/\/opinionpublica.com.ar\/index\/wp-json\/wp\/v2\/types\/post"}],"author":[{"embeddable":true,"href":"https:\/\/opinionpublica.com.ar\/index\/wp-json\/wp\/v2\/users\/8"}],"replies":[{"embeddable":true,"href":"https:\/\/opinionpublica.com.ar\/index\/wp-json\/wp\/v2\/comments?post=7617"}],"version-history":[{"count":1,"href":"https:\/\/opinionpublica.com.ar\/index\/wp-json\/wp\/v2\/posts\/7617\/revisions"}],"predecessor-version":[{"id":7620,"href":"https:\/\/opinionpublica.com.ar\/index\/wp-json\/wp\/v2\/posts\/7617\/revisions\/7620"}],"wp:featuredmedia":[{"embeddable":true,"href":"https:\/\/opinionpublica.com.ar\/index\/wp-json\/wp\/v2\/media\/7618"}],"wp:attachment":[{"href":"https:\/\/opinionpublica.com.ar\/index\/wp-json\/wp\/v2\/media?parent=7617"}],"wp:term":[{"taxonomy":"category","embeddable":true,"href":"https:\/\/opinionpublica.com.ar\/index\/wp-json\/wp\/v2\/categories?post=7617"},{"taxonomy":"post_tag","embeddable":true,"href":"https:\/\/opinionpublica.com.ar\/index\/wp-json\/wp\/v2\/tags?post=7617"}],"curies":[{"name":"wp","href":"https:\/\/api.w.org\/{rel}","templated":true}]}}