{"id":7621,"date":"2024-12-05T14:34:48","date_gmt":"2024-12-05T17:34:48","guid":{"rendered":"https:\/\/opinionpublica.com.ar\/index\/?p=7621"},"modified":"2024-12-05T14:34:48","modified_gmt":"2024-12-05T17:34:48","slug":"la-diputada-nacional-andrea-freites-afirmo-que-martin-menem-cumplio-muy-bien-su-rol","status":"publish","type":"post","link":"https:\/\/opinionpublica.com.ar\/index\/la-diputada-nacional-andrea-freites-afirmo-que-martin-menem-cumplio-muy-bien-su-rol\/","title":{"rendered":"La diputada nacional Andrea Freites afirmo que Mart\u00edn Menem cumpli\u00f3 muy bien su rol"},"content":{"rendered":"<header class=\"entry-header\">\n<p class=\"entry-title\"><strong>La diputada nacional Andrea Freites afirmo que Mart\u00edn Menem cumpli\u00f3 muy bien su rol.<\/strong><\/p>\n<\/header>\n<div class=\"entry-content clearfix\">\n<p>Tambien cuestion\u00f3 el cambio de rol de oposici\u00f3n a oficialistas de varios diputados que \u201cfueron votados por el pueblo como opositores\u201d. Ayer fue reelecto Mart\u00edn Menem al frente de la C\u00e1mara baja y para la diputada el problema no es el referente de La Libertad Avanza, sino el resto que no cumple con los acuerdos, y no da qu\u00f3rum para tratar determinadas leyes. No hay mucho margen de maniobra para el bloque justicialista y el entramado de alianzas de parte del gobierno nacional sigue aceitado. \u201cNos preguntan qu\u00e9 hacemos nosotros, pero la verdad es que el oficialismo hace muy bien el trabajo\u201d, dijo.<\/p>\n<p><a href=\"https:\/\/opinionpublica.com.ar\/index\/wp-content\/uploads\/2024\/06\/diputada-freites.jpg\"><img fetchpriority=\"high\" decoding=\"async\" class=\"alignnone size-full wp-image-4113\" src=\"https:\/\/opinionpublica.com.ar\/index\/wp-content\/uploads\/2024\/06\/diputada-freites.jpg\" alt=\"\" width=\"750\" height=\"500\" srcset=\"https:\/\/opinionpublica.com.ar\/index\/wp-content\/uploads\/2024\/06\/diputada-freites.jpg 750w, https:\/\/opinionpublica.com.ar\/index\/wp-content\/uploads\/2024\/06\/diputada-freites-300x200.jpg 300w\" sizes=\"(max-width: 750px) 100vw, 750px\" \/><\/a><\/p>\n<p>La diputada nacional de Uni\u00f3n por la Patria Andrea Freites dialog\u00f3 con FM La Isla sobre la sesi\u00f3n preparatoria de ayer, en la que fue reelecto como presidente el diputado nacional de La Libertad Avanza, Mart\u00edn Menem. El libertario obtuvo el respaldo de la mayor\u00eda de los bloques, con excepci\u00f3n de Uni\u00f3n por la Patria, que opt\u00f3 por la abstenci\u00f3n. La vicepresidencia primera fue retenida por Uni\u00f3n por la Patria al ser la primera minor\u00eda de la c\u00e1mara, con 99 integrantes, y seguir\u00e1 en ese lugar Cecilia Moreau. La vicepresidencia segunda fue para Silvia Lospennato del Pro, ya que es la tercera minor\u00eda.<\/p>\n<p>Freites lament\u00f3 las alianzas de oficialismo y oposici\u00f3n, que permiten al gobierno avanzar con su programa a costas de todo. \u201cEl gobierno tiene un bloque en minor\u00eda pero sin duda no actu\u00f3 como minor\u00eda. Todos aquellos bloques que el pueblo argentino eligi\u00f3 para que fueran oposici\u00f3n, no cumplieron con ese rol en el Congreso\u201d, sostuvo.<\/p>\n<p>\u201cHubo una sesi\u00f3n preparatoria y fueron reelectas las autoridades, el bloque Uni\u00f3n por la Patria se abstuvo y dio los motivos de por qu\u00e9 no votaba a Mart\u00edn Menem. El a\u00f1o pasado lo votamos, porque entend\u00edamos quien est\u00e1 a cargo de la C\u00e1mara de Diputados tiene que ser de la pata del gobierno de turno, si no, es muy dif\u00edcil llevar una agenda y que se pueda avanzar. Mart\u00edn Menem cumpli\u00f3 muy bien su rol, los que cambiaron de rol son los diputados y diputadas opositoras\u201d, cuestion\u00f3.<\/p>\n<p>Con 99 diputados el bloque Uni\u00f3n por la Patria no pudo ampliar su propio espectro a lo largo del a\u00f1o, ante lo cual la diputada reconoci\u00f3 el buen trabajo que viene haciendo el oficialismo. \u201cNosotros somos 99 y para lograr qu\u00f3rum necesitamos 129 votos. En la gran mayor\u00eda de las votaciones estuvimos los 99. Los di\u00e1logos se han dado y me consta, porque muchas veces soy parte de esas discusiones, lo que pasa es que los diputados de distintos bloques opositores que aseguran dar qu\u00f3rum, despu\u00e9s no aparecen. Es muy dif\u00edcil que Uni\u00f3n por la Patria haga milagros y lo que hay que hacer es ver qui\u00e9nes son los otros bloques pol\u00edticos. A m\u00ed me toc\u00f3 ser oficialista en mi provincia y el peronismo da las explicaciones que tiene que dar. Tenemos tres compa\u00f1eros intendentes y damos la cara en la provincia. Hoy soy oposici\u00f3n y marco las diferencias con el gobierno de Javier Milei, que son constantes, pero tambi\u00e9n seguimos dando explicaciones\u201d, dijo.<\/p>\n<p>\u201cRecibimos mensajes constantes acerca de lo que vamos a hacer, y entiendo que la familia argentina la est\u00e1 pasando muy mal hoy. Pese a los anuncios de Javier Milei del d\u00e9ficit cero, la inflaci\u00f3n contin\u00faa y el consumo cay\u00f3 a \u00edndices hist\u00f3ricos. Nos preguntan qu\u00e9 hacemos nosotros, pero la verdad es que el oficialismo hace muy bien el trabajo. El bloque del justicialismo tiene que continuar dialogando y consensuando con los dem\u00e1s. Excepto la izquierda que casi siempre vot\u00f3 con nosotros, los dem\u00e1s bloques no han logrado concretar lo que se acuerda. Cuando hablamos de acuerdo es, por ejemplo, dar el qu\u00f3rum necesario para poder sesionar y discutir los distintos temas\u201d, expres\u00f3.<\/p>\n<p>&nbsp;<\/p>\n<p><strong>Hacia el reconducido<\/strong><\/p>\n<p>Lo cierto es que ya estar\u00eda fuera de la agenda la aprobaci\u00f3n del presupuesto y el gobierno va por un reconducido. \u201cAyer se dec\u00eda que no iba a haber sesiones extraordinarias. Estuvieron Adorni y Carina Milei en la sesi\u00f3n y adem\u00e1s Mart\u00edn Menem se llev\u00f3 la barra que tanto cuestionaban, a la sesi\u00f3n preparatoria. Aparentemente el gobierno estar\u00eda anunciando extraordinarias, pero no justamente para tratar el presupuesto, que es un tema que nos tiene abocados a todos los diputados de Uni\u00f3n por la Patria. Hablan de tres temas, la ley de partidos pol\u00edticos, un proyecto de ley para sacar los fueros a los legisladores nacionales y un proyecto de ficha limpia. Esos ser\u00edan los temas que anunciar\u00eda el Ejecutivo nacional para la sesi\u00f3n extraordinaria. No est\u00e1 contemplado el presupuesto ni la definici\u00f3n sobre el corte de la cobertura del 100% para los jubilados que ganan m\u00e1s de 388 mil pesos\u201d, inform\u00f3.<\/p>\n<p>Yendo a uno de los temas a los que se ha abocado particularmente, como la situaci\u00f3n de los menores, dijo que \u201cestamos en una situaci\u00f3n bastante compleja con respecto a la defensor\u00eda de ni\u00f1os, ni\u00f1as y adolescentes, porque la defensora actual deber\u00eda haber concursado, lo mismo el adjunto, y no se convoc\u00f3 a la bicameral. Los diputados nombraron a los integrantes de la bicameral pero no lo hizo el Senado. Se le presentaron notas a la vicepresidente Villarruel para avanzar con esto y ver cu\u00e1l es la continuidad de las autoridades de la defensor\u00eda. Hay muchas comisiones bicamerales que se tendr\u00edan que haber conformado y no se conformaron. Terminamos un a\u00f1o donde los \u00edndices nos indican cu\u00e1ntos ni\u00f1os se van a dormir sin cenar y es bastante dura la Argentina que se est\u00e1 viviendo, m\u00e1s all\u00e1 del d\u00e9ficit cero, que es el objetivo general de este gobierno\u201d, concluy\u00f3.<\/p>\n<\/div>\n","protected":false},"excerpt":{"rendered":"<p>La diputada nacional Andrea Freites afirmo que Mart\u00edn Menem cumpli\u00f3 muy bien su rol. Tambien cuestion\u00f3 el cambio<\/p>\n","protected":false},"author":8,"featured_media":4113,"comment_status":"open","ping_status":"open","sticky":false,"template":"","format":"standard","meta":{"footnotes":""},"categories":[2],"tags":[504,774,632],"class_list":["post-7621","post","type-post","status-publish","format-standard","has-post-thumbnail","hentry","category-tierra-del-fuego","tag-andrea-freites","tag-camara-diputados","tag-martin-menem"],"featured_image_urls":{"full":["https:\/\/opinionpublica.com.ar\/index\/wp-content\/uploads\/2024\/06\/diputada-freites.jpg",750,500,false],"thumbnail":["https:\/\/opinionpublica.com.ar\/index\/wp-content\/uploads\/2024\/06\/diputada-freites-150x150.jpg",150,150,true],"medium":["https:\/\/opinionpublica.com.ar\/index\/wp-content\/uploads\/2024\/06\/diputada-freites-300x200.jpg",300,200,true],"medium_large":["https:\/\/opinionpublica.com.ar\/index\/wp-content\/uploads\/2024\/06\/diputada-freites.jpg",640,427,false],"large":["https:\/\/opinionpublica.com.ar\/index\/wp-content\/uploads\/2024\/06\/diputada-freites.jpg",640,427,false],"1536x1536":["https:\/\/opinionpublica.com.ar\/index\/wp-content\/uploads\/2024\/06\/diputada-freites.jpg",750,500,false],"2048x2048":["https:\/\/opinionpublica.com.ar\/index\/wp-content\/uploads\/2024\/06\/diputada-freites.jpg",750,500,false],"morenews-large":["https:\/\/opinionpublica.com.ar\/index\/wp-content\/uploads\/2024\/06\/diputada-freites.jpg",750,500,false],"morenews-medium":["https:\/\/opinionpublica.com.ar\/index\/wp-content\/uploads\/2024\/06\/diputada-freites-590x410.jpg",590,410,true]},"author_info":{"display_name":"RKing","author_link":"https:\/\/opinionpublica.com.ar\/index\/author\/rking\/"},"category_info":"<a href=\"https:\/\/opinionpublica.com.ar\/index\/category\/tierra-del-fuego\/\" rel=\"category tag\">Tierra del Fuego<\/a>","tag_info":"Tierra del Fuego","comment_count":"0","_links":{"self":[{"href":"https:\/\/opinionpublica.com.ar\/index\/wp-json\/wp\/v2\/posts\/7621","targetHints":{"allow":["GET"]}}],"collection":[{"href":"https:\/\/opinionpublica.com.ar\/index\/wp-json\/wp\/v2\/posts"}],"about":[{"href":"https:\/\/opinionpublica.com.ar\/index\/wp-json\/wp\/v2\/types\/post"}],"author":[{"embeddable":true,"href":"https:\/\/opinionpublica.com.ar\/index\/wp-json\/wp\/v2\/users\/8"}],"replies":[{"embeddable":true,"href":"https:\/\/opinionpublica.com.ar\/index\/wp-json\/wp\/v2\/comments?post=7621"}],"version-history":[{"count":1,"href":"https:\/\/opinionpublica.com.ar\/index\/wp-json\/wp\/v2\/posts\/7621\/revisions"}],"predecessor-version":[{"id":7622,"href":"https:\/\/opinionpublica.com.ar\/index\/wp-json\/wp\/v2\/posts\/7621\/revisions\/7622"}],"wp:featuredmedia":[{"embeddable":true,"href":"https:\/\/opinionpublica.com.ar\/index\/wp-json\/wp\/v2\/media\/4113"}],"wp:attachment":[{"href":"https:\/\/opinionpublica.com.ar\/index\/wp-json\/wp\/v2\/media?parent=7621"}],"wp:term":[{"taxonomy":"category","embeddable":true,"href":"https:\/\/opinionpublica.com.ar\/index\/wp-json\/wp\/v2\/categories?post=7621"},{"taxonomy":"post_tag","embeddable":true,"href":"https:\/\/opinionpublica.com.ar\/index\/wp-json\/wp\/v2\/tags?post=7621"}],"curies":[{"name":"wp","href":"https:\/\/api.w.org\/{rel}","templated":true}]}}