{"id":7739,"date":"2024-12-10T11:46:45","date_gmt":"2024-12-10T14:46:45","guid":{"rendered":"https:\/\/opinionpublica.com.ar\/index\/?p=7739"},"modified":"2024-12-10T11:46:45","modified_gmt":"2024-12-10T14:46:45","slug":"los-k-impulsan-una-ley-para-que-ninos-de-toda-edad-cambien-de-genero","status":"publish","type":"post","link":"https:\/\/opinionpublica.com.ar\/index\/los-k-impulsan-una-ley-para-que-ninos-de-toda-edad-cambien-de-genero\/","title":{"rendered":"Los K impulsan una ley para que ni\u00f1os de toda edad cambien de g\u00e9nero"},"content":{"rendered":"<p class=\"content_title\"><strong>Los K impulsan una ley para que ni\u00f1os de toda edad cambien de g\u00e9nero.<\/strong><\/p>\n<p class=\"content_subtitle\">Este aberrante proyecto ya tiene dictamen y permite que los menores cambien de g\u00e9nero sin autorizaci\u00f3n de sus padres.<\/p>\n<div class=\"content\">\n<div class=\"content_text\">\n<p>Legisladores kirchnersitas en Tierra del Fuego\u00a0presentaron un proyecto feminista que permite\u00a0<strong>que ni\u00f1os de 13 a\u00f1os puedan \u00abcambiarse de identidad de g\u00e9nero auto percibida\u00bb sin autorizaci\u00f3n de sus padres.<\/strong><\/p>\n<p>Myriam Mart\u00ednez y Federico Greve presentaron un pol\u00e9mico proyecto de Reforma de la Ley de Registro Civil en la Legislatura de Tierra del Fuego.\u00a0Este viernes, e<strong>l proyecto fue tratado en Comisi\u00f3n y, de manera acelerada, obtuvo dictamen<\/strong>\u00a0 en la noche del mismo d\u00eda con el apoyo del bloque kirchnerista.<\/p>\n<div class=\"inter_image image_horizontal\"><picture><source class=\"img-responsive\" srcset=\"\/filesedc\/uploads\/image\/post\/img-20191217-wa0035-1_300_200.webp 300w, \/filesedc\/uploads\/image\/post\/img-20191217-wa0035-1_630_420.webp 630w, \/filesedc\/uploads\/image\/post\/img-20191217-wa0035-1_760_507.webp 760w, \/filesedc\/uploads\/image\/post\/img-20191217-wa0035-1_1200_800.webp 1200w, \/filesedc\/uploads\/image\/post\/img-20191217-wa0035-1_1600_1067.webp 1600w\" type=\"image\/webp\" data-srcset=\"\/filesedc\/uploads\/image\/post\/img-20191217-wa0035-1_300_200.webp 300w, \/filesedc\/uploads\/image\/post\/img-20191217-wa0035-1_630_420.webp 630w, \/filesedc\/uploads\/image\/post\/img-20191217-wa0035-1_760_507.webp 760w, \/filesedc\/uploads\/image\/post\/img-20191217-wa0035-1_1200_800.webp 1200w, \/filesedc\/uploads\/image\/post\/img-20191217-wa0035-1_1600_1067.webp 1600w\" \/><\/picture>\n<div id=\"standard_2\" class=\"st-placement standard_2 inImage\">\n<div class=\"st-adunit st-adunit-tagged st-reset st-show\"><a href=\"https:\/\/opinionpublica.com.ar\/index\/wp-content\/uploads\/2024\/04\/legislatura-provincial-tdf.jpg\"><img fetchpriority=\"high\" decoding=\"async\" class=\"alignnone size-full wp-image-2478\" src=\"https:\/\/opinionpublica.com.ar\/index\/wp-content\/uploads\/2024\/04\/legislatura-provincial-tdf.jpg\" alt=\"\" width=\"750\" height=\"500\" srcset=\"https:\/\/opinionpublica.com.ar\/index\/wp-content\/uploads\/2024\/04\/legislatura-provincial-tdf.jpg 750w, https:\/\/opinionpublica.com.ar\/index\/wp-content\/uploads\/2024\/04\/legislatura-provincial-tdf-300x200.jpg 300w\" sizes=\"(max-width: 750px) 100vw, 750px\" \/><\/a><\/div>\n<\/div>\n<div><\/div>\n<\/div>\n<p><strong>\u00bfQu\u00e9 plantea el proyecto de Reforma de la Ley de Registro Civil?<\/strong><\/p>\n<p>El aberrante proyecto\u00a0establece modificaciones profundas y controvertidas relacionadas con la identidad de g\u00e9nero auto percibida. A continuaci\u00f3n, los puntos m\u00e1s alarmantes:<\/p>\n<aside class=\"ad-container inBody1Container\">\n<div>\n<div id=\"inBody1\" data-google-query-id=\"CJX2xpmvnYoDFfpRuAQd_gQYJA\">\n<div id=\"google_ads_iframe_\/83158033\/LADERECHADIARIO_2024\/PC_IntNoti1_LDD_0__container__\"><\/div>\n<\/div>\n<\/div>\n<\/aside>\n<p><strong>1. Cambios de g\u00e9nero mediante una simple declaraci\u00f3n jurada<\/strong><\/p>\n<p>Con solo presentar el DNI y una declaraci\u00f3n jurada, cualquier persona podr\u00e1 solicitar el cambio de su \u00abidentidad de g\u00e9nero auto percibida\u00bb en el Registro Civil. Esto elimina procesos judiciales previos y coloca esta decisi\u00f3n en manos de un simple tr\u00e1mite administrativo.<\/p>\n<p><strong>2. Menores de edad y la autorizaci\u00f3n de un solo representante legal<\/strong><\/p>\n<p>Un ni\u00f1o menor de edad podr\u00eda cambiar su g\u00e9nero con la aprobaci\u00f3n de solo uno de sus padres o representantes legales. En caso de desacuerdo entre los padres, el tr\u00e1mite se elevar\u00e1 a la Direcci\u00f3n General de Registro Civil, sin necesidad de intervenci\u00f3n judicial previa.<\/p>\n<div class=\"inter_image image_horizontal\"><\/div>\n<p><strong>3. Ni\u00f1os de entre 13 y 16 a\u00f1os sin consentimiento parental<\/strong><\/p>\n<p>Los adolescentes en este rango de edad podr\u00edan realizar el cambio de g\u00e9nero sin autorizaci\u00f3n de sus padres. Solo necesitar\u00edan la asistencia de un abogado.<\/p>\n<aside class=\"ad-container inBody2Container\">\n<div>\n<div id=\"inBody2\" data-google-query-id=\"COLo3pyvnYoDFTROuAQdJ4898Q\">\n<div id=\"google_ads_iframe_\/83158033\/LADERECHADIARIO_2024\/PC_IntNoti2_LDD_0__container__\"><\/div>\n<\/div>\n<\/div>\n<\/aside>\n<p><strong>4. Adolescentes de 16 a 18 a\u00f1os considerados mayores de edad<\/strong><\/p>\n<p>En esta franja de edad, se les permitir\u00eda tomar decisiones de cambio de g\u00e9nero sin requerir el consentimiento de sus padres, ni intervenci\u00f3n legal alguna.<\/p>\n<div class=\"inter_image image_vertical\"><a href=\"https:\/\/opinionpublica.com.ar\/index\/wp-content\/uploads\/2024\/06\/legislatura-tierra-del-fuego.webp\"><img decoding=\"async\" class=\"alignnone  wp-image-4057\" src=\"https:\/\/opinionpublica.com.ar\/index\/wp-content\/uploads\/2024\/06\/legislatura-tierra-del-fuego.webp\" alt=\"\" width=\"850\" height=\"567\" srcset=\"https:\/\/opinionpublica.com.ar\/index\/wp-content\/uploads\/2024\/06\/legislatura-tierra-del-fuego.webp 790w, https:\/\/opinionpublica.com.ar\/index\/wp-content\/uploads\/2024\/06\/legislatura-tierra-del-fuego-300x200.webp 300w, https:\/\/opinionpublica.com.ar\/index\/wp-content\/uploads\/2024\/06\/legislatura-tierra-del-fuego-768x512.webp 768w\" sizes=\"(max-width: 850px) 100vw, 850px\" \/><\/a><\/div>\n<h2><strong>La postura de La Libertad Avanza: un freno a la \u00abideolog\u00eda de g\u00e9nero\u00bb<\/strong><\/h2>\n<p>Desde el bloque de La Libertad Avanza, el legislador\u00a0<strong>Agust\u00edn Coto<\/strong>\u00a0 se manifest\u00f3 abiertamente en oposici\u00f3n frontal al proyecto.<\/p>\n<p>\u00ab<strong>Desde el bloque de La Libertad Avanza frenaremos esta locura junto a los dem\u00e1s bloques opositores\u00bb<\/strong>, indic\u00f3. Luego a\u00f1adi\u00f3:\u00a0 \u00a0\u00abPorque la victoria no depende de la cantidad los ej\u00e9rcitos sino de la Fuerza que viene del Cielo\u00bb.<\/p>\n<div class=\"inter_image image_vertical\"><picture><source class=\"img-responsive\" srcset=\"\/filesedc\/uploads\/image\/post\/gezrylwxqaac3n2_300_400.webp 300w, \/filesedc\/uploads\/image\/post\/gezrylwxqaac3n2_630_840.webp 630w, \/filesedc\/uploads\/image\/post\/gezrylwxqaac3n2_760_1013.webp 760w, \/filesedc\/uploads\/image\/post\/gezrylwxqaac3n2_1200_1600.webp 1200w, \/filesedc\/uploads\/image\/post\/gezrylwxqaac3n2_1600_2133.webp 1600w\" type=\"image\/webp\" data-srcset=\"\/filesedc\/uploads\/image\/post\/gezrylwxqaac3n2_300_400.webp 300w, \/filesedc\/uploads\/image\/post\/gezrylwxqaac3n2_630_840.webp 630w, \/filesedc\/uploads\/image\/post\/gezrylwxqaac3n2_760_1013.webp 760w, \/filesedc\/uploads\/image\/post\/gezrylwxqaac3n2_1200_1600.webp 1200w, \/filesedc\/uploads\/image\/post\/gezrylwxqaac3n2_1600_2133.webp 1600w\" \/><img decoding=\"async\" class=\"img-responsive lazyloaded\" title=\"Documento del Poder Legislativo de Tierra del Fuego, Argentina, que aborda temas de identidad de g\u00e9nero y capacidad legal, incluyendo art\u00edculos sobre nombre, autopercibimiento, procedimientos de cambio de g\u00e9nero en documentos oficiales y restricciones de capacidad.\" src=\"https:\/\/derechadiario.com.ar\/filesedc\/uploads\/image\/post\/gezrylwxqaac3n2_1200_1600.webp\" alt=\"Documento del Poder Legislativo de Tierra del Fuego, Argentina, que aborda temas de identidad de g\u00e9nero y capacidad legal, incluyendo art\u00edculos sobre nombre, autopercibimiento, procedimientos de cambio de g\u00e9nero en documentos oficiales y restricciones de capacidad.\" data-src=\"\/filesedc\/uploads\/image\/post\/gezrylwxqaac3n2_1200_1600.webp\" \/><\/picture>\n<div><span class=\"img_footer\">Qu\u00e9 dice el proyecto de ley.\u00a0<\/span>|\u00a0<span class=\"img_author\">La Derecha Diario<\/span><\/div>\n<\/div>\n<h2><strong>Cr\u00edticas al proyecto: \u00bfUn ataque a la familia y la infancia?<\/strong><\/h2>\n<p><strong>La propuesta aterradora atenta con el rol parental al permitir que un solo progenitor tome decisiones trascendentales sobre la vida del menor.<\/strong><\/p>\n<p>Adem\u00e1s, \u00a0<strong>hay inntervenci\u00f3n pol\u00edtica en decisiones familiares<\/strong>.\u00a0Esto transforma\u00a0resoluciones judiciales en tr\u00e1mites administrativos en manos de funcionarios designados pol\u00edticamente.<\/p>\n<p><strong>Por otro lado, fomenta\u00a0de decisiones precipitadas.<\/strong>\u00a0La falta de control parental y la baja edad m\u00ednima para estos cambios generan preocupaci\u00f3n por el impacto psicol\u00f3gico y emocional en los menores.<\/p>\n<\/div>\n<\/div>\n","protected":false},"excerpt":{"rendered":"<p>Los K impulsan una ley para que ni\u00f1os de toda edad cambien de g\u00e9nero. Este aberrante proyecto ya<\/p>\n","protected":false},"author":8,"featured_media":2478,"comment_status":"open","ping_status":"open","sticky":false,"template":"","format":"standard","meta":{"footnotes":""},"categories":[27,2],"tags":[2068,2275,2931],"class_list":["post-7739","post","type-post","status-publish","format-standard","has-post-thumbnail","hentry","category-politica","category-tierra-del-fuego","tag-genero","tag-legislatura-fueguina","tag-ninos"],"featured_image_urls":{"full":["https:\/\/opinionpublica.com.ar\/index\/wp-content\/uploads\/2024\/04\/legislatura-provincial-tdf.jpg",750,500,false],"thumbnail":["https:\/\/opinionpublica.com.ar\/index\/wp-content\/uploads\/2024\/04\/legislatura-provincial-tdf-150x150.jpg",150,150,true],"medium":["https:\/\/opinionpublica.com.ar\/index\/wp-content\/uploads\/2024\/04\/legislatura-provincial-tdf-300x200.jpg",300,200,true],"medium_large":["https:\/\/opinionpublica.com.ar\/index\/wp-content\/uploads\/2024\/04\/legislatura-provincial-tdf.jpg",640,427,false],"large":["https:\/\/opinionpublica.com.ar\/index\/wp-content\/uploads\/2024\/04\/legislatura-provincial-tdf.jpg",640,427,false],"1536x1536":["https:\/\/opinionpublica.com.ar\/index\/wp-content\/uploads\/2024\/04\/legislatura-provincial-tdf.jpg",750,500,false],"2048x2048":["https:\/\/opinionpublica.com.ar\/index\/wp-content\/uploads\/2024\/04\/legislatura-provincial-tdf.jpg",750,500,false],"morenews-large":["https:\/\/opinionpublica.com.ar\/index\/wp-content\/uploads\/2024\/04\/legislatura-provincial-tdf.jpg",750,500,false],"morenews-medium":["https:\/\/opinionpublica.com.ar\/index\/wp-content\/uploads\/2024\/04\/legislatura-provincial-tdf-590x410.jpg",590,410,true]},"author_info":{"display_name":"RKing","author_link":"https:\/\/opinionpublica.com.ar\/index\/author\/rking\/"},"category_info":"<a href=\"https:\/\/opinionpublica.com.ar\/index\/category\/politica\/\" rel=\"category tag\">Politica<\/a> <a href=\"https:\/\/opinionpublica.com.ar\/index\/category\/tierra-del-fuego\/\" rel=\"category tag\">Tierra del Fuego<\/a>","tag_info":"Tierra del Fuego","comment_count":"0","_links":{"self":[{"href":"https:\/\/opinionpublica.com.ar\/index\/wp-json\/wp\/v2\/posts\/7739","targetHints":{"allow":["GET"]}}],"collection":[{"href":"https:\/\/opinionpublica.com.ar\/index\/wp-json\/wp\/v2\/posts"}],"about":[{"href":"https:\/\/opinionpublica.com.ar\/index\/wp-json\/wp\/v2\/types\/post"}],"author":[{"embeddable":true,"href":"https:\/\/opinionpublica.com.ar\/index\/wp-json\/wp\/v2\/users\/8"}],"replies":[{"embeddable":true,"href":"https:\/\/opinionpublica.com.ar\/index\/wp-json\/wp\/v2\/comments?post=7739"}],"version-history":[{"count":2,"href":"https:\/\/opinionpublica.com.ar\/index\/wp-json\/wp\/v2\/posts\/7739\/revisions"}],"predecessor-version":[{"id":7741,"href":"https:\/\/opinionpublica.com.ar\/index\/wp-json\/wp\/v2\/posts\/7739\/revisions\/7741"}],"wp:featuredmedia":[{"embeddable":true,"href":"https:\/\/opinionpublica.com.ar\/index\/wp-json\/wp\/v2\/media\/2478"}],"wp:attachment":[{"href":"https:\/\/opinionpublica.com.ar\/index\/wp-json\/wp\/v2\/media?parent=7739"}],"wp:term":[{"taxonomy":"category","embeddable":true,"href":"https:\/\/opinionpublica.com.ar\/index\/wp-json\/wp\/v2\/categories?post=7739"},{"taxonomy":"post_tag","embeddable":true,"href":"https:\/\/opinionpublica.com.ar\/index\/wp-json\/wp\/v2\/tags?post=7739"}],"curies":[{"name":"wp","href":"https:\/\/api.w.org\/{rel}","templated":true}]}}