{"id":7772,"date":"2024-12-11T11:36:44","date_gmt":"2024-12-11T14:36:44","guid":{"rendered":"https:\/\/opinionpublica.com.ar\/index\/?p=7772"},"modified":"2024-12-11T11:36:44","modified_gmt":"2024-12-11T14:36:44","slug":"macri-golpea-a-milei-y-manda-a-los-senadores-del-pro-a-tratar-la-expulsion-de-kueider","status":"publish","type":"post","link":"https:\/\/opinionpublica.com.ar\/index\/macri-golpea-a-milei-y-manda-a-los-senadores-del-pro-a-tratar-la-expulsion-de-kueider\/","title":{"rendered":"Macri golpea a Milei y manda a los senadores del PRO a tratar la expulsi\u00f3n de Kueider"},"content":{"rendered":"<div class=\"bloque1 nota noticia-ar\">\n<div class=\"item\">\n<div class=\"nota-header\">\n<div id=\"title-news\" class=\"title\">Macri golpea a Milei y manda a los senadores del PRO a tratar la expulsi\u00f3n de Kueider<\/div>\n<div class=\"as\">\n<div class=\"description\">Lo confirmaron los legisladores al t\u00e9rmino de la reuni\u00f3n de bloque. \u00abNo hay ninguna duda que hay que expulsarlo\u00bb, dijo Luis Juez.<\/div>\n<\/div>\n<\/div>\n<div class=\"zleft z75\">\n<div class=\"ad_tn\">\n<div class=\"author-date\"><\/div>\n<\/div>\n<div id=\"vsmcontent\" class=\"body vsmcontent\">\n<p>Mauricio Macri volvi\u00f3 a darle un duro golpe a Javier Milei este martes, cuando orden\u00f3 al bloque de senadores del PRO que preste el qu\u00f3rum este jueves para tratar el expediente de la expulsi\u00f3n de Edgardo Kueider, detenido en Paraguay por tentativa de contrabando.<\/p>\n<p><a href=\"https:\/\/opinionpublica.com.ar\/index\/wp-content\/uploads\/2024\/12\/6754530f3fd3f_798_441-kuider.jpg\"><img fetchpriority=\"high\" decoding=\"async\" class=\"alignnone  wp-image-7704\" src=\"https:\/\/opinionpublica.com.ar\/index\/wp-content\/uploads\/2024\/12\/6754530f3fd3f_798_441-kuider.jpg\" alt=\"\" width=\"899\" height=\"497\" srcset=\"https:\/\/opinionpublica.com.ar\/index\/wp-content\/uploads\/2024\/12\/6754530f3fd3f_798_441-kuider.jpg 798w, https:\/\/opinionpublica.com.ar\/index\/wp-content\/uploads\/2024\/12\/6754530f3fd3f_798_441-kuider-300x166.jpg 300w, https:\/\/opinionpublica.com.ar\/index\/wp-content\/uploads\/2024\/12\/6754530f3fd3f_798_441-kuider-768x424.jpg 768w\" sizes=\"(max-width: 899px) 100vw, 899px\" \/><\/a><\/p>\n<p>El titular de la bancada, Luis Juez, asegur\u00f3 que \u00abno hay ninguna duda que hay que expulsarlo\u00bb al legislador entrerriano, sorprendido en el puente La Amistad, en el l\u00edmite entre Brasil y Paraguay, con su secretaria, Iara Guinsel Costa, y m\u00e1s de 200 mil d\u00f3lares sin declarar.<\/p>\n<div class=\"zone z75-footer-globalsite-idx2 global-site-banner\">\n<div id=\"vplnewsletterv25840v3\" class=\"piece newsletter standard align-left bkg-image\">\n<div class=\"piecetitle\"><\/div>\n<div class=\"piecefooter\">\n<div class=\"piecefooterimage\"><\/div>\n<\/div>\n<\/div>\n<\/div>\n<p>El cordob\u00e9s confirm\u00f3 la postura del bloque despu\u00e9s de la reuni\u00f3n que mantuvo con sus colegas para definir si bajaban o no al recinto, ante el pedido de sesi\u00f3n tramitado por los peronistas Jos\u00e9 Mayans, Juliana di Tullio y Anabel Fern\u00e1ndez Sagasti.<\/p>\n<p>Una senadora del PRO le dijo a LPO que la discusi\u00f3n fue \u00abacalorada\u00bb porque \u00abata\u00f1e a todos los senadores la situaci\u00f3n de Kueider\u00bb, y admiti\u00f3 que no est\u00e1n todav\u00eda todos los integrantes de la bancada convencidos de apoyar la destituci\u00f3n. \u00abLo estamos evaluando, algunos creen que puede caberle una suspensi\u00f3n pero lo que es seguro es que Kueider no vuelve m\u00e1s\u00bb, sostuvo.<\/p>\n<p>La distinci\u00f3n entre la expulsi\u00f3n y la suspensi\u00f3n tiene efectos pol\u00edticos determinantes en la C\u00e1mara Alta.\u00a0Como inform\u00f3 LPO, si el Senado echara a Kueider asumir\u00eda en su lugar Stefan\u00eda Cora, quien lo secundaba en la lista y actualmente es diputada provincial en Entre R\u00edos. Pero si lo suspenden, su banca queda vacante por el resto del mandato o hasta que su situaci\u00f3n judicial se aclare, algo que ni los m\u00e1s cercanos al senador detenido en Asunci\u00f3n consideran probable.<\/p>\n<div class=\"zone \">\n<div class=\"piece banner standard\">\n<div class=\"items\">\n<div class=\"item\">\n<div id=\"Interstitial\"><a href=\"https:\/\/opinionpublica.com.ar\/index\/wp-content\/uploads\/2024\/06\/senado.jpeg\"><img decoding=\"async\" class=\"alignnone size-full wp-image-3813\" src=\"https:\/\/opinionpublica.com.ar\/index\/wp-content\/uploads\/2024\/06\/senado.jpeg\" alt=\"\" width=\"960\" height=\"640\" srcset=\"https:\/\/opinionpublica.com.ar\/index\/wp-content\/uploads\/2024\/06\/senado.jpeg 960w, https:\/\/opinionpublica.com.ar\/index\/wp-content\/uploads\/2024\/06\/senado-300x200.jpeg 300w, https:\/\/opinionpublica.com.ar\/index\/wp-content\/uploads\/2024\/06\/senado-768x512.jpeg 768w\" sizes=\"(max-width: 960px) 100vw, 960px\" \/><\/a><\/div>\n<\/div>\n<\/div>\n<\/div>\n<div class=\"separator\"><\/div>\n<\/div>\n<p>Como sea, la eventual suspensi\u00f3n de Kueider dejar\u00eda al cuerpo con 70 integrantes y dos bancas vac\u00edas, la del entrerriano y la del chaque\u00f1o V\u00edctor Zimmermann, que pidi\u00f3 licencia para sumarse al gabinete de Leandro Zdero y no permiti\u00f3 que lo sucediera la japonesa Alicia Terada. \u00abCon tal que no asuma alguien de la Coalici\u00f3n C\u00edvica, los radicales tramitaron la licencia\u00bb, se quejan los laderos de Elisa Carri\u00f3 en Diputados.<\/p>\n<p class=\"authorquote\" title=\"Senador del PRO.\">Algunos creen que puede caberle una suspensi\u00f3n pero lo que es seguro es que Kueider no vuelve m\u00e1s.<\/p>\n<p>Incluso en ese escenario, el peronismo se volver\u00eda m\u00e1s amenazante para Javier Milei, que ya hab\u00eda ordenado\u00a0cerrar el Senado\u00a0ante la explosi\u00f3n del caso Kueider. Si el qu\u00f3rum pasara a calcularse sobre un total de 70 senadores, alcanzar\u00eda con 36, Mayans y di Tullio coordinan una tropa de 33 y, en un a\u00f1o electoral, ser\u00eda dif\u00edcil que los aliados no se vuelquen hacia posiciones m\u00e1s duras contra el gobierno.<\/p>\n<p>A 48 horas de la convocatoria solicitada por el interbloque de UP todav\u00eda no est\u00e1 claro que Victoria Villarruel vaya a conceder la apertura del recinto. \u00abEst\u00e1 esperando indicaciones de la Casa Rosada\u00bb, dijeron en un despacho aliado, pero advirtieron que \u00abla oposici\u00f3n puede sesionar igual, con Silvia Sapag como vicepresidenta de la C\u00e1mara\u00bb.<\/p>\n<p>Al cierre de esta nota, se contaban para el qu\u00f3rum los 30 senadores peronistas, los 7 del PRO, m\u00e1s los dos misioneros del Frente Renovador de la Concordia, la tucumana Beatriz Avila, la rionegrina M\u00f3nica Silva y un pu\u00f1ado de legisladores de la UCR. Con esos m\u00e1s de 40 senadores, la oposici\u00f3n estar\u00eda sobrada para el qu\u00f3rum y habr\u00eda que ver si logra los dos tercios para la expulsi\u00f3n o, para no cederle una nueva banca al peronismo, optan por la suspensi\u00f3n.<\/p>\n<p>El rumor inquietante que complicaba a los de UP era que no estaban garantizadas las presencias de Juan Manzur y dos compa\u00f1eros m\u00e1s de la bancada.<\/p>\n<p>Luego del golpe de efecto de Juez, empezaron a sonar los tel\u00e9fonos de los senadores que reportan directo a los gobernadores del PRO. \u00abSi avanzamos con esto, cae medio Senado\u00bb, le dijo un gobernador a una senadora, que finalmente se ausentar\u00e1 en el momento de dar qu\u00f3rum.<\/p>\n<p>Para evitar abrir una caja de Pandora, en el PRO mutaron desde la expulsi\u00f3n de Kueider a la suspensi\u00f3n. En el Senado se hablaba de una suspensi\u00f3n hasta el 1 de marzo, cuando inicien las sesiones ordinarias, una sanci\u00f3n infinitamente m\u00e1s leve y de menos impacto de la que busca el kirchnerismo.<\/p>\n<p>&nbsp;<\/p>\n<\/div>\n<\/div>\n<\/div>\n<\/div>\n","protected":false},"excerpt":{"rendered":"<p>Macri golpea a Milei y manda a los senadores del PRO a tratar la expulsi\u00f3n de Kueider Lo<\/p>\n","protected":false},"author":8,"featured_media":5688,"comment_status":"open","ping_status":"open","sticky":false,"template":"","format":"standard","meta":{"footnotes":""},"categories":[3,27],"tags":[2037,692,2943],"class_list":["post-7772","post","type-post","status-publish","format-standard","has-post-thumbnail","hentry","category-nacionales","category-politica","tag-edgardo-kueider","tag-javier-milei","tag-mauricio-macri-luis-juez"],"featured_image_urls":{"full":["https:\/\/opinionpublica.com.ar\/index\/wp-content\/uploads\/2024\/09\/0ca880678a1d091fcd0c014bdcf44fc2-mauricio-macri.jpg",1300,787,false],"thumbnail":["https:\/\/opinionpublica.com.ar\/index\/wp-content\/uploads\/2024\/09\/0ca880678a1d091fcd0c014bdcf44fc2-mauricio-macri-150x150.jpg",150,150,true],"medium":["https:\/\/opinionpublica.com.ar\/index\/wp-content\/uploads\/2024\/09\/0ca880678a1d091fcd0c014bdcf44fc2-mauricio-macri-300x182.jpg",300,182,true],"medium_large":["https:\/\/opinionpublica.com.ar\/index\/wp-content\/uploads\/2024\/09\/0ca880678a1d091fcd0c014bdcf44fc2-mauricio-macri-768x465.jpg",640,388,true],"large":["https:\/\/opinionpublica.com.ar\/index\/wp-content\/uploads\/2024\/09\/0ca880678a1d091fcd0c014bdcf44fc2-mauricio-macri-1024x620.jpg",640,388,true],"1536x1536":["https:\/\/opinionpublica.com.ar\/index\/wp-content\/uploads\/2024\/09\/0ca880678a1d091fcd0c014bdcf44fc2-mauricio-macri.jpg",1300,787,false],"2048x2048":["https:\/\/opinionpublica.com.ar\/index\/wp-content\/uploads\/2024\/09\/0ca880678a1d091fcd0c014bdcf44fc2-mauricio-macri.jpg",1300,787,false],"morenews-large":["https:\/\/opinionpublica.com.ar\/index\/wp-content\/uploads\/2024\/09\/0ca880678a1d091fcd0c014bdcf44fc2-mauricio-macri-825x575.jpg",825,575,true],"morenews-medium":["https:\/\/opinionpublica.com.ar\/index\/wp-content\/uploads\/2024\/09\/0ca880678a1d091fcd0c014bdcf44fc2-mauricio-macri-590x410.jpg",590,410,true]},"author_info":{"display_name":"RKing","author_link":"https:\/\/opinionpublica.com.ar\/index\/author\/rking\/"},"category_info":"<a href=\"https:\/\/opinionpublica.com.ar\/index\/category\/nacionales\/\" rel=\"category tag\">Nacionales<\/a> <a href=\"https:\/\/opinionpublica.com.ar\/index\/category\/politica\/\" rel=\"category tag\">Politica<\/a>","tag_info":"Politica","comment_count":"0","_links":{"self":[{"href":"https:\/\/opinionpublica.com.ar\/index\/wp-json\/wp\/v2\/posts\/7772","targetHints":{"allow":["GET"]}}],"collection":[{"href":"https:\/\/opinionpublica.com.ar\/index\/wp-json\/wp\/v2\/posts"}],"about":[{"href":"https:\/\/opinionpublica.com.ar\/index\/wp-json\/wp\/v2\/types\/post"}],"author":[{"embeddable":true,"href":"https:\/\/opinionpublica.com.ar\/index\/wp-json\/wp\/v2\/users\/8"}],"replies":[{"embeddable":true,"href":"https:\/\/opinionpublica.com.ar\/index\/wp-json\/wp\/v2\/comments?post=7772"}],"version-history":[{"count":1,"href":"https:\/\/opinionpublica.com.ar\/index\/wp-json\/wp\/v2\/posts\/7772\/revisions"}],"predecessor-version":[{"id":7773,"href":"https:\/\/opinionpublica.com.ar\/index\/wp-json\/wp\/v2\/posts\/7772\/revisions\/7773"}],"wp:featuredmedia":[{"embeddable":true,"href":"https:\/\/opinionpublica.com.ar\/index\/wp-json\/wp\/v2\/media\/5688"}],"wp:attachment":[{"href":"https:\/\/opinionpublica.com.ar\/index\/wp-json\/wp\/v2\/media?parent=7772"}],"wp:term":[{"taxonomy":"category","embeddable":true,"href":"https:\/\/opinionpublica.com.ar\/index\/wp-json\/wp\/v2\/categories?post=7772"},{"taxonomy":"post_tag","embeddable":true,"href":"https:\/\/opinionpublica.com.ar\/index\/wp-json\/wp\/v2\/tags?post=7772"}],"curies":[{"name":"wp","href":"https:\/\/api.w.org\/{rel}","templated":true}]}}