{"id":78,"date":"2024-03-07T13:36:33","date_gmt":"2024-03-07T13:36:33","guid":{"rendered":"https:\/\/opinionpublica.com.ar\/index\/?p=78"},"modified":"2024-03-12T18:05:35","modified_gmt":"2024-03-12T18:05:35","slug":"aerolineas-argentinas-ahora-como-low-cost","status":"publish","type":"post","link":"https:\/\/opinionpublica.com.ar\/index\/aerolineas-argentinas-ahora-como-low-cost\/","title":{"rendered":"Aerol\u00edneas Argentinas ahora como Low Cost"},"content":{"rendered":"\n<p>Las estructuras tarifarias de Aerol\u00edneas Argentinas sufrieron modificaciones, las cuales ser\u00e1n beneficios para los viajeros.<\/p>\n\n\n\n<p>Desde este martes, Aerol\u00edneas Argentinas decidi\u00f3 realizar ajustes en su estructuras tarifas, ya que incorporaron el<em><strong>\u00a0\u00ablow cost\u00bb<\/strong><\/em>\u00a0para complementar los vuelos en rutas nacionales.<\/p>\n\n\n\n<p>Estas modificaciones se centran principalmente en las categor\u00edas de tarifas&nbsp;<strong>\u00abPromo\u00bb<\/strong>&nbsp;y&nbsp;<strong>\u00abBase\u00bb<\/strong>, las cuales son conocidas por ofrecer precios m\u00e1s accesibles.<\/p>\n\n\n\n<p>En la tarifa\u00a0<strong>\u00abPromo\u00bb<\/strong>\u00a0se permitir\u00e1 \u00fanicamente una mochila o bolso de mano de hasta 3 kilogramos.<\/p>\n\n\n\n<p>Por su parte, en la tarifa&nbsp;<strong>\u00abBase\u00bb,<\/strong>&nbsp;el equipaje facturado ya no estar\u00e1 incluido. Los viajeros podr\u00e1n continuar llevando un equipaje de mano de hasta 8 kilogramos y un art\u00edculo personal de hasta 3 kilogramos.<\/p>\n\n\n\n<p>Adem\u00e1s, se ha tomado la decisi\u00f3n de unificar la penalizaci\u00f3n por cambios en las categor\u00edas Promo, Base y Plus, estableciendo un \u00fanico cargo por modificaciones, eliminando as\u00ed la distinci\u00f3n entre cambios realizados antes o despu\u00e9s de la partida, as\u00ed como los cambios por no presentarse al vuelo.<\/p>\n\n\n\n<p>Estas medidas buscan simplificar el proceso para los pasajeros y brindar una mayor transparencia en cuanto a los costos asociados a cambios en las reservas. Con esta unificaci\u00f3n, se pretende facilitar la experiencia de los viajeros al eliminar posibles confusiones y brindar una pol\u00edtica m\u00e1s clara y uniforme en cuanto a las modificaciones en los boletos a\u00e9reos de Aerol\u00edneas Argentinas.<\/p>\n\n\n\n<p>Desde el 5 de marzo, se implement\u00f3 un cargo adicional de ARS 10.499 (~USD 10) para la inclusi\u00f3n de equipaje en las categor\u00edas de tarifa \u00abPromo\u00bb y \u00abBase\u00bb en vuelos nacionales.<\/p>\n\n\n\n<p>Para vuelos a Tierra del Fuego el costo ser\u00e1 de ARS 8.677. Es importante destacar que, esta modificaci\u00f3n solo afectar\u00e1 a los boletos adquiridos a partir de esa fecha, no teniendo impacto en los billetes comprados previamente.<\/p>\n","protected":false},"excerpt":{"rendered":"<p>Las estructuras tarifarias de Aerol\u00edneas Argentinas sufrieron modificaciones, las cuales ser\u00e1n beneficios para los viajeros. Desde este martes,<\/p>\n","protected":false},"author":2,"featured_media":79,"comment_status":"open","ping_status":"open","sticky":false,"template":"","format":"standard","meta":{"footnotes":""},"categories":[29,3,25,2,22,23],"tags":[],"class_list":["post-78","post","type-post","status-publish","format-standard","has-post-thumbnail","hentry","category-interes-general","category-nacionales","category-rio-grande","category-tierra-del-fuego","category-tolhuin","category-turismo"],"featured_image_urls":{"full":["https:\/\/opinionpublica.com.ar\/index\/wp-content\/uploads\/2024\/03\/aerolineas-argentinas.jpeg",1024,653,false],"thumbnail":["https:\/\/opinionpublica.com.ar\/index\/wp-content\/uploads\/2024\/03\/aerolineas-argentinas-150x150.jpeg",150,150,true],"medium":["https:\/\/opinionpublica.com.ar\/index\/wp-content\/uploads\/2024\/03\/aerolineas-argentinas-300x191.jpeg",300,191,true],"medium_large":["https:\/\/opinionpublica.com.ar\/index\/wp-content\/uploads\/2024\/03\/aerolineas-argentinas-768x490.jpeg",640,408,true],"large":["https:\/\/opinionpublica.com.ar\/index\/wp-content\/uploads\/2024\/03\/aerolineas-argentinas.jpeg",640,408,false],"1536x1536":["https:\/\/opinionpublica.com.ar\/index\/wp-content\/uploads\/2024\/03\/aerolineas-argentinas.jpeg",1024,653,false],"2048x2048":["https:\/\/opinionpublica.com.ar\/index\/wp-content\/uploads\/2024\/03\/aerolineas-argentinas.jpeg",1024,653,false],"morenews-large":["https:\/\/opinionpublica.com.ar\/index\/wp-content\/uploads\/2024\/03\/aerolineas-argentinas-825x575.jpeg",825,575,true],"morenews-medium":["https:\/\/opinionpublica.com.ar\/index\/wp-content\/uploads\/2024\/03\/aerolineas-argentinas-590x410.jpeg",590,410,true]},"author_info":{"display_name":"l0013136","author_link":"https:\/\/opinionpublica.com.ar\/index\/author\/l0013136\/"},"category_info":"<a href=\"https:\/\/opinionpublica.com.ar\/index\/category\/interes-general\/\" rel=\"category tag\">Interes General<\/a> <a href=\"https:\/\/opinionpublica.com.ar\/index\/category\/nacionales\/\" rel=\"category tag\">Nacionales<\/a> <a href=\"https:\/\/opinionpublica.com.ar\/index\/category\/rio-grande\/\" rel=\"category tag\">Rio Grande<\/a> <a href=\"https:\/\/opinionpublica.com.ar\/index\/category\/tierra-del-fuego\/\" rel=\"category tag\">Tierra del Fuego<\/a> <a href=\"https:\/\/opinionpublica.com.ar\/index\/category\/tolhuin\/\" rel=\"category tag\">Tolhuin<\/a> <a href=\"https:\/\/opinionpublica.com.ar\/index\/category\/turismo\/\" rel=\"category tag\">Turismo<\/a>","tag_info":"Turismo","comment_count":"0","_links":{"self":[{"href":"https:\/\/opinionpublica.com.ar\/index\/wp-json\/wp\/v2\/posts\/78","targetHints":{"allow":["GET"]}}],"collection":[{"href":"https:\/\/opinionpublica.com.ar\/index\/wp-json\/wp\/v2\/posts"}],"about":[{"href":"https:\/\/opinionpublica.com.ar\/index\/wp-json\/wp\/v2\/types\/post"}],"author":[{"embeddable":true,"href":"https:\/\/opinionpublica.com.ar\/index\/wp-json\/wp\/v2\/users\/2"}],"replies":[{"embeddable":true,"href":"https:\/\/opinionpublica.com.ar\/index\/wp-json\/wp\/v2\/comments?post=78"}],"version-history":[{"count":1,"href":"https:\/\/opinionpublica.com.ar\/index\/wp-json\/wp\/v2\/posts\/78\/revisions"}],"predecessor-version":[{"id":80,"href":"https:\/\/opinionpublica.com.ar\/index\/wp-json\/wp\/v2\/posts\/78\/revisions\/80"}],"wp:featuredmedia":[{"embeddable":true,"href":"https:\/\/opinionpublica.com.ar\/index\/wp-json\/wp\/v2\/media\/79"}],"wp:attachment":[{"href":"https:\/\/opinionpublica.com.ar\/index\/wp-json\/wp\/v2\/media?parent=78"}],"wp:term":[{"taxonomy":"category","embeddable":true,"href":"https:\/\/opinionpublica.com.ar\/index\/wp-json\/wp\/v2\/categories?post=78"},{"taxonomy":"post_tag","embeddable":true,"href":"https:\/\/opinionpublica.com.ar\/index\/wp-json\/wp\/v2\/tags?post=78"}],"curies":[{"name":"wp","href":"https:\/\/api.w.org\/{rel}","templated":true}]}}