{"id":8041,"date":"2024-12-30T11:24:10","date_gmt":"2024-12-30T14:24:10","guid":{"rendered":"https:\/\/opinionpublica.com.ar\/index\/?p=8041"},"modified":"2024-12-30T11:24:10","modified_gmt":"2024-12-30T14:24:10","slug":"un-heroe-de-malvinas-fue-designado-como-nuevo-director-del-servicio-meteorologico-nacional","status":"publish","type":"post","link":"https:\/\/opinionpublica.com.ar\/index\/un-heroe-de-malvinas-fue-designado-como-nuevo-director-del-servicio-meteorologico-nacional\/","title":{"rendered":"Un h\u00e9roe de Malvinas fue designado como nuevo director del Servicio Meteorol\u00f3gico Nacional"},"content":{"rendered":"<div class=\"sc-968f7cb1-0 jmXtfk normal-header false normal-header false\">\n<div class=\"sc-968f7cb1-0 jmXtfk shared-header shared-header\">\n<div class=\"mt\">\n<p class=\"storyTitle\"><strong>Un h\u00e9roe de Malvinas fue designado como nuevo director del Servicio Meteorol\u00f3gico Nacional<\/strong><\/p>\n<\/div>\n<\/div>\n<\/div>\n<section class=\"sc-fb6646af-1 bCQdLm\">\n<article id=\"storyBody\" class=\"sc-fb6646af-2 cxxwNX\">\n<div class=\"StoryTextContainer vsmcontent\" data-mrf-recirculation=\"Article Body\">\n<div id=\"containerUalter\" class=\"trinity-skip-it\">\n<div class=\"ualter_content\">\n<section class=\"accordion\">\n<div class=\"tab\">\n<div class=\"tab__content\">\n<div class=\"sintesis\">\n<div class=\"sintesis-footer\">\n<div class=\"manos\"><\/div>\n<\/div>\n<\/div>\n<div class=\"footer\">\n<div class=\"rrss\"><\/div>\n<\/div>\n<\/div>\n<\/div>\n<\/section>\n<\/div>\n<\/div>\n<div id=\"cuerpo\">\n<div class=\"sc-80531b6b-0 chRIGJ container-text text-embed\">\n<p>Luego de\u00a0<strong>m\u00e1s de un mes<\/strong>\u00a0de que el Servicio Meteorol\u00f3gico Nacional (SMN) estuviera<strong>\u00a0ac\u00e9falo<\/strong>\u00a0tras la renuncia del f\u00edsico Alejandro de la Torre, el Ministerio de Defensa design\u00f3 para el cargo, en car\u00e1cter \u201cad honorem\u201d, al licenciado Antonio Jos\u00e9 Mauad, comodoro retirado y h\u00e9roe de Malvinas. El nombramiento se confirm\u00f3 este lunes a trav\u00e9s del decreto 1.129 en el Bolet\u00edn Oficial.<\/p>\n<p><a href=\"https:\/\/opinionpublica.com.ar\/index\/wp-content\/uploads\/2024\/12\/z2MKUqDRE_600x600__1-Jose-Antonio-Mauad.jpg\"><img fetchpriority=\"high\" decoding=\"async\" class=\"alignnone size-full wp-image-8042\" src=\"https:\/\/opinionpublica.com.ar\/index\/wp-content\/uploads\/2024\/12\/z2MKUqDRE_600x600__1-Jose-Antonio-Mauad.jpg\" alt=\"\" width=\"600\" height=\"600\" srcset=\"https:\/\/opinionpublica.com.ar\/index\/wp-content\/uploads\/2024\/12\/z2MKUqDRE_600x600__1-Jose-Antonio-Mauad.jpg 600w, https:\/\/opinionpublica.com.ar\/index\/wp-content\/uploads\/2024\/12\/z2MKUqDRE_600x600__1-Jose-Antonio-Mauad-300x300.jpg 300w, https:\/\/opinionpublica.com.ar\/index\/wp-content\/uploads\/2024\/12\/z2MKUqDRE_600x600__1-Jose-Antonio-Mauad-150x150.jpg 150w\" sizes=\"(max-width: 600px) 100vw, 600px\" \/><\/a><\/p>\n<\/div>\n<div class=\"sc-80531b6b-0 chRIGJ container-text text-embed\">\n<p>Hace diez d\u00edas, desde el Centro Argentino de Meteor\u00f3logos (CAM) hab\u00edan reclamado por el nombramiento de\u00a0<strong>alguien id\u00f3neo para el cargo<\/strong>, cuando ya empezaba a trascender la versi\u00f3n de que el pr\u00f3ximo titular del organismo responsable de pronosticar el clima ser\u00eda -como anticip\u00f3\u00a0<strong>Clar\u00edn<\/strong>&#8211; un militar retirado de la Fuerza A\u00e9rea.<\/p>\n<\/div>\n<div class=\"sc-80531b6b-0 chRIGJ container-text text-embed\">\n<p>Mauad fue uno de los pilotos del Escuadr\u00f3n Canberra durante la guerra contra los ingleses, en 1982. A mediados de 2024 fue reconocido como\u00a0<strong>h\u00e9roe de Malvinas\u00a0<\/strong>con la condecoraci\u00f3n \u201cMedalla Honor al Valor en Combate\u201d. Seg\u00fan prev\u00e9 la norma del SMN, deber\u00e1 estar al frente del organismo por los pr\u00f3ximos 4 a\u00f1os.<\/p>\n<\/div>\n<div class=\"sc-3d4cfefd-5 bNxGxV\"><\/div>\n<div class=\"sc-80531b6b-0 chRIGJ container-text text-embed\">\n<p>Como\u00a0<strong>antecedentes<\/strong>\u00a0en la funci\u00f3n p\u00fablica, Mauad tambi\u00e9n fue gerente general del Instituto Nacional de Telecomunicaciones (lNTEL) a comienzos de los &#8217;90, luego fue\u00a0<strong>edec\u00e1n presidencial<\/strong>\u00a0de Carlos Menem y m\u00e1s ac\u00e1 en el tiempo desempe\u00f1\u00f3 funciones en la Administraci\u00f3n Nacional de Aviaci\u00f3n Civil (ANAC). Tambi\u00e9n fue\u00a0<strong>Agregado A\u00e9reo<\/strong>\u00a0en Espa\u00f1a;\u00a0<strong>Agregado de Defensa\u00a0<\/strong>en los Pa\u00edses Bajos, director de la Escuela Superior de Guerra A\u00e9rea, de la Fuerza A\u00e9rea Argentina.<\/p>\n<\/div>\n<div class=\"sc-80531b6b-0 chRIGJ container-text text-embed\">\n<p>Seg\u00fan el curr\u00edculum de Mauad que difundi\u00f3 el Gobierno, el nuevo jefe del organismo no registrar\u00eda antecedentes espec\u00edficos en el \u00e1rea de\u00a0<strong>ciencias de la atm\u00f3sfera<\/strong>. El dato es importante porque el decreto 1432\/2007 establece que el director o la directora del Servicio Meteorol\u00f3gico tiene que ser alguien con un t\u00edtulo universitario y al menos\u00a0<strong>cinco a\u00f1os vinculado<\/strong>\u00a0a esa \u00e1rea del conocimiento. \u201cNo es un detalle menor, es la base para que el SMN pueda cumplir con su misi\u00f3n y brinde informaci\u00f3n vital para proteger vidas y bienes\u201d, explic\u00f3 Carla Gulizia, titular del CAM.<\/p>\n<\/div>\n<div class=\"sc-198be8ec-0 cynXbu image-embed  image-embed \"><a href=\"https:\/\/opinionpublica.com.ar\/index\/wp-content\/uploads\/2024\/12\/D1AvY_buQ_600x600__1-servicio-meterologico.jpg\"><img decoding=\"async\" class=\"alignnone  wp-image-8043\" src=\"https:\/\/opinionpublica.com.ar\/index\/wp-content\/uploads\/2024\/12\/D1AvY_buQ_600x600__1-servicio-meterologico.jpg\" alt=\"\" width=\"755\" height=\"755\" srcset=\"https:\/\/opinionpublica.com.ar\/index\/wp-content\/uploads\/2024\/12\/D1AvY_buQ_600x600__1-servicio-meterologico.jpg 600w, https:\/\/opinionpublica.com.ar\/index\/wp-content\/uploads\/2024\/12\/D1AvY_buQ_600x600__1-servicio-meterologico-300x300.jpg 300w, https:\/\/opinionpublica.com.ar\/index\/wp-content\/uploads\/2024\/12\/D1AvY_buQ_600x600__1-servicio-meterologico-150x150.jpg 150w\" sizes=\"(max-width: 755px) 100vw, 755px\" \/><\/a><\/div>\n<div class=\"sc-80531b6b-0 chRIGJ container-text text-embed\">\n<p>La norma mencionada dice, concretamente en el\u00a0<strong>art\u00edculo 5 del T\u00edtulo III<\/strong>, lo siguiente: \u201cPara ser director se requiere ser argentino nativo, naturalizado o por opci\u00f3n, tener una edad m\u00ednima de treinta (30) a\u00f1os y poseer t\u00edtulo profesional de carrera universitaria de cinco (5) a\u00f1os de duraci\u00f3n vinculada a las ciencias de la atm\u00f3sfera\u201d.<\/p>\n<\/div>\n<div class=\"sc-3d4cfefd-0 ihdmbe\">\n<div id=\"div-gpt-ad-caja0\" class=\"sc-dd1745b8-0 dNUhuM bannerSRA\" data-google-query-id=\"CJCHwtTXz4oDFcdZuAQdxIMTsw\">\n<div id=\"google_ads_iframe_\/242767168\/clarin\/sociedad\/nota\/caja0_0__container__\"><\/div>\n<\/div>\n<\/div>\n<div class=\"sc-80531b6b-0 chRIGJ container-text text-embed\">\n<p>Seg\u00fan los datos a los que pudo acceder\u00a0<strong>Clar\u00edn<\/strong>\u00a0de fuentes oficiales, Mauad tiene una licenciatura en\u00a0<strong>Sistemas Aeron\u00e1uticos y Aeroespaciales<\/strong>, t\u00edtulo que obtuvo en el Instituto Universitario Aeron\u00e1utico. Adem\u00e1s tiene un\u00a0<strong>master en Gesti\u00f3n Aeron\u00e1utica y Aeroportuaria<\/strong>\u00a0realizado en la Universidad San Pablo CEU, en Madrid.<\/p>\n<\/div>\n<div class=\"sc-80531b6b-0 chRIGJ container-text text-embed\">\n<p>La direcci\u00f3n del SMN\u00a0<strong>viene accidentada<\/strong>. El 2 de febrero hab\u00eda presentado la renuncia la anterior directora del organismo, Yanina Garc\u00eda Skabar, de reconocida trayectoria en las ciencias de la atm\u00f3sfera y nombrada en octubre de 2023 por el anterior Gobierno, tras el fin de la gesti\u00f3n de Celeste Saulo, que\u00a0pas\u00f3 a presidir la Organizaci\u00f3n Meteorol\u00f3gica Mundial.<\/p>\n<\/div>\n<div class=\"sc-198be8ec-0 cynXbu image-embed  image-embed \"><span class=\"epigraphe\">El edificio del Servicio Meteorol\u00f3gico Nacional en Palermo. Foto: Juano Tesone<\/span><\/div>\n<div class=\"sc-80531b6b-0 chRIGJ container-text text-embed\">\n<p>Cabe aclarar que el mandato de cada director deber\u00eda ser de cuatro a\u00f1os, pero ya van\u00a0<strong>dos experiencias consecutivas interrumpidas<\/strong>\u00a0a los pocos meses. Tras la salida de Skabar, tom\u00f3 el cargo De la Torre, luego de renunciar como jefe del Comit\u00e9 Cient\u00edfico Asesor de la Lucha Antigranizo, puesto que desempe\u00f1aba en Mendoza.<\/p>\n<\/div>\n<div class=\"sc-3d4cfefd-0 ihdmbe\">\n<div id=\"div-gpt-ad-caja1\" class=\"sc-dd1745b8-0 dNUhuM bannerSRA\" data-google-query-id=\"CJKHwtTXz4oDFcdZuAQdxIMTsw\">\n<div id=\"google_ads_iframe_\/242767168\/clarin\/sociedad\/nota\/caja1_0__container__\"><\/div>\n<\/div>\n<\/div>\n<div class=\"sc-80531b6b-0 chRIGJ container-text text-embed\">\n<p>De la Torre, que es investigador principal del Conicet y docente de la Universidad Austral, se desempe\u00f1\u00f3 apenas hasta comienzos de noviembre, momento en que decidi\u00f3 dar un paso al costado. Seg\u00fan fuentes del sector, este a\u00f1o cerca de<strong>\u00a050 personas<\/strong>\u00a0fueron despedidas del SMN y hoy integran el organismo\u00a0<strong>1.067 empleados<\/strong>, de los cuales\u00a0<strong>853 son civiles<\/strong>\u00a0y\u00a0<strong>214,<\/strong>\u00a0<strong>personal militar\u00a0<\/strong>en comisi\u00f3n.<\/p>\n<\/div>\n<div class=\"sc-80531b6b-0 chRIGJ container-text text-embed\">\n<p>Si bien De la Torre no ten\u00eda antecedentes en el SMN -c\u00f3mo s\u00ed los ten\u00eda Skabar-, adem\u00e1s de doctor en F\u00edsica es experto en Ciencias de la Tierra, del Agua y de la Atm\u00f3sfera, lo que hizo legalmente compatible su perfil profesional con el cargo que deb\u00eda desempe\u00f1ar. Los conocimientos t\u00e9cnicos del director del organismo, seg\u00fan afirman meteor\u00f3logos consultados, son decisivos porque\u00a0<strong>deben participar activamente<\/strong>, por ejemplo, en la emisi\u00f3n de alertas por fen\u00f3menos clim\u00e1ticos extremos.<\/p>\n<\/div>\n<\/div>\n<\/div>\n<\/article>\n<\/section>\n","protected":false},"excerpt":{"rendered":"<p>Un h\u00e9roe de Malvinas fue designado como nuevo director del Servicio Meteorol\u00f3gico Nacional Luego de\u00a0m\u00e1s de un mes\u00a0de<\/p>\n","protected":false},"author":8,"featured_media":8042,"comment_status":"open","ping_status":"open","sticky":false,"template":"","format":"standard","meta":{"footnotes":""},"categories":[3],"tags":[3033,3032],"class_list":["post-8041","post","type-post","status-publish","format-standard","has-post-thumbnail","hentry","category-nacionales","tag-jose-antonio-mauad","tag-servicio-meteorologico-nacional"],"featured_image_urls":{"full":["https:\/\/opinionpublica.com.ar\/index\/wp-content\/uploads\/2024\/12\/z2MKUqDRE_600x600__1-Jose-Antonio-Mauad.jpg",600,600,false],"thumbnail":["https:\/\/opinionpublica.com.ar\/index\/wp-content\/uploads\/2024\/12\/z2MKUqDRE_600x600__1-Jose-Antonio-Mauad-150x150.jpg",150,150,true],"medium":["https:\/\/opinionpublica.com.ar\/index\/wp-content\/uploads\/2024\/12\/z2MKUqDRE_600x600__1-Jose-Antonio-Mauad-300x300.jpg",300,300,true],"medium_large":["https:\/\/opinionpublica.com.ar\/index\/wp-content\/uploads\/2024\/12\/z2MKUqDRE_600x600__1-Jose-Antonio-Mauad.jpg",600,600,false],"large":["https:\/\/opinionpublica.com.ar\/index\/wp-content\/uploads\/2024\/12\/z2MKUqDRE_600x600__1-Jose-Antonio-Mauad.jpg",600,600,false],"1536x1536":["https:\/\/opinionpublica.com.ar\/index\/wp-content\/uploads\/2024\/12\/z2MKUqDRE_600x600__1-Jose-Antonio-Mauad.jpg",600,600,false],"2048x2048":["https:\/\/opinionpublica.com.ar\/index\/wp-content\/uploads\/2024\/12\/z2MKUqDRE_600x600__1-Jose-Antonio-Mauad.jpg",600,600,false],"morenews-large":["https:\/\/opinionpublica.com.ar\/index\/wp-content\/uploads\/2024\/12\/z2MKUqDRE_600x600__1-Jose-Antonio-Mauad-600x575.jpg",600,575,true],"morenews-medium":["https:\/\/opinionpublica.com.ar\/index\/wp-content\/uploads\/2024\/12\/z2MKUqDRE_600x600__1-Jose-Antonio-Mauad-590x410.jpg",590,410,true]},"author_info":{"display_name":"RKing","author_link":"https:\/\/opinionpublica.com.ar\/index\/author\/rking\/"},"category_info":"<a href=\"https:\/\/opinionpublica.com.ar\/index\/category\/nacionales\/\" rel=\"category tag\">Nacionales<\/a>","tag_info":"Nacionales","comment_count":"0","_links":{"self":[{"href":"https:\/\/opinionpublica.com.ar\/index\/wp-json\/wp\/v2\/posts\/8041","targetHints":{"allow":["GET"]}}],"collection":[{"href":"https:\/\/opinionpublica.com.ar\/index\/wp-json\/wp\/v2\/posts"}],"about":[{"href":"https:\/\/opinionpublica.com.ar\/index\/wp-json\/wp\/v2\/types\/post"}],"author":[{"embeddable":true,"href":"https:\/\/opinionpublica.com.ar\/index\/wp-json\/wp\/v2\/users\/8"}],"replies":[{"embeddable":true,"href":"https:\/\/opinionpublica.com.ar\/index\/wp-json\/wp\/v2\/comments?post=8041"}],"version-history":[{"count":1,"href":"https:\/\/opinionpublica.com.ar\/index\/wp-json\/wp\/v2\/posts\/8041\/revisions"}],"predecessor-version":[{"id":8044,"href":"https:\/\/opinionpublica.com.ar\/index\/wp-json\/wp\/v2\/posts\/8041\/revisions\/8044"}],"wp:featuredmedia":[{"embeddable":true,"href":"https:\/\/opinionpublica.com.ar\/index\/wp-json\/wp\/v2\/media\/8042"}],"wp:attachment":[{"href":"https:\/\/opinionpublica.com.ar\/index\/wp-json\/wp\/v2\/media?parent=8041"}],"wp:term":[{"taxonomy":"category","embeddable":true,"href":"https:\/\/opinionpublica.com.ar\/index\/wp-json\/wp\/v2\/categories?post=8041"},{"taxonomy":"post_tag","embeddable":true,"href":"https:\/\/opinionpublica.com.ar\/index\/wp-json\/wp\/v2\/tags?post=8041"}],"curies":[{"name":"wp","href":"https:\/\/api.w.org\/{rel}","templated":true}]}}