{"id":8045,"date":"2024-12-30T11:31:15","date_gmt":"2024-12-30T14:31:15","guid":{"rendered":"https:\/\/opinionpublica.com.ar\/index\/?p=8045"},"modified":"2024-12-30T11:31:15","modified_gmt":"2024-12-30T14:31:15","slug":"vivir-en-puerto-almanza-entre-la-belleza-y-los-desafios-del-fin-del-mundo","status":"publish","type":"post","link":"https:\/\/opinionpublica.com.ar\/index\/vivir-en-puerto-almanza-entre-la-belleza-y-los-desafios-del-fin-del-mundo\/","title":{"rendered":"Vivir en Puerto Almanza: entre la belleza y los desaf\u00edos del fin del mundo"},"content":{"rendered":"<header class=\"header-interior\">\n<p id=\"nota-title\"><strong>Vivir en Puerto Almanza: entre la belleza y los desaf\u00edos del fin del mundo<\/strong><\/p>\n<\/header>\n<div id=\"main\" class=\"column\">\n<div class=\"cont-nota\">\n<article class=\"cont-cuerpo\">\n<section class=\"texto\">A 75 kil\u00f3metros al este de Ushuaia, en un rinc\u00f3n remoto de Tierra del Fuego, se encuentra Puerto Almanza, una aldea de pescadores que parece detenida en el tiempo. Con menos de 200 habitantes en verano y apenas 50 durante el invierno, este lugar combina la belleza natural del Canal Beagle con una forma de vida sencilla y desafiante.<\/p>\n<p><a href=\"https:\/\/opinionpublica.com.ar\/index\/wp-content\/uploads\/2024\/10\/excursion-puerto-almanza-ushuaia.jpg\"><img fetchpriority=\"high\" decoding=\"async\" class=\"alignnone size-full wp-image-6176\" src=\"https:\/\/opinionpublica.com.ar\/index\/wp-content\/uploads\/2024\/10\/excursion-puerto-almanza-ushuaia.jpg\" alt=\"\" width=\"900\" height=\"507\" srcset=\"https:\/\/opinionpublica.com.ar\/index\/wp-content\/uploads\/2024\/10\/excursion-puerto-almanza-ushuaia.jpg 900w, https:\/\/opinionpublica.com.ar\/index\/wp-content\/uploads\/2024\/10\/excursion-puerto-almanza-ushuaia-300x169.jpg 300w, https:\/\/opinionpublica.com.ar\/index\/wp-content\/uploads\/2024\/10\/excursion-puerto-almanza-ushuaia-768x433.jpg 768w\" sizes=\"(max-width: 900px) 100vw, 900px\" \/><\/a><\/p>\n<p><b>La pesca de la centolla: una aventura en el fin del mundo<\/b><\/p>\n<p>En Puerto Almanza, la pesca de centolla es mucho m\u00e1s que una actividad econ\u00f3mica; es una odisea diaria. Sergio Carrera, quien lleg\u00f3 desde Dock Sud hace m\u00e1s de dos d\u00e9cadas, lidera la recolecci\u00f3n de este crust\u00e1ceo junto a su familia. \u201cEl Beagle no es para cualquiera. Un d\u00eda el clima est\u00e1 perfecto y al siguiente te sorprende el viento o la nieve\u201d, explica mientras relata c\u00f3mo deben recoger las jaulas con rapidez antes de que el temporal cierre el paso.<\/p>\n<p><a href=\"https:\/\/opinionpublica.com.ar\/index\/wp-content\/uploads\/2024\/04\/centolla-tdf.jpg\"><img decoding=\"async\" class=\"alignnone size-full wp-image-2275\" src=\"https:\/\/opinionpublica.com.ar\/index\/wp-content\/uploads\/2024\/04\/centolla-tdf.jpg\" alt=\"\" width=\"900\" height=\"507\" srcset=\"https:\/\/opinionpublica.com.ar\/index\/wp-content\/uploads\/2024\/04\/centolla-tdf.jpg 900w, https:\/\/opinionpublica.com.ar\/index\/wp-content\/uploads\/2024\/04\/centolla-tdf-300x169.jpg 300w, https:\/\/opinionpublica.com.ar\/index\/wp-content\/uploads\/2024\/04\/centolla-tdf-768x433.jpg 768w\" sizes=\"(max-width: 900px) 100vw, 900px\" \/><\/a><\/p>\n<p>La centolla, conocida como el \u201coro rojo del mar\u201d, es un producto exclusivo que se encuentra solo en Alaska, Rusia y Ushuaia. Su alto valor, que puede alcanzar hasta 200 mil pesos por ejemplar, refleja la dificultad de su pesca y la escasez del recurso. Sergio lo resume as\u00ed: \u201cNo es como ir a un mercado. Ac\u00e1 pod\u00e9s pasar d\u00edas sin encontrar nada\u201d.<\/p>\n<p><b>El arte de cocinar centolla: del mar a la mesa<\/b><\/p>\n<p>Lucas, el hijo de Sergio, est\u00e1 al frente de la cocina en el restaurante familiar\u00a0<i>Puerto Pirata<\/i>. Aprendi\u00f3 desde ni\u00f1o el oficio de procesar centolla y hoy combina esa experiencia con t\u00e9cnicas culinarias. \u201cEl secreto est\u00e1 en no pasarse de cocci\u00f3n, usar agua del Canal Beagle y enfriar bien para conservar su sabor natural\u201d, detalla Lucas, quien invita a los comensales a disfrutar del crust\u00e1ceo al natural, reci\u00e9n salido del mar.<\/p>\n<p>El restaurante, adem\u00e1s, ofrece una experiencia \u00fanica: los clientes pueden embarcarse en el Beagle, elegir su centolla y verla en su plato minutos despu\u00e9s. \u201cEs una prote\u00edna delicada, con un sabor suave que hay que probar al menos una vez en la vida\u201d, asegura Lucas.<\/p>\n<p><b>Adaptarse a un ritmo de vida diferente<\/b><\/p>\n<p>Liz, marinera en la embarcaci\u00f3n familiar, dej\u00f3 la ciudad de Buenos Aires para radicarse en Punta Paran\u00e1, cerca de Puerto Almanza. Para ella, el cambio fue tan radical como enriquecedor. \u201cEstar ac\u00e1 te obliga a conectarte con la naturaleza y desconectarte de la rutina urbana. Es una vida distinta, pero hermosa\u201d, reflexiona.<\/p>\n<p><a href=\"https:\/\/opinionpublica.com.ar\/index\/wp-content\/uploads\/2024\/08\/puerto-almanza-barco.jpg\"><img decoding=\"async\" class=\"alignnone size-full wp-image-5078\" src=\"https:\/\/opinionpublica.com.ar\/index\/wp-content\/uploads\/2024\/08\/puerto-almanza-barco.jpg\" alt=\"\" width=\"800\" height=\"600\" srcset=\"https:\/\/opinionpublica.com.ar\/index\/wp-content\/uploads\/2024\/08\/puerto-almanza-barco.jpg 800w, https:\/\/opinionpublica.com.ar\/index\/wp-content\/uploads\/2024\/08\/puerto-almanza-barco-300x225.jpg 300w, https:\/\/opinionpublica.com.ar\/index\/wp-content\/uploads\/2024\/08\/puerto-almanza-barco-768x576.jpg 768w\" sizes=\"(max-width: 800px) 100vw, 800px\" \/><\/a><\/p>\n<p>En Almanza, las relaciones comunitarias son esenciales. Los habitantes, organizados en un grupo de WhatsApp, se coordinan para resolver necesidades como compras en la ciudad o emergencias clim\u00e1ticas. \u201cEs un lugar para quienes aman la soledad, la naturaleza y la vida simple\u201d, afirma Liz, todav\u00eda emocionada por la experiencia de vivir tan cerca del fin del mundo.<\/p>\n<p><b>Un rinc\u00f3n perdido con alma fueguina<\/b><\/p>\n<p>La ruta de ripio que conecta Ushuaia con Almanza serpentea entre monta\u00f1as nevadas, bosques y lagos de deshielo. Seg\u00fan C\u00e9sar Barneau, del Instituto Fueguino de Turismo, el camino en s\u00ed mismo es parte de la aventura. La peque\u00f1a aldea y su entorno ofrecen una desconexi\u00f3n absoluta del ritmo fren\u00e9tico de las ciudades, algo que pocos lugares en el mundo pueden brindar.<\/p>\n<p>Sergio Carrera, mientras cuelga su piloto amarillo al regresar de una jornada de pesca, lo resume con simpleza: \u201cEstar ac\u00e1 no es para cualquiera, pero si te gusta, no lo cambi\u00e1s por nada\u201d.<\/p>\n<p><b>Puerto Almanza: un tesoro escondido<\/b><\/p>\n<p>En este rinc\u00f3n fueguino, la vida transcurre al comp\u00e1s de la naturaleza. La pesca de centollas, los paisajes majestuosos y la resiliencia de sus habitantes convierten a Puerto Almanza en un lugar \u00fanico. Es un refugio para quienes buscan algo m\u00e1s que paisajes; un espacio donde el esfuerzo y la belleza se encuentran para ofrecer una experiencia que trasciende lo cotidiano.<\/p>\n<p>&nbsp;<\/p>\n<div class=\"banner banner-hidde\" aria-hidden=\"true\">\n<div id=\"banner-ad-interior-2\" data-slot=\"interior2\"><\/div>\n<\/div>\n<\/section>\n<\/article>\n<\/div>\n<\/div>\n","protected":false},"excerpt":{"rendered":"<p>Vivir en Puerto Almanza: entre la belleza y los desaf\u00edos del fin del mundo A 75 kil\u00f3metros al<\/p>\n","protected":false},"author":8,"featured_media":5076,"comment_status":"open","ping_status":"open","sticky":false,"template":"","format":"standard","meta":{"footnotes":""},"categories":[2,23],"tags":[158,19],"class_list":["post-8045","post","type-post","status-publish","format-standard","has-post-thumbnail","hentry","category-tierra-del-fuego","category-turismo","tag-puerto-almanza","tag-turismo"],"featured_image_urls":{"full":["https:\/\/opinionpublica.com.ar\/index\/wp-content\/uploads\/2024\/08\/puerto-almanza-1.jpeg",2000,1333,false],"thumbnail":["https:\/\/opinionpublica.com.ar\/index\/wp-content\/uploads\/2024\/08\/puerto-almanza-1-150x150.jpeg",150,150,true],"medium":["https:\/\/opinionpublica.com.ar\/index\/wp-content\/uploads\/2024\/08\/puerto-almanza-1-300x200.jpeg",300,200,true],"medium_large":["https:\/\/opinionpublica.com.ar\/index\/wp-content\/uploads\/2024\/08\/puerto-almanza-1-768x512.jpeg",640,427,true],"large":["https:\/\/opinionpublica.com.ar\/index\/wp-content\/uploads\/2024\/08\/puerto-almanza-1-1024x682.jpeg",640,426,true],"1536x1536":["https:\/\/opinionpublica.com.ar\/index\/wp-content\/uploads\/2024\/08\/puerto-almanza-1-1536x1024.jpeg",1536,1024,true],"2048x2048":["https:\/\/opinionpublica.com.ar\/index\/wp-content\/uploads\/2024\/08\/puerto-almanza-1.jpeg",2000,1333,false],"morenews-large":["https:\/\/opinionpublica.com.ar\/index\/wp-content\/uploads\/2024\/08\/puerto-almanza-1-825x575.jpeg",825,575,true],"morenews-medium":["https:\/\/opinionpublica.com.ar\/index\/wp-content\/uploads\/2024\/08\/puerto-almanza-1-590x410.jpeg",590,410,true]},"author_info":{"display_name":"RKing","author_link":"https:\/\/opinionpublica.com.ar\/index\/author\/rking\/"},"category_info":"<a href=\"https:\/\/opinionpublica.com.ar\/index\/category\/tierra-del-fuego\/\" rel=\"category tag\">Tierra del Fuego<\/a> <a href=\"https:\/\/opinionpublica.com.ar\/index\/category\/turismo\/\" rel=\"category tag\">Turismo<\/a>","tag_info":"Turismo","comment_count":"0","_links":{"self":[{"href":"https:\/\/opinionpublica.com.ar\/index\/wp-json\/wp\/v2\/posts\/8045","targetHints":{"allow":["GET"]}}],"collection":[{"href":"https:\/\/opinionpublica.com.ar\/index\/wp-json\/wp\/v2\/posts"}],"about":[{"href":"https:\/\/opinionpublica.com.ar\/index\/wp-json\/wp\/v2\/types\/post"}],"author":[{"embeddable":true,"href":"https:\/\/opinionpublica.com.ar\/index\/wp-json\/wp\/v2\/users\/8"}],"replies":[{"embeddable":true,"href":"https:\/\/opinionpublica.com.ar\/index\/wp-json\/wp\/v2\/comments?post=8045"}],"version-history":[{"count":2,"href":"https:\/\/opinionpublica.com.ar\/index\/wp-json\/wp\/v2\/posts\/8045\/revisions"}],"predecessor-version":[{"id":8047,"href":"https:\/\/opinionpublica.com.ar\/index\/wp-json\/wp\/v2\/posts\/8045\/revisions\/8047"}],"wp:featuredmedia":[{"embeddable":true,"href":"https:\/\/opinionpublica.com.ar\/index\/wp-json\/wp\/v2\/media\/5076"}],"wp:attachment":[{"href":"https:\/\/opinionpublica.com.ar\/index\/wp-json\/wp\/v2\/media?parent=8045"}],"wp:term":[{"taxonomy":"category","embeddable":true,"href":"https:\/\/opinionpublica.com.ar\/index\/wp-json\/wp\/v2\/categories?post=8045"},{"taxonomy":"post_tag","embeddable":true,"href":"https:\/\/opinionpublica.com.ar\/index\/wp-json\/wp\/v2\/tags?post=8045"}],"curies":[{"name":"wp","href":"https:\/\/api.w.org\/{rel}","templated":true}]}}