{"id":8059,"date":"2025-01-03T09:34:15","date_gmt":"2025-01-03T12:34:15","guid":{"rendered":"https:\/\/opinionpublica.com.ar\/index\/?p=8059"},"modified":"2025-01-03T09:34:15","modified_gmt":"2025-01-03T12:34:15","slug":"karina-milei-2025-recorridas-por-todo-el-pais-centralidad-electoral-y-selfies","status":"publish","type":"post","link":"https:\/\/opinionpublica.com.ar\/index\/karina-milei-2025-recorridas-por-todo-el-pais-centralidad-electoral-y-selfies\/","title":{"rendered":"Karina Milei 2025: recorridas por todo el pa\u00eds, centralidad electoral y selfies"},"content":{"rendered":"<header class=\"news-headline\">\n<p class=\"news-headline__title\"><strong>Karina Milei 2025: recorridas por todo el pa\u00eds, centralidad electoral y selfies<\/strong><\/p>\n<p class=\"ignore-parser\">La presidenta de\u00a0<strong class=\"ignore-parser\">La Libertad Avanza<\/strong>\u00a0planea visitar Mendoza, Tierra del Fuego y la costa bonaerense. Candidaturas propias y consolidaci\u00f3n del partido.<\/p>\n<\/header>\n<div class=\"row\">\n<div class=\"col-12 col-lg-8\">\n<div class=\"detail-gallery\">\n<div class=\"detail-gallery__slide-wrapper\">\n<div class=\"detail-gallery__slide\">\n<figure class=\"detail-gallery__figure\">\n<div class=\"detail-gallery__nav\"><a href=\"https:\/\/opinionpublica.com.ar\/index\/wp-content\/uploads\/2025\/01\/i67snbj4nvdyxgxxmt6iacrzya-1jpg-karina-milei.webp\"><img fetchpriority=\"high\" decoding=\"async\" class=\"alignnone size-full wp-image-8060\" src=\"https:\/\/opinionpublica.com.ar\/index\/wp-content\/uploads\/2025\/01\/i67snbj4nvdyxgxxmt6iacrzya-1jpg-karina-milei.webp\" alt=\"\" width=\"790\" height=\"444\" srcset=\"https:\/\/opinionpublica.com.ar\/index\/wp-content\/uploads\/2025\/01\/i67snbj4nvdyxgxxmt6iacrzya-1jpg-karina-milei.webp 790w, https:\/\/opinionpublica.com.ar\/index\/wp-content\/uploads\/2025\/01\/i67snbj4nvdyxgxxmt6iacrzya-1jpg-karina-milei-300x169.webp 300w, https:\/\/opinionpublica.com.ar\/index\/wp-content\/uploads\/2025\/01\/i67snbj4nvdyxgxxmt6iacrzya-1jpg-karina-milei-768x432.webp 768w\" sizes=\"(max-width: 790px) 100vw, 790px\" \/><\/a><\/div>\n<\/figure>\n<\/div>\n<div class=\"detail-gallery__caption \">\n<p>Karina Milei, presidenta de La Libertad Avanza.<\/p>\n<\/div>\n<\/div>\n<\/div>\n<article class=\"article-body article-body--first-paragraph\" data-td-script-src=\"https:\/\/www.letrap.com.ar\/js-custom\/vendor\/jquery\/jquery-3.6.0.min-min-version-1735358708.js\">La presidenta de\u00a0<strong>La Libertad Avanza<\/strong>,\u00a0<strong>Karina Milei,<\/strong>\u00a0abrir\u00e1 el calendario electoral con visitas a, al menos, tres provincias. La hermana del Presidente quiere recorrer todo el pa\u00eds para consolidar\u00a0el armado partidario que lanz\u00f3 hace tres meses\u00a0y preparar a dirigentes locales para competir con lista propia en la mayor cantidad de jurisdicciones posibles.<\/p>\n<\/article>\n<article class=\"article-body article-body--second-paragraph\">Despu\u00e9s de su \u00faltima visita a\u00a0<strong>Misiones<\/strong>, donde el oficialismo\u00a0se plant\u00f3 ante la hegemon\u00eda del\u00a0<strong>Frente Renovador de la Concordia<\/strong>, la secretaria General de la Presidencia quiere reforzar su agenda con visitas a\u00a0<strong>Mendoza<\/strong>,\u00a0<strong>Tierra del Fuego<\/strong>\u00a0y\u00a0<strong>Buenos Aires<\/strong>. Esta \u00faltima provincia ser\u00e1 determinante porque concentra el padr\u00f3n electoral m\u00e1s grande de la Argentina y tambi\u00e9n porque es donde se librar\u00e1 la principal pelea con el peronismo, que domina la gobernaci\u00f3n a trav\u00e9s de\u00a0<strong>Axel Kicillof<\/strong>\u00a0y la mayor\u00eda de los 135 municipios bonaerenses.<\/p>\n<\/article>\n<div>\n<div id=\"Inline\">\n<div id=\"sas_1735906429858rnd\"><\/div>\n<\/div>\n<\/div>\n<article class=\"article-body article-body--third-paragraph\">Con la idea de conquistar el electorado bonaerense, El Jefe planea recorrer las playas m\u00e1s concurridas de la temporada de verano como\u00a0<strong>Pinamar<\/strong>,\u00a0<strong>Mar del Plata<\/strong>\u00a0o\u00a0<strong>Bah\u00eda Blanca<\/strong>, siempre con el mismo m\u00e9todo: ser\u00e1 la principal protagonista de los actos, donde dar\u00e1 un discurso de cierre de 15 minutos y responder\u00e1 preguntas del p\u00fablico s\u00f3lo circunscripto a temas partidarios o electorales.<\/p>\n<\/article>\n<article class=\"article-body article-body--fourth-paragraph\">Tambi\u00e9n, est\u00e1 previsto que Karina Milei dedique una hora para saludar y tomarse\u00a0<em>selfies<\/em>\u00a0con los asistentes a sus actos, que s\u00f3lo podr\u00e1n ingresar con invitaciones especiales o con una lista de registros que se confeccionar\u00e1 con antelaci\u00f3n. De todos modos, no se descarta que tanto ella como su comitiva rompan el libreto habitual y se sumen a hablar con la ciudadan\u00eda en general en algunas zonas concurridas por el turismo local, como lo hicieron la semana pasada al visitar la Costanera de Posada, en\u00a0<strong>Misiones<\/strong>.<\/p>\n<\/article>\n<article class=\"article-body article-body--fifth-paragraph\"><strong>Karina Milei quiere candidatos propios en todas las provincias<\/strong><\/p>\n<p>Milei conf\u00eda en darle forma y profundidad a LLA a lo largo y ancho del pa\u00eds, sin excepciones sobre si se trata de provincias aliadas o enfrentadas a la\u00a0<strong>Casa Rosada<\/strong>. El objetivo principal es preparar candidatos propios, m\u00e1s all\u00e1 que al filo del cierre de listas analice la posibilidad de llegar a alg\u00fan tipo de acuerdo en territorios que considera claves para te\u00f1ir de violeta el Congreso el pr\u00f3ximo a\u00f1o.<\/p>\n<p><a href=\"https:\/\/opinionpublica.com.ar\/index\/wp-content\/uploads\/2024\/08\/791310-karina-milei-y-santiago-caputo-telam_0.jpg\"><img decoding=\"async\" class=\"alignnone size-full wp-image-4665\" src=\"https:\/\/opinionpublica.com.ar\/index\/wp-content\/uploads\/2024\/08\/791310-karina-milei-y-santiago-caputo-telam_0.jpg\" alt=\"\" width=\"960\" height=\"540\" srcset=\"https:\/\/opinionpublica.com.ar\/index\/wp-content\/uploads\/2024\/08\/791310-karina-milei-y-santiago-caputo-telam_0.jpg 960w, https:\/\/opinionpublica.com.ar\/index\/wp-content\/uploads\/2024\/08\/791310-karina-milei-y-santiago-caputo-telam_0-300x169.jpg 300w, https:\/\/opinionpublica.com.ar\/index\/wp-content\/uploads\/2024\/08\/791310-karina-milei-y-santiago-caputo-telam_0-768x432.jpg 768w\" sizes=\"(max-width: 960px) 100vw, 960px\" \/><\/a><\/p>\n<\/article>\n<article class=\"article-body article-body--sixth-paragraph\">Con la mente puesta en las elecciones, la c\u00fapula libertaria estudiar\u00e1 una a una las posibilidades de acuerdo en las 24 jurisdicciones. \u00abSer\u00e1n 24 elecciones distintas y 24 acuerdos diferentes\u00bb, aseguran fuentes del oficialismo. No obstante, aclaran que, en todos los casos, El Jefe definir\u00e1 la estrategia electoral y seleccionar\u00e1 el nombre y el orden de los candidatos a ingresar al Congreso.<\/p>\n<p>Esa l\u00f3gica qued\u00f3 expuesta en su paso por Posadas, territorio en el que se da la peculiaridad de que dos de las tres bancas que se ponen en juego en Diputados son votos que el oficialismo cuenta como propios en cada votaci\u00f3n. El Jefe viaj\u00f3 a esa ciudad con\u00a0<strong>Mart\u00edn Menem<\/strong>, presidente de la c\u00e1mara baja y su segundo en la conducci\u00f3n del partido, y con\u00a0<strong>Javier Lanari<\/strong>, el subsecretario de Prensa que conoce como pocos Misiones y que se posiciona como uno de los principales hombres de confianza de los hermanos Milei.<\/p>\n<p>Buenos Aires no es la excepci\u00f3n. Los operadores pol\u00edticos del karinismo repiten con insistencia que est\u00e1n buscando un gran acuerdo para ganarle al kirchnerismo en la provincia y eso incluye la posibilidad de integrar a sus boletas elementos del PRO, la UCR e, incluso, el peronismo. Sin embargo, Karina dej\u00f3 en claro que no quiere un acuerdo entre c\u00fapulas partidarias,\u00a0es decir desech\u00f3 la idea de sentarse a negociar con\u00a0<strong>Mauricio Macri<\/strong>\u00a0o\u00a0<strong>Mart\u00edn Lousteau<\/strong>.<\/p>\n<p>\u00abTodos los que tengan nuestras ideas son bienvenidos, no importa el pasado pol\u00edtico que tengan\u00bb, asegur\u00f3, a\u00a0<strong>Letra P,<\/strong>\u00a0una fuente de di\u00e1logo cotidiano con la secretaria General.<\/p>\n<\/article>\n<\/div>\n<\/div>\n","protected":false},"excerpt":{"rendered":"<p>Karina Milei 2025: recorridas por todo el pa\u00eds, centralidad electoral y selfies La presidenta de\u00a0La Libertad Avanza\u00a0planea visitar<\/p>\n","protected":false},"author":8,"featured_media":605,"comment_status":"open","ping_status":"open","sticky":false,"template":"","format":"standard","meta":{"footnotes":""},"categories":[3,27],"tags":[693,35,5],"class_list":["post-8059","post","type-post","status-publish","format-standard","has-post-thumbnail","hentry","category-nacionales","category-politica","tag-karina-milei","tag-politica","tag-tierra-del-fuego"],"featured_image_urls":{"full":["https:\/\/opinionpublica.com.ar\/index\/wp-content\/uploads\/2024\/03\/karina-milei.jpg",1200,675,false],"thumbnail":["https:\/\/opinionpublica.com.ar\/index\/wp-content\/uploads\/2024\/03\/karina-milei-150x150.jpg",150,150,true],"medium":["https:\/\/opinionpublica.com.ar\/index\/wp-content\/uploads\/2024\/03\/karina-milei-300x169.jpg",300,169,true],"medium_large":["https:\/\/opinionpublica.com.ar\/index\/wp-content\/uploads\/2024\/03\/karina-milei-768x432.jpg",640,360,true],"large":["https:\/\/opinionpublica.com.ar\/index\/wp-content\/uploads\/2024\/03\/karina-milei-1024x576.jpg",640,360,true],"1536x1536":["https:\/\/opinionpublica.com.ar\/index\/wp-content\/uploads\/2024\/03\/karina-milei.jpg",1200,675,false],"2048x2048":["https:\/\/opinionpublica.com.ar\/index\/wp-content\/uploads\/2024\/03\/karina-milei.jpg",1200,675,false],"morenews-large":["https:\/\/opinionpublica.com.ar\/index\/wp-content\/uploads\/2024\/03\/karina-milei-825x575.jpg",825,575,true],"morenews-medium":["https:\/\/opinionpublica.com.ar\/index\/wp-content\/uploads\/2024\/03\/karina-milei-590x410.jpg",590,410,true]},"author_info":{"display_name":"RKing","author_link":"https:\/\/opinionpublica.com.ar\/index\/author\/rking\/"},"category_info":"<a href=\"https:\/\/opinionpublica.com.ar\/index\/category\/nacionales\/\" rel=\"category tag\">Nacionales<\/a> <a href=\"https:\/\/opinionpublica.com.ar\/index\/category\/politica\/\" rel=\"category tag\">Politica<\/a>","tag_info":"Politica","comment_count":"0","_links":{"self":[{"href":"https:\/\/opinionpublica.com.ar\/index\/wp-json\/wp\/v2\/posts\/8059","targetHints":{"allow":["GET"]}}],"collection":[{"href":"https:\/\/opinionpublica.com.ar\/index\/wp-json\/wp\/v2\/posts"}],"about":[{"href":"https:\/\/opinionpublica.com.ar\/index\/wp-json\/wp\/v2\/types\/post"}],"author":[{"embeddable":true,"href":"https:\/\/opinionpublica.com.ar\/index\/wp-json\/wp\/v2\/users\/8"}],"replies":[{"embeddable":true,"href":"https:\/\/opinionpublica.com.ar\/index\/wp-json\/wp\/v2\/comments?post=8059"}],"version-history":[{"count":1,"href":"https:\/\/opinionpublica.com.ar\/index\/wp-json\/wp\/v2\/posts\/8059\/revisions"}],"predecessor-version":[{"id":8061,"href":"https:\/\/opinionpublica.com.ar\/index\/wp-json\/wp\/v2\/posts\/8059\/revisions\/8061"}],"wp:featuredmedia":[{"embeddable":true,"href":"https:\/\/opinionpublica.com.ar\/index\/wp-json\/wp\/v2\/media\/605"}],"wp:attachment":[{"href":"https:\/\/opinionpublica.com.ar\/index\/wp-json\/wp\/v2\/media?parent=8059"}],"wp:term":[{"taxonomy":"category","embeddable":true,"href":"https:\/\/opinionpublica.com.ar\/index\/wp-json\/wp\/v2\/categories?post=8059"},{"taxonomy":"post_tag","embeddable":true,"href":"https:\/\/opinionpublica.com.ar\/index\/wp-json\/wp\/v2\/tags?post=8059"}],"curies":[{"name":"wp","href":"https:\/\/api.w.org\/{rel}","templated":true}]}}