{"id":8062,"date":"2025-01-03T09:47:46","date_gmt":"2025-01-03T12:47:46","guid":{"rendered":"https:\/\/opinionpublica.com.ar\/index\/?p=8062"},"modified":"2025-01-03T09:47:46","modified_gmt":"2025-01-03T12:47:46","slug":"victoria-villarruel-congelo-las-dietas-del-senado-hasta-fines-de-marzo","status":"publish","type":"post","link":"https:\/\/opinionpublica.com.ar\/index\/victoria-villarruel-congelo-las-dietas-del-senado-hasta-fines-de-marzo\/","title":{"rendered":"Victoria Villarruel congel\u00f3 las dietas del Senado hasta fines de marzo"},"content":{"rendered":"<div class=\"sc-968f7cb1-0 jmXtfk normal-header false normal-header false\">\n<div class=\"sc-968f7cb1-0 jmXtfk shared-header shared-header\">\n<div class=\"mt\">\n<p class=\"storyTitle\"><strong>Victoria Villarruel congel\u00f3 las dietas del Senado hasta fines de marzo<\/strong><\/p>\n<ul>\n<li>La vicepresidente sostuvo que tuvo la adhesi\u00f3n de casi todos los bloques salvo el kirchnerismo.<\/li>\n<li>Ven\u00eda siendo cuestionada por su inacci\u00f3n ante los aumentos de sueldo de los senadores.<\/li>\n<\/ul>\n<figure id=\"attachment_8063\" aria-describedby=\"caption-attachment-8063\" style=\"width: 1157px\" class=\"wp-caption alignnone\"><a href=\"https:\/\/opinionpublica.com.ar\/index\/wp-content\/uploads\/2025\/01\/njvNAnoNb_1256x620__2-victoria-villaruel.jpg\"><img fetchpriority=\"high\" decoding=\"async\" class=\"size-full wp-image-8063\" src=\"https:\/\/opinionpublica.com.ar\/index\/wp-content\/uploads\/2025\/01\/njvNAnoNb_1256x620__2-victoria-villaruel.jpg\" alt=\"\" width=\"1157\" height=\"620\" srcset=\"https:\/\/opinionpublica.com.ar\/index\/wp-content\/uploads\/2025\/01\/njvNAnoNb_1256x620__2-victoria-villaruel.jpg 1157w, https:\/\/opinionpublica.com.ar\/index\/wp-content\/uploads\/2025\/01\/njvNAnoNb_1256x620__2-victoria-villaruel-300x161.jpg 300w, https:\/\/opinionpublica.com.ar\/index\/wp-content\/uploads\/2025\/01\/njvNAnoNb_1256x620__2-victoria-villaruel-1024x549.jpg 1024w, https:\/\/opinionpublica.com.ar\/index\/wp-content\/uploads\/2025\/01\/njvNAnoNb_1256x620__2-victoria-villaruel-768x412.jpg 768w\" sizes=\"(max-width: 1157px) 100vw, 1157px\" \/><\/a><figcaption id=\"caption-attachment-8063\" class=\"wp-caption-text\">Caso Edgardo Kueider.<br \/>Sesion en el Senado de la Nacion. Villarruel. 12.12.2024 Foto Maxi Failla<\/figcaption><\/figure>\n<\/div>\n<\/div>\n<\/div>\n<section class=\"sc-fb6646af-1 bCQdLm\">\n<article id=\"storyBody\" class=\"sc-fb6646af-2 cxxwNX\">\n<div class=\"StoryTextContainer vsmcontent\" data-mrf-recirculation=\"Article Body\">\n<div id=\"containerUalter\" class=\"trinity-skip-it\">\n<div class=\"ualter_content\">\n<section class=\"accordion\">\n<div class=\"tab\">\n<div class=\"tab__content\">\n<div class=\"sintesis\">\n<div class=\"sintesis-footer\">\n<div class=\"manos\"><\/div>\n<\/div>\n<\/div>\n<div class=\"footer\">\n<div class=\"rrss\"><\/div>\n<\/div>\n<\/div>\n<\/div>\n<\/section>\n<\/div>\n<\/div>\n<div id=\"cuerpo\">\n<div class=\"sc-80531b6b-0 chRIGJ container-text text-embed\">\n<p>Finalmente, despu\u00e9s de semanas de tensiones y sin lograr que los senadores sesionen para votar el tema\u00a0<strong>Victoria Villarruel\u00a0<\/strong>prorrog\u00f3 este jueves el\u00a0<strong>congelamiento de dietas<\/strong>\u00a0por v\u00eda administrativa como ped\u00edan los bloques aliados del Senado: firm\u00f3 un decreto presidencial que<strong>\u00a0extiende la medida hasta el 31 de marzo.<\/strong><\/p>\n<\/div>\n<div class=\"sc-80531b6b-0 chRIGJ container-text text-embed\">\n<p>La resoluci\u00f3n que imped\u00eda nuevos aumentos hab\u00eda caducado el 31 de diciembre y autom\u00e1ticamente los legisladores<strong>\u00a0iban a cobrar por enero m\u00e1s de $ 9 millones en bruto<\/strong>. Ahora el congelamiento continuar\u00e1 hasta que se debata\u00a0<strong>qu\u00e9 ajuste hacer sobre las dietas en per\u00edodo ordinario.<\/strong><\/p>\n<\/div>\n<div class=\"sc-80531b6b-0 chRIGJ container-text text-embed\">\n<p>\u00abHe firmado el Decreto que ordena el congelamiento de las dietas de los senadores hasta el 31 de marzo de 2025 para que lo traten en sesiones ordinarias\u00bb, se\u00f1al\u00f3 la vice y agreg\u00f3: \u00ab<strong>Es mi intenci\u00f3n que el Senado acompa\u00f1e al pueblo argentino en el esfuerzo que est\u00e1 haciendo<\/strong>\u00ab, se\u00f1al\u00f3 la vice.<\/p>\n<\/div>\n<div class=\"sc-3d4cfefd-5 bNxGxV\"><\/div>\n<div class=\"sc-80531b6b-0 chRIGJ container-text text-embed\">\n<p>Villarruel tom\u00f3 la decisi\u00f3n despu\u00e9s de recibir pedidos expresos en esta l\u00ednea de los bloques de <strong>LLA, PRO, UCR, los federales Provincias Unidas, los misioneros y el libertario expulsado, Francisco Paoltroni.\u00a0<\/strong>Todas las cartas planteaban lo mismo: que no quer\u00edan percibir ning\u00fan incremento y le ped\u00edan a Villarruel que, por el receso de verano, extienda el congelamiento por resoluci\u00f3n hasta que el cuerpo vuelva a reunirse.<\/p>\n<\/div>\n<div class=\"sc-80531b6b-0 chRIGJ container-text text-embed\">\n<p><strong>Falt\u00f3 el apoyo del bloque de Uni\u00f3n por la Patria y el de los santacruce\u00f1os Jos\u00e9 Mar\u00eda Carambia y Natalia Gadano.<\/strong>\u00a0En el kirchnerismo ya advierten que<strong>\u00a0la decisi\u00f3n va a ser cuestionada internamente<\/strong>. Sentencian que lo que correspond\u00eda era que el cuerpo lo decida, como ocurri\u00f3 veces anteriores.<\/p>\n<\/div>\n<div class=\"sc-80531b6b-0 chRIGJ container-text text-embed\">\n<p>Desde la C\u00e1mara plantearon que el decreto se dict\u00f3 en ejercicio de las atribuciones propias de la presidencia\u00a0<strong>\u00aben car\u00e1cter de autoridad administrativa\u00bb<\/strong>. Y se\u00f1alan que\u00a0<strong>entre todos los bloques que hicieron el pedido est\u00e1 representada la mayor\u00eda de los legisladores.<\/strong><\/p>\n<\/div>\n<div class=\"sc-3d4cfefd-0 ihdmbe\">\n<div id=\"div-gpt-ad-caja0\" class=\"sc-dd1745b8-0 dNUhuM bannerSRA\" data-google-query-id=\"CJXGg6jJ2YoDFXRbuAQdJ14FxQ\">\n<div id=\"google_ads_iframe_\/242767168\/clarin\/politica\/nota\/caja0_0__container__\"><a href=\"https:\/\/opinionpublica.com.ar\/index\/wp-content\/uploads\/2024\/08\/1010x567_victoria-villarruel-493948-194459.jpg\"><img decoding=\"async\" class=\"alignnone size-full wp-image-5278\" src=\"https:\/\/opinionpublica.com.ar\/index\/wp-content\/uploads\/2024\/08\/1010x567_victoria-villarruel-493948-194459.jpg\" alt=\"\" width=\"1010\" height=\"567\" srcset=\"https:\/\/opinionpublica.com.ar\/index\/wp-content\/uploads\/2024\/08\/1010x567_victoria-villarruel-493948-194459.jpg 1010w, https:\/\/opinionpublica.com.ar\/index\/wp-content\/uploads\/2024\/08\/1010x567_victoria-villarruel-493948-194459-300x168.jpg 300w, https:\/\/opinionpublica.com.ar\/index\/wp-content\/uploads\/2024\/08\/1010x567_victoria-villarruel-493948-194459-768x431.jpg 768w\" sizes=\"(max-width: 1010px) 100vw, 1010px\" \/><\/a><\/div>\n<\/div>\n<\/div>\n<div class=\"sc-80531b6b-0 chRIGJ container-text text-embed\">\n<p>\u00abSi ten\u00edan mayor\u00eda se hubieran sentado a sesionar. Nosotros vamos por la unificaci\u00f3n salarial\u00bb, se\u00f1alaron a<strong>\u00a0Clar\u00edn<\/strong>, en alusi\u00f3n al proyecto del titular del interbloque Jos\u00e9 Mayans para equiparar sueldos y que nadie del Estado gane m\u00e1s que el Presidente.<\/p>\n<\/div>\n<div class=\"sc-80531b6b-0 chRIGJ container-text text-embed\">\n<p>Seg\u00fan el decreto que la misma vice subi\u00f3 a sus redes, los argumentos para el congelamiento de sueldos se alinean con los\u00a0<strong>postulados de ajuste y austeridad<\/strong>\u00a0del gobierno de\u00a0<strong>Javier Milei<\/strong>.<\/p>\n<\/div>\n<div class=\"sc-80531b6b-0 chRIGJ container-text text-embed\">\n<p>\u00abEn atenci\u00f3n a las pol\u00edticas de esta gesti\u00f3n y\u00a0<strong>la crisis econ\u00f3mica actual\u00a0<\/strong>resulta necesario que representantes del pueblo\u00a0<strong>compartan con el esfuerzo que efect\u00faa la sociedad<\/strong>\u00a0en su conjunto, guiados por la \u00e9tica de la solidaridad y promoviendo pol\u00edticas p\u00fablicas acordes a la realidad\u00bb, precisa en uno de los considerandos.<\/p>\n<\/div>\n<div class=\"sc-3d4cfefd-0 ihdmbe\">\n<div id=\"div-gpt-ad-caja1\" class=\"sc-dd1745b8-0 dNUhuM bannerSRA\" data-google-query-id=\"CNPu_6fJ2YoDFXRbuAQdJ14FxQ\">\n<div id=\"google_ads_iframe_\/242767168\/clarin\/politica\/nota\/caja1_0__container__\"><\/div>\n<\/div>\n<\/div>\n<div class=\"sc-80531b6b-0 chRIGJ container-text text-embed\">\n<p>Lo cierto es que\u00a0<strong>el tema ya hab\u00eda generado fuertes cruces con la Casa Rosada<\/strong>. La propia ministra de Seguridad\u00a0<strong>Patricia Bullrich\u00a0<\/strong>hab\u00eda declarado que el presidente Javier Milei estaba \u00abindignado\u00bb por este tema y cuando se cruzaron por el caso del gendarme detenido en Venezuela, hab\u00eda chicaneado a la vice: \u00ab<strong>Si quiere servir a la Patria, como argentina le pido se ocupe de frenar el descabellado e inminente aumento de sueldos en el Senado.<\/strong>\u00a0La ciudadan\u00eda est\u00e1 haciendo un esfuerzo heroico para superar la crisis heredada y no merece financiar dietas de 9,5 millones para ning\u00fan legislador\u00bb.<\/p>\n<\/div>\n<div class=\"sc-80531b6b-0 chRIGJ container-text text-embed\">\n<p>Las dietas de los senadores aumentaron 400% en abril cuando se aprob\u00f3 un sistema de actualizaci\u00f3n que llev\u00f3 los sueldos de $ 1,9 millones a $ 7.867.171 en bruto. En el bolsillo les quedan $ 4,8 millones<strong>. A ra\u00edz del esc\u00e1ndalo que se desat\u00f3 y las congelaron<\/strong>\u00a0para que las paritarias legislativas no impacten en sus sueldos.<\/p>\n<\/div>\n<div class=\"sc-80531b6b-0 chRIGJ container-text text-embed\">\n<p>Ca\u00edda esa resoluci\u00f3n -que caduc\u00f3 el 31 de diciembre- si bien no iban a percibir los aumentos retroactivos iban a cobrar su sueldo calculado sobre el valor de los m\u00f3dulos actualizados y eso iba a disparar un aumento autom\u00e1tico que elevar\u00eda su sueldo a m\u00e1s de $ 9 millones en bruto.<\/p>\n<\/div>\n<div class=\"sc-3d4cfefd-7 fchvKK\">\n<div id=\"div-gpt-ad-inread4\" class=\"sc-dd1745b8-0 dNUhuM lazyBanner\" data-google-query-id=\"CLrQpsDJ2YoDFe5LuAQdUuwbsg\">\n<div id=\"google_ads_iframe_\/242767168\/clarin\/politica\/nota\/inread4_0__container__\"><\/div>\n<\/div>\n<\/div>\n<div class=\"sc-80531b6b-0 chRIGJ container-text text-embed\">\n<p>Si bien pidieron extender el congelamiento, por lo bajo los reclamos crecen<strong>:\u00a0<\/strong>\u00ab<strong>El Estado se lleva casi la mitad\u00bb, se quejan\u00a0<\/strong>en relaci\u00f3n al Impuesto a las Ganancias.<\/p>\n<\/div>\n<div class=\"sc-80531b6b-0 chRIGJ container-text text-embed\">\n<p>Este jueves, igualmente,\u00a0<strong>cobraron la segunda parte de la \u00abdieta 13\u00bb<\/strong>, aprobada en abril a modo de compensaci\u00f3n porque no tienen aguinaldo.<\/p>\n<\/div>\n<div class=\"sc-80531b6b-0 chRIGJ container-text text-embed\">\n<p>El dilema volver\u00e1 a abrirse entonces en marzo, cuando la decisi\u00f3n de Villarruel caiga y deban sentarse a decidir c\u00f3mo se ajustan los sueldos.<\/p>\n<\/div>\n<\/div>\n<\/div>\n<\/article>\n<\/section>\n","protected":false},"excerpt":{"rendered":"<p>Victoria Villarruel congel\u00f3 las dietas del Senado hasta fines de marzo La vicepresidente sostuvo que tuvo la adhesi\u00f3n<\/p>\n","protected":false},"author":8,"featured_media":8063,"comment_status":"open","ping_status":"open","sticky":false,"template":"","format":"standard","meta":{"footnotes":""},"categories":[3,27],"tags":[135,997,738,1217],"class_list":["post-8062","post","type-post","status-publish","format-standard","has-post-thumbnail","hentry","category-nacionales","category-politica","tag-paritarias","tag-senado-nacion","tag-sueldos","tag-victoria-villarruel"],"featured_image_urls":{"full":["https:\/\/opinionpublica.com.ar\/index\/wp-content\/uploads\/2025\/01\/njvNAnoNb_1256x620__2-victoria-villaruel.jpg",1157,620,false],"thumbnail":["https:\/\/opinionpublica.com.ar\/index\/wp-content\/uploads\/2025\/01\/njvNAnoNb_1256x620__2-victoria-villaruel-150x150.jpg",150,150,true],"medium":["https:\/\/opinionpublica.com.ar\/index\/wp-content\/uploads\/2025\/01\/njvNAnoNb_1256x620__2-victoria-villaruel-300x161.jpg",300,161,true],"medium_large":["https:\/\/opinionpublica.com.ar\/index\/wp-content\/uploads\/2025\/01\/njvNAnoNb_1256x620__2-victoria-villaruel-768x412.jpg",640,343,true],"large":["https:\/\/opinionpublica.com.ar\/index\/wp-content\/uploads\/2025\/01\/njvNAnoNb_1256x620__2-victoria-villaruel-1024x549.jpg",640,343,true],"1536x1536":["https:\/\/opinionpublica.com.ar\/index\/wp-content\/uploads\/2025\/01\/njvNAnoNb_1256x620__2-victoria-villaruel.jpg",1157,620,false],"2048x2048":["https:\/\/opinionpublica.com.ar\/index\/wp-content\/uploads\/2025\/01\/njvNAnoNb_1256x620__2-victoria-villaruel.jpg",1157,620,false],"morenews-large":["https:\/\/opinionpublica.com.ar\/index\/wp-content\/uploads\/2025\/01\/njvNAnoNb_1256x620__2-victoria-villaruel-825x575.jpg",825,575,true],"morenews-medium":["https:\/\/opinionpublica.com.ar\/index\/wp-content\/uploads\/2025\/01\/njvNAnoNb_1256x620__2-victoria-villaruel-590x410.jpg",590,410,true]},"author_info":{"display_name":"RKing","author_link":"https:\/\/opinionpublica.com.ar\/index\/author\/rking\/"},"category_info":"<a href=\"https:\/\/opinionpublica.com.ar\/index\/category\/nacionales\/\" rel=\"category tag\">Nacionales<\/a> <a href=\"https:\/\/opinionpublica.com.ar\/index\/category\/politica\/\" rel=\"category tag\">Politica<\/a>","tag_info":"Politica","comment_count":"0","_links":{"self":[{"href":"https:\/\/opinionpublica.com.ar\/index\/wp-json\/wp\/v2\/posts\/8062","targetHints":{"allow":["GET"]}}],"collection":[{"href":"https:\/\/opinionpublica.com.ar\/index\/wp-json\/wp\/v2\/posts"}],"about":[{"href":"https:\/\/opinionpublica.com.ar\/index\/wp-json\/wp\/v2\/types\/post"}],"author":[{"embeddable":true,"href":"https:\/\/opinionpublica.com.ar\/index\/wp-json\/wp\/v2\/users\/8"}],"replies":[{"embeddable":true,"href":"https:\/\/opinionpublica.com.ar\/index\/wp-json\/wp\/v2\/comments?post=8062"}],"version-history":[{"count":1,"href":"https:\/\/opinionpublica.com.ar\/index\/wp-json\/wp\/v2\/posts\/8062\/revisions"}],"predecessor-version":[{"id":8064,"href":"https:\/\/opinionpublica.com.ar\/index\/wp-json\/wp\/v2\/posts\/8062\/revisions\/8064"}],"wp:featuredmedia":[{"embeddable":true,"href":"https:\/\/opinionpublica.com.ar\/index\/wp-json\/wp\/v2\/media\/8063"}],"wp:attachment":[{"href":"https:\/\/opinionpublica.com.ar\/index\/wp-json\/wp\/v2\/media?parent=8062"}],"wp:term":[{"taxonomy":"category","embeddable":true,"href":"https:\/\/opinionpublica.com.ar\/index\/wp-json\/wp\/v2\/categories?post=8062"},{"taxonomy":"post_tag","embeddable":true,"href":"https:\/\/opinionpublica.com.ar\/index\/wp-json\/wp\/v2\/tags?post=8062"}],"curies":[{"name":"wp","href":"https:\/\/api.w.org\/{rel}","templated":true}]}}