{"id":8065,"date":"2025-01-03T09:58:30","date_gmt":"2025-01-03T12:58:30","guid":{"rendered":"https:\/\/opinionpublica.com.ar\/index\/?p=8065"},"modified":"2025-01-03T09:58:30","modified_gmt":"2025-01-03T12:58:30","slug":"islas-malvinas-se-cumplen-192-anos-de-la-ocupacion-ilegitima-del-reino-unido","status":"publish","type":"post","link":"https:\/\/opinionpublica.com.ar\/index\/islas-malvinas-se-cumplen-192-anos-de-la-ocupacion-ilegitima-del-reino-unido\/","title":{"rendered":"Islas Malvinas: Se cumplen 192 a\u00f1os de la ocupaci\u00f3n ileg\u00edtima del Reino Unido"},"content":{"rendered":"<div class=\"pt3p pb3p g11 flr\">\n<p class=\"ffalt ctitle fz43 mb20 bold\"><strong>Islas Malvinas: Se cumplen 192 a\u00f1os de la ocupaci\u00f3n ileg\u00edtima del Reino Unido<\/strong><\/p>\n<p class=\"arial ctext fz18 lh25\">El 3 de enero de 1833, las Islas Malvinas fueron ilegalmente ocupadas por fuerzas brit\u00e1nicas que desalojaron a la poblaci\u00f3n y a las autoridades argentinas all\u00ed establecidas leg\u00edtimamente.<a href=\"https:\/\/opinionpublica.com.ar\/index\/wp-content\/uploads\/2024\/03\/puerto-malvinas.jpg\"><img fetchpriority=\"high\" decoding=\"async\" class=\"alignnone size-full wp-image-1300\" src=\"https:\/\/opinionpublica.com.ar\/index\/wp-content\/uploads\/2024\/03\/puerto-malvinas.jpg\" alt=\"\" width=\"760\" height=\"507\" srcset=\"https:\/\/opinionpublica.com.ar\/index\/wp-content\/uploads\/2024\/03\/puerto-malvinas.jpg 760w, https:\/\/opinionpublica.com.ar\/index\/wp-content\/uploads\/2024\/03\/puerto-malvinas-300x200.jpg 300w\" sizes=\"(max-width: 760px) 100vw, 760px\" \/><\/a><\/p>\n<\/div>\n<section id=\"galeria-noticia\" class=\" g11 flr\">\n<div class=\"bx-wrapper\">\n<div class=\"bx-viewport\">\n<p>&nbsp;<\/p>\n<\/div>\n<\/div>\n<\/section>\n<div class=\"flr g10 arial ctext fz16 lh26 mb20\">\n<div class=\"wysiwyg mb15\">\n<p>El 3 de enero de 1833, las Islas Malvinas fueron ilegalmente ocupadas por fuerzas brit\u00e1nicas que desalojaron a la poblaci\u00f3n y a las autoridades argentinas all\u00ed establecidas leg\u00edtimamente, reemplaz\u00e1ndolas por s\u00fabditos brit\u00e1nicos\u00a0que instauraron desde entonces medidas restrictivas para evitar el reasentamiento del pueblo argentino.<\/p>\n<p>Este acto de fuerza brit\u00e1nico contrario al derecho internacional y que fue llevado a cabo en tiempos de paz sin que mediara comunicaci\u00f3n ni declaraci\u00f3n previa alguna, que culmin\u00f3 con la ocupaci\u00f3n ilegal de las Islas Malvinas, fue inmediatamente rechazado y protestado por las autoridades argentinas de aquel momento.<\/p>\n<p>Desde entonces todos\u00a0los gobiernos argentinos han reafirmado ininterrumpidamente sus leg\u00edtimos e imprescriptibles derechos soberanos sobre las Islas Malvinas, Georgias del Sur, Sandwich del Sur y los espacios mar\u00edtimos circundantes.<\/p>\n<p>Las Islas Malvinas formaron parte del \u00e1rea bajo jurisdicci\u00f3n de Espa\u00f1a desde la entrada en vigor de los primeros instrumentos internacionales que delimitaron el \u00abNuevo Mundo\u00bb desde 1492. Entre 1767 y 1811 hubo una sucesi\u00f3n continua de 32 gobernadores espa\u00f1oles en las islas hasta que en el marco del proceso de independencia los primeros gobiernos patrios de las Provincias Unidas continuaron con el ejercicio de soberan\u00eda y la administraci\u00f3n de las Islas Malvinas, a las que consideraron parte integrante de su territorio, heredado de Espa\u00f1a por sucesi\u00f3n de Estados seg\u00fan el principio del uti possidetis iuris de 1810.<\/p>\n<p>El 6 de noviembre de 1820 el coronel de la Marina argentina David Jewett tom\u00f3 posesi\u00f3n oficial de las Islas Malvinas en nombre de las Provincias Unidas del R\u00edo de la Plata, izando la bandera argentina por primera vez. Asimismo, el gobierno argentino procedi\u00f3 al dictado de normas y al establecimiento de las estructuras jur\u00eddicas y administrativas que consolidaron el ejercicio pleno de su soberan\u00eda, incluyendo el fomento al desarrollo de actividades comerciales y el establecimiento de poblaci\u00f3n.<\/p>\n<p>En ese marco, el gobierno de la Provincia de Buenos Aires cre\u00f3 el 10 de junio de 1829 la Comandancia Pol\u00edtica y Militar de las Malvinas y las adyacentes al Cabo de Hornos.<\/p>\n<p><a href=\"https:\/\/opinionpublica.com.ar\/index\/wp-content\/uploads\/2024\/05\/malvinas-argentina-postal.jpg\"><img decoding=\"async\" class=\"alignnone size-full wp-image-2682\" src=\"https:\/\/opinionpublica.com.ar\/index\/wp-content\/uploads\/2024\/05\/malvinas-argentina-postal.jpg\" alt=\"\" width=\"960\" height=\"540\" srcset=\"https:\/\/opinionpublica.com.ar\/index\/wp-content\/uploads\/2024\/05\/malvinas-argentina-postal.jpg 960w, https:\/\/opinionpublica.com.ar\/index\/wp-content\/uploads\/2024\/05\/malvinas-argentina-postal-300x169.jpg 300w, https:\/\/opinionpublica.com.ar\/index\/wp-content\/uploads\/2024\/05\/malvinas-argentina-postal-768x432.jpg 768w\" sizes=\"(max-width: 960px) 100vw, 960px\" \/><\/a><\/p>\n<p>Sin embargo, el 3 de enero de 1833 dicho ejercicio efectivo de la soberan\u00eda fue interrumpido mediante un acto de fuerza ilegal brit\u00e1nico. Desde entonces,\u00a0subsiste una disputa de soberan\u00eda entre la Rep\u00fablica Argentina y el Reino Unido de Gran Breta\u00f1a e Irlanda del Norte, tal como fuera reconocida por la Asamblea General de las Naciones Unidas mediante la resoluci\u00f3n 2065 (XX). Esta resoluci\u00f3n, adoptada en 1965 sin ning\u00fan voto en contra, consagra el llamado de la comunidad internacional a proceder sin demora a negociaciones bilaterales entre la Argentina y el Reino Unido que permitan encontrar una soluci\u00f3n pac\u00edfica a la disputa de soberan\u00eda teniendo en cuenta los intereses de los habitantes de las islas.<\/p>\n<p>A su vez,\u00a0la comunidad internacional ha reiterado la necesidad de reanudar las negociaciones bilaterales a la brevedad posible, lo que fue expresado en\u00a0 10 resoluciones de la Asamblea General y en m\u00e1s de 40 resoluciones del Comit\u00e9 Especial de Descolonizaci\u00f3n de la ONU y en numerosas declaraciones de foros regionales y multilaterales tales como la OEA, el G77 m\u00e1s China, el MERCOSUR, la Cumbre Iberoamericana, la CELAC, el SICA, el PARLASUR, el PARLACEN, el Foro de Cooperaci\u00f3n Am\u00e9rica del Sur- \u00c1frica (ASA) y la Cumbre Pa\u00edses\u00a0 \u00c1rabes &#8211; Sudam\u00e9rica (ASPA).<\/p>\n<p>La\u00a0negativa brit\u00e1nica a cumplir con la obligaci\u00f3n de resolver la controversia por medios pac\u00edficos y de poner fin al colonialismo en todas sus formas\u00a0se encuentra agravada por la continua introducci\u00f3n de actos unilaterales por parte del Reino Unido. Estas acciones incluyen la exploraci\u00f3n y explotaci\u00f3n de recursos naturales renovables y no renovables, que la Argentina ha rechazado ininterrumpidamente.<\/p>\n<p>Asimismo, el Reino Unido mantiene en las islas una injustificada y desproporcionada presencia militar con la que regularmente realiza maniobras y ejercicios toda vez que la Argentina no representa ninguna una amenaza para el Reino Unido.<\/p>\n<p>La presencia militar brit\u00e1nica, en particular, contradice tambi\u00e9n la resoluci\u00f3n 41\/11 de la Asamblea General (Zona de Paz y Cooperaci\u00f3n del Atl\u00e1ntico Sur) que, entre otras disposiciones, exhorta a los Estados de todas las dem\u00e1s regiones, en espacial a los Estados militarmente importantes, a que respeten escrupulosamente la regi\u00f3n del Atl\u00e1ntico Sur como zona de paz y de cooperaci\u00f3n, en particular mediante la reducci\u00f3n y eventual eliminaci\u00f3n de su presencia militar en dicha regi\u00f3n.<\/p>\n<p>Luego de 192 a\u00f1os de colonialismo en las islas Malvinas, la comunidad internacional hace un llamado a poner fin a esa situaci\u00f3n anacr\u00f3nica.\u00a0Es hora de que el Reino Unido cumpla con su obligaci\u00f3n internacional de resolver las controversias por medios pac\u00edficos y de poner fin al colonialismo en todas sus formas.<\/p>\n<\/div>\n<\/div>\n","protected":false},"excerpt":{"rendered":"<p>Islas Malvinas: Se cumplen 192 a\u00f1os de la ocupaci\u00f3n ileg\u00edtima del Reino Unido El 3 de enero de<\/p>\n","protected":false},"author":8,"featured_media":2683,"comment_status":"open","ping_status":"open","sticky":false,"template":"","format":"standard","meta":{"footnotes":""},"categories":[3,2],"tags":[443,3036,1714],"class_list":["post-8065","post","type-post","status-publish","format-standard","has-post-thumbnail","hentry","category-nacionales","category-tierra-del-fuego","tag-islas-malvinas","tag-ocupacion-ilegitima","tag-reino-unido"],"featured_image_urls":{"full":["https:\/\/opinionpublica.com.ar\/index\/wp-content\/uploads\/2024\/05\/islas-malvinas-1.jpg",834,492,false],"thumbnail":["https:\/\/opinionpublica.com.ar\/index\/wp-content\/uploads\/2024\/05\/islas-malvinas-1-150x150.jpg",150,150,true],"medium":["https:\/\/opinionpublica.com.ar\/index\/wp-content\/uploads\/2024\/05\/islas-malvinas-1-300x177.jpg",300,177,true],"medium_large":["https:\/\/opinionpublica.com.ar\/index\/wp-content\/uploads\/2024\/05\/islas-malvinas-1-768x453.jpg",640,378,true],"large":["https:\/\/opinionpublica.com.ar\/index\/wp-content\/uploads\/2024\/05\/islas-malvinas-1.jpg",640,378,false],"1536x1536":["https:\/\/opinionpublica.com.ar\/index\/wp-content\/uploads\/2024\/05\/islas-malvinas-1.jpg",834,492,false],"2048x2048":["https:\/\/opinionpublica.com.ar\/index\/wp-content\/uploads\/2024\/05\/islas-malvinas-1.jpg",834,492,false],"morenews-large":["https:\/\/opinionpublica.com.ar\/index\/wp-content\/uploads\/2024\/05\/islas-malvinas-1-825x492.jpg",825,492,true],"morenews-medium":["https:\/\/opinionpublica.com.ar\/index\/wp-content\/uploads\/2024\/05\/islas-malvinas-1-590x410.jpg",590,410,true]},"author_info":{"display_name":"RKing","author_link":"https:\/\/opinionpublica.com.ar\/index\/author\/rking\/"},"category_info":"<a href=\"https:\/\/opinionpublica.com.ar\/index\/category\/nacionales\/\" rel=\"category tag\">Nacionales<\/a> <a href=\"https:\/\/opinionpublica.com.ar\/index\/category\/tierra-del-fuego\/\" rel=\"category tag\">Tierra del Fuego<\/a>","tag_info":"Tierra del Fuego","comment_count":"0","_links":{"self":[{"href":"https:\/\/opinionpublica.com.ar\/index\/wp-json\/wp\/v2\/posts\/8065","targetHints":{"allow":["GET"]}}],"collection":[{"href":"https:\/\/opinionpublica.com.ar\/index\/wp-json\/wp\/v2\/posts"}],"about":[{"href":"https:\/\/opinionpublica.com.ar\/index\/wp-json\/wp\/v2\/types\/post"}],"author":[{"embeddable":true,"href":"https:\/\/opinionpublica.com.ar\/index\/wp-json\/wp\/v2\/users\/8"}],"replies":[{"embeddable":true,"href":"https:\/\/opinionpublica.com.ar\/index\/wp-json\/wp\/v2\/comments?post=8065"}],"version-history":[{"count":1,"href":"https:\/\/opinionpublica.com.ar\/index\/wp-json\/wp\/v2\/posts\/8065\/revisions"}],"predecessor-version":[{"id":8066,"href":"https:\/\/opinionpublica.com.ar\/index\/wp-json\/wp\/v2\/posts\/8065\/revisions\/8066"}],"wp:featuredmedia":[{"embeddable":true,"href":"https:\/\/opinionpublica.com.ar\/index\/wp-json\/wp\/v2\/media\/2683"}],"wp:attachment":[{"href":"https:\/\/opinionpublica.com.ar\/index\/wp-json\/wp\/v2\/media?parent=8065"}],"wp:term":[{"taxonomy":"category","embeddable":true,"href":"https:\/\/opinionpublica.com.ar\/index\/wp-json\/wp\/v2\/categories?post=8065"},{"taxonomy":"post_tag","embeddable":true,"href":"https:\/\/opinionpublica.com.ar\/index\/wp-json\/wp\/v2\/tags?post=8065"}],"curies":[{"name":"wp","href":"https:\/\/api.w.org\/{rel}","templated":true}]}}