{"id":8071,"date":"2025-01-03T10:20:30","date_gmt":"2025-01-03T13:20:30","guid":{"rendered":"https:\/\/opinionpublica.com.ar\/index\/?p=8071"},"modified":"2025-01-03T10:20:30","modified_gmt":"2025-01-03T13:20:30","slug":"el-proyecto-fenix-entro-en-marcha-y-sumara-un-8-a-la-produccion-nacional-de-gas","status":"publish","type":"post","link":"https:\/\/opinionpublica.com.ar\/index\/el-proyecto-fenix-entro-en-marcha-y-sumara-un-8-a-la-produccion-nacional-de-gas\/","title":{"rendered":"El proyecto &#8216;F\u00e9nix&#8217; entr\u00f3 en marcha y sumar\u00e1 un 8% a la producci\u00f3n nacional de gas"},"content":{"rendered":"<div class=\"pt3p pb3p g11 flr\">\n<p class=\"ffalt ctitle fz43 mb20 bold\"><strong>El proyecto &#8216;F\u00e9nix&#8217; entr\u00f3 en marcha y sumar\u00e1 un 8% a la producci\u00f3n nacional de gas<\/strong><\/p>\n<p class=\"arial ctext fz18 lh25\">Se trata del yacimiento offshore ubicado en la zona norte de la provincia que producir\u00e1 alrededor de 10 millones de metros c\u00fabicos diarios as\u00ed como 70.000 barriles de petr\u00f3leo diari<\/p>\n<\/div>\n<div class=\"flr g10 arial ctext fz16 lh26 mb20\">\n<div class=\"wysiwyg mb15\">\n<p>El\u00a0yacimiento\u00a0<b>F\u00e9nix\u00a0<\/b>opera a 60 kil\u00f3metros de R\u00edo Grande y dio un nuevo paso en el desarrollo de la producci\u00f3n hidrocarbur\u00edfera nacional dando inicio a su puesta en marcha.<\/p>\n<p><a href=\"https:\/\/opinionpublica.com.ar\/index\/wp-content\/uploads\/2024\/06\/offshore-proyecto-fenix.webp\"><img fetchpriority=\"high\" decoding=\"async\" class=\"alignnone size-full wp-image-3741\" src=\"https:\/\/opinionpublica.com.ar\/index\/wp-content\/uploads\/2024\/06\/offshore-proyecto-fenix.webp\" alt=\"\" width=\"1200\" height=\"675\" srcset=\"https:\/\/opinionpublica.com.ar\/index\/wp-content\/uploads\/2024\/06\/offshore-proyecto-fenix.webp 1200w, https:\/\/opinionpublica.com.ar\/index\/wp-content\/uploads\/2024\/06\/offshore-proyecto-fenix-300x169.webp 300w, https:\/\/opinionpublica.com.ar\/index\/wp-content\/uploads\/2024\/06\/offshore-proyecto-fenix-1024x576.webp 1024w, https:\/\/opinionpublica.com.ar\/index\/wp-content\/uploads\/2024\/06\/offshore-proyecto-fenix-768x432.webp 768w\" sizes=\"(max-width: 1200px) 100vw, 1200px\" \/><\/a><\/p>\n<p>El proyecto cuenta con participaci\u00f3n de las empresas<b>\u00a0TotalEnergies<\/b>,<b>\u00a0Harbour Energy\u00a0<\/b>y\u00a0<b>Pan American<\/b>\u00a0<b>Energy<\/b>\u00a0y estar\u00e1 en operaciones hasta al menos 2040 abasteciendo a la red nacional de gas as\u00ed como al mercado exportador.<\/p>\n<p>La iniciativa energ\u00e9tica tuvo una inversi\u00f3n de 700 millones de d\u00f3lares sobre la Cuenca Austral Mar\u00edtima y producir\u00e1 10 millones de metros c\u00fabicos, equivalente al 8% de la producci\u00f3n total de Argentina. Tambi\u00e9n, aportar\u00e1 70.000 barriles de crudo diarios, un n\u00famero que representa alrededor del 10% de lo generado a nivel pa\u00eds en junio de 2024.<\/p>\n<p>El objetivo del proyecto F\u00e9nix era establecer la soberan\u00eda energ\u00e9tica durante los meses del invierno, reemplazando la importaci\u00f3n de Gas Natural Licuado, que se estimaba en unos 15 buques durante los meses fr\u00edos del a\u00f1o.<\/p>\n<p>El gas extra\u00eddo en la plataforma que cuenta con pozos de 70 metros de profundidad viajar\u00e1 hasta la planta de tratamiento de R\u00edo Cullen en el extremo norte de la provincia, para luego ingresar al Gasoducto San Mart\u00edn y as\u00ed, llegar a la parte continental del pa\u00eds.<\/p>\n<p>Dichos avances, que involucraron una impresionante obra de ingenier\u00eda estableciendo una plataforma de 4.800 toneladas, le permitir\u00e1n a R\u00edo Grande posicionarse como un l\u00edder regional en la producci\u00f3n energ\u00e9tica e hidrocarbur\u00edfera, sum\u00e1ndose al ya conocido proyecto de Vaca Muerta que ya exporta gas a la regi\u00f3n.<\/p>\n<p>&nbsp;<\/p>\n<\/div>\n<\/div>\n","protected":false},"excerpt":{"rendered":"<p>El proyecto &#8216;F\u00e9nix&#8217; entr\u00f3 en marcha y sumar\u00e1 un 8% a la producci\u00f3n nacional de gas Se trata<\/p>\n","protected":false},"author":8,"featured_media":3742,"comment_status":"open","ping_status":"open","sticky":false,"template":"","format":"standard","meta":{"footnotes":""},"categories":[2],"tags":[1414,5],"class_list":["post-8071","post","type-post","status-publish","format-standard","has-post-thumbnail","hentry","category-tierra-del-fuego","tag-proyecto-fenix","tag-tierra-del-fuego"],"featured_image_urls":{"full":["https:\/\/opinionpublica.com.ar\/index\/wp-content\/uploads\/2024\/06\/plataforma-fenix-scaled.jpg",2560,1440,false],"thumbnail":["https:\/\/opinionpublica.com.ar\/index\/wp-content\/uploads\/2024\/06\/plataforma-fenix-150x150.jpg",150,150,true],"medium":["https:\/\/opinionpublica.com.ar\/index\/wp-content\/uploads\/2024\/06\/plataforma-fenix-300x169.jpg",300,169,true],"medium_large":["https:\/\/opinionpublica.com.ar\/index\/wp-content\/uploads\/2024\/06\/plataforma-fenix-768x432.jpg",640,360,true],"large":["https:\/\/opinionpublica.com.ar\/index\/wp-content\/uploads\/2024\/06\/plataforma-fenix-1024x576.jpg",640,360,true],"1536x1536":["https:\/\/opinionpublica.com.ar\/index\/wp-content\/uploads\/2024\/06\/plataforma-fenix-1536x864.jpg",1536,864,true],"2048x2048":["https:\/\/opinionpublica.com.ar\/index\/wp-content\/uploads\/2024\/06\/plataforma-fenix-2048x1152.jpg",2048,1152,true],"morenews-large":["https:\/\/opinionpublica.com.ar\/index\/wp-content\/uploads\/2024\/06\/plataforma-fenix-825x575.jpg",825,575,true],"morenews-medium":["https:\/\/opinionpublica.com.ar\/index\/wp-content\/uploads\/2024\/06\/plataforma-fenix-590x410.jpg",590,410,true]},"author_info":{"display_name":"RKing","author_link":"https:\/\/opinionpublica.com.ar\/index\/author\/rking\/"},"category_info":"<a href=\"https:\/\/opinionpublica.com.ar\/index\/category\/tierra-del-fuego\/\" rel=\"category tag\">Tierra del Fuego<\/a>","tag_info":"Tierra del Fuego","comment_count":"0","_links":{"self":[{"href":"https:\/\/opinionpublica.com.ar\/index\/wp-json\/wp\/v2\/posts\/8071","targetHints":{"allow":["GET"]}}],"collection":[{"href":"https:\/\/opinionpublica.com.ar\/index\/wp-json\/wp\/v2\/posts"}],"about":[{"href":"https:\/\/opinionpublica.com.ar\/index\/wp-json\/wp\/v2\/types\/post"}],"author":[{"embeddable":true,"href":"https:\/\/opinionpublica.com.ar\/index\/wp-json\/wp\/v2\/users\/8"}],"replies":[{"embeddable":true,"href":"https:\/\/opinionpublica.com.ar\/index\/wp-json\/wp\/v2\/comments?post=8071"}],"version-history":[{"count":1,"href":"https:\/\/opinionpublica.com.ar\/index\/wp-json\/wp\/v2\/posts\/8071\/revisions"}],"predecessor-version":[{"id":8072,"href":"https:\/\/opinionpublica.com.ar\/index\/wp-json\/wp\/v2\/posts\/8071\/revisions\/8072"}],"wp:featuredmedia":[{"embeddable":true,"href":"https:\/\/opinionpublica.com.ar\/index\/wp-json\/wp\/v2\/media\/3742"}],"wp:attachment":[{"href":"https:\/\/opinionpublica.com.ar\/index\/wp-json\/wp\/v2\/media?parent=8071"}],"wp:term":[{"taxonomy":"category","embeddable":true,"href":"https:\/\/opinionpublica.com.ar\/index\/wp-json\/wp\/v2\/categories?post=8071"},{"taxonomy":"post_tag","embeddable":true,"href":"https:\/\/opinionpublica.com.ar\/index\/wp-json\/wp\/v2\/tags?post=8071"}],"curies":[{"name":"wp","href":"https:\/\/api.w.org\/{rel}","templated":true}]}}