{"id":8075,"date":"2025-01-03T10:50:48","date_gmt":"2025-01-03T13:50:48","guid":{"rendered":"https:\/\/opinionpublica.com.ar\/index\/?p=8075"},"modified":"2025-01-03T10:50:48","modified_gmt":"2025-01-03T13:50:48","slug":"la-uise-en-el-2025-expandira-en-rio-grande-su-unidad-de-negocios","status":"publish","type":"post","link":"https:\/\/opinionpublica.com.ar\/index\/la-uise-en-el-2025-expandira-en-rio-grande-su-unidad-de-negocios\/","title":{"rendered":"La UISE en el 2025 expandir\u00e1 en R\u00edo Grande su unidad de negocios"},"content":{"rendered":"<header class=\"entry-header\">\n<p class=\"entry-title\"><strong>La UISE en el 2025 expandir\u00e1 en R\u00edo Grande su unidad de negocios<\/strong><\/p>\n<\/header>\n<div class=\"entry-content clearfix\">\n<p>Mois\u00e9s Solorza destac\u00f3 que su designaci\u00f3n es un reconocimiento a su trayectoria en el \u00e1mbito energ\u00e9tico y su compromiso con el desarrollo sostenible de la provincia. \u201cEs un honor poder representar a la UISE en R\u00edo Grande, una ciudad que tiene un potencial enorme en t\u00e9rminos de energ\u00eda y desarrollo econ\u00f3mico\u201d, afirm\u00f3.<\/p>\n<p><a href=\"https:\/\/opinionpublica.com.ar\/index\/wp-content\/uploads\/2024\/06\/moises-solorza.jpg\"><img fetchpriority=\"high\" decoding=\"async\" class=\"alignnone size-full wp-image-3554\" src=\"https:\/\/opinionpublica.com.ar\/index\/wp-content\/uploads\/2024\/06\/moises-solorza.jpg\" alt=\"\" width=\"1000\" height=\"667\" srcset=\"https:\/\/opinionpublica.com.ar\/index\/wp-content\/uploads\/2024\/06\/moises-solorza.jpg 1000w, https:\/\/opinionpublica.com.ar\/index\/wp-content\/uploads\/2024\/06\/moises-solorza-300x200.jpg 300w, https:\/\/opinionpublica.com.ar\/index\/wp-content\/uploads\/2024\/06\/moises-solorza-768x512.jpg 768w\" sizes=\"(max-width: 1000px) 100vw, 1000px\" \/><\/a><\/p>\n<p>Mois\u00e9s Solorza, ex secretario de Energ\u00eda de la Provincia, ha sido designado por el intendente de Ushuaia, Walter Vuoto, como representante de la Sociedad del Estado UISE en la ciudad de R\u00edo Grande. En una reciente entrevista, Solorza comparti\u00f3 sus impresiones sobre esta nueva responsabilidad y los objetivos que se propone alcanzar en su nuevo rol.<\/p>\n<p>Solorza destac\u00f3 que su designaci\u00f3n es un reconocimiento a su trayectoria en el \u00e1mbito energ\u00e9tico y su compromiso con el desarrollo sostenible de la provincia. \u00abEs un honor poder representar a la UISE en R\u00edo Grande, una ciudad que tiene un potencial enorme en t\u00e9rminos de energ\u00eda y desarrollo econ\u00f3mico\u00bb, afirm\u00f3.<\/p>\n<p>Uno de los principales objetivos de Solorza en su nuevo cargo ser\u00e1 impulsar proyectos que fomenten el uso de energ\u00edas renovables y la eficiencia energ\u00e9tica en la regi\u00f3n. \u00abLa transici\u00f3n hacia fuentes de energ\u00eda m\u00e1s limpias es fundamental para el futuro de nuestra provincia. Quiero trabajar en iniciativas que no solo beneficien a la comunidad, sino que tambi\u00e9n contribuyan a la sostenibilidad ambiental\u00bb, explic\u00f3.<\/p>\n<p>Adem\u00e1s, Solorza mencion\u00f3 la importancia de fortalecer la relaci\u00f3n entre la UISE y los diferentes actores locales, incluyendo empresas, instituciones educativas y organizaciones sociales. \u00abEs esencial crear un di\u00e1logo abierto y colaborativo para identificar las necesidades de la comunidad y desarrollar soluciones efectivas\u00bb, indic\u00f3.<\/p>\n<p>En cuanto a los desaf\u00edos que enfrenta, Solorza reconoci\u00f3 que la situaci\u00f3n econ\u00f3mica actual presenta obst\u00e1culos, pero se mostr\u00f3 optimista. \u00abCon trabajo en equipo y una visi\u00f3n clara, estoy convencido de que podemos superar las dificultades y avanzar hacia un futuro m\u00e1s pr\u00f3spero para R\u00edo Grande y toda la provincia\u00bb, afirm\u00f3.<\/p>\n<p>Finalmente, Solorza agradeci\u00f3 al intendente Vuoto por la confianza depositada en \u00e9l y se comprometi\u00f3 a trabajar incansablemente para cumplir con las expectativas de la comunidad. \u00abEstoy aqu\u00ed para servir y hacer de R\u00edo Grande un lugar donde la energ\u00eda y el desarrollo vayan de la mano\u00bb, concluy\u00f3.<\/p>\n<p>Con esta nueva designaci\u00f3n, Mois\u00e9s Solorza se prepara para asumir un papel clave en la promoci\u00f3n de pol\u00edticas energ\u00e9ticas que beneficien a la regi\u00f3n, reafirmando su compromiso con el desarrollo sostenible y el bienestar de la comunidad.<\/p>\n<p>&nbsp;<\/p>\n<\/div>\n","protected":false},"excerpt":{"rendered":"<p>La UISE en el 2025 expandir\u00e1 en R\u00edo Grande su unidad de negocios Mois\u00e9s Solorza destac\u00f3 que su<\/p>\n","protected":false},"author":8,"featured_media":3554,"comment_status":"open","ping_status":"open","sticky":false,"template":"","format":"standard","meta":{"footnotes":""},"categories":[2],"tags":[225,7,237],"class_list":["post-8075","post","type-post","status-publish","format-standard","has-post-thumbnail","hentry","category-tierra-del-fuego","tag-moises-solorza","tag-rio-grande","tag-uise"],"featured_image_urls":{"full":["https:\/\/opinionpublica.com.ar\/index\/wp-content\/uploads\/2024\/06\/moises-solorza.jpg",1000,667,false],"thumbnail":["https:\/\/opinionpublica.com.ar\/index\/wp-content\/uploads\/2024\/06\/moises-solorza-150x150.jpg",150,150,true],"medium":["https:\/\/opinionpublica.com.ar\/index\/wp-content\/uploads\/2024\/06\/moises-solorza-300x200.jpg",300,200,true],"medium_large":["https:\/\/opinionpublica.com.ar\/index\/wp-content\/uploads\/2024\/06\/moises-solorza-768x512.jpg",640,427,true],"large":["https:\/\/opinionpublica.com.ar\/index\/wp-content\/uploads\/2024\/06\/moises-solorza.jpg",640,427,false],"1536x1536":["https:\/\/opinionpublica.com.ar\/index\/wp-content\/uploads\/2024\/06\/moises-solorza.jpg",1000,667,false],"2048x2048":["https:\/\/opinionpublica.com.ar\/index\/wp-content\/uploads\/2024\/06\/moises-solorza.jpg",1000,667,false],"morenews-large":["https:\/\/opinionpublica.com.ar\/index\/wp-content\/uploads\/2024\/06\/moises-solorza-825x575.jpg",825,575,true],"morenews-medium":["https:\/\/opinionpublica.com.ar\/index\/wp-content\/uploads\/2024\/06\/moises-solorza-590x410.jpg",590,410,true]},"author_info":{"display_name":"RKing","author_link":"https:\/\/opinionpublica.com.ar\/index\/author\/rking\/"},"category_info":"<a href=\"https:\/\/opinionpublica.com.ar\/index\/category\/tierra-del-fuego\/\" rel=\"category tag\">Tierra del Fuego<\/a>","tag_info":"Tierra del Fuego","comment_count":"0","_links":{"self":[{"href":"https:\/\/opinionpublica.com.ar\/index\/wp-json\/wp\/v2\/posts\/8075","targetHints":{"allow":["GET"]}}],"collection":[{"href":"https:\/\/opinionpublica.com.ar\/index\/wp-json\/wp\/v2\/posts"}],"about":[{"href":"https:\/\/opinionpublica.com.ar\/index\/wp-json\/wp\/v2\/types\/post"}],"author":[{"embeddable":true,"href":"https:\/\/opinionpublica.com.ar\/index\/wp-json\/wp\/v2\/users\/8"}],"replies":[{"embeddable":true,"href":"https:\/\/opinionpublica.com.ar\/index\/wp-json\/wp\/v2\/comments?post=8075"}],"version-history":[{"count":1,"href":"https:\/\/opinionpublica.com.ar\/index\/wp-json\/wp\/v2\/posts\/8075\/revisions"}],"predecessor-version":[{"id":8077,"href":"https:\/\/opinionpublica.com.ar\/index\/wp-json\/wp\/v2\/posts\/8075\/revisions\/8077"}],"wp:featuredmedia":[{"embeddable":true,"href":"https:\/\/opinionpublica.com.ar\/index\/wp-json\/wp\/v2\/media\/3554"}],"wp:attachment":[{"href":"https:\/\/opinionpublica.com.ar\/index\/wp-json\/wp\/v2\/media?parent=8075"}],"wp:term":[{"taxonomy":"category","embeddable":true,"href":"https:\/\/opinionpublica.com.ar\/index\/wp-json\/wp\/v2\/categories?post=8075"},{"taxonomy":"post_tag","embeddable":true,"href":"https:\/\/opinionpublica.com.ar\/index\/wp-json\/wp\/v2\/tags?post=8075"}],"curies":[{"name":"wp","href":"https:\/\/api.w.org\/{rel}","templated":true}]}}