{"id":8081,"date":"2025-01-03T11:16:15","date_gmt":"2025-01-03T14:16:15","guid":{"rendered":"https:\/\/opinionpublica.com.ar\/index\/?p=8081"},"modified":"2025-01-03T11:16:15","modified_gmt":"2025-01-03T14:16:15","slug":"el-proyecto-del-dique-flotante-para-la-base-naval-en-ushuaia-fue-paralizado-por-ministerio-de-defensa","status":"publish","type":"post","link":"https:\/\/opinionpublica.com.ar\/index\/el-proyecto-del-dique-flotante-para-la-base-naval-en-ushuaia-fue-paralizado-por-ministerio-de-defensa\/","title":{"rendered":"El proyecto del dique flotante para \u00a0la base Naval en Ushuaia fue paralizado por Ministerio de Defensa"},"content":{"rendered":"<div class=\"row pb3p\">\n<div class=\"pt3p pb3p col-offset-0 col-md-offset-1 col-12 col-md-11 nota-encabezado\">\n<p class=\"ftitulo ctitle  fz43 mb15 bold lh50\"><strong>El proyecto del dique flotante para \u00a0la base Naval en Ushuaia fue paralizado por el Ministerio de Defensa<\/strong><\/p>\n<p class=\"fparrafo ctext fz18 lh25\">Se iba a construir en el Astillero R\u00edo Santiago, provincia de Buenos Aires. Se trataba de un Dique Flotante Autocargable para operar en el puerto de nuestra Ciudad.<\/p>\n<\/div>\n<div class=\"col-offset-0 col-md-offset-1 col-12 col-md-11\">\n<div class=\"owl-carousel owl-theme carousel-nota owl-loaded owl-drag\">\n<div class=\"owl-stage-outer\">\n<div class=\"owl-stage\">\n<div class=\"owl-item cloned\">\n<div class=\"item\"><\/div>\n<\/div>\n<\/div>\n<\/div>\n<\/div>\n<\/div>\n<div class=\"col-12 col-md-10 col-md-offset-2 fz10 lh12\">\n<div class=\"bdb bdtextlight tar mb8 pt8 pb8\">\n<div id=\"st-1\" class=\"sharethis-inline-share-buttons st-left st-lang-es  st-inline-share-buttons st-animated\">\n<div class=\"st-btn\" data-network=\"email\"><a href=\"https:\/\/opinionpublica.com.ar\/index\/wp-content\/uploads\/2024\/04\/base-naval-ushuaia-2.avif\"><img fetchpriority=\"high\" decoding=\"async\" class=\"alignnone size-full wp-image-2196\" src=\"https:\/\/opinionpublica.com.ar\/index\/wp-content\/uploads\/2024\/04\/base-naval-ushuaia-2.avif\" alt=\"\" width=\"1440\" height=\"1018\" \/><\/a><img decoding=\"async\" src=\"https:\/\/platform-cdn.sharethis.com\/img\/email.svg\" alt=\"email sharing button\" \/><\/div>\n<div class=\"st-btn st-last\" data-network=\"whatsapp\"><img decoding=\"async\" src=\"https:\/\/platform-cdn.sharethis.com\/img\/whatsapp.svg\" alt=\"whatsapp sharing button\" \/><\/div>\n<\/div>\n<\/div>\n<\/div>\n<\/div>\n<div class=\"row\">\n<div class=\"col-12 col-md-10 fparrafo ctext fz16 lh28 mb20\">\n<div class=\"wysiwyg mb15 texto_nota\">\n<p>El 9 de marzo de 2023 se firm\u00f3 un acuerdo entre el entonces ministro de Defensa Jorge Taiana y el gobernador de la provincia de Buenos Aires, Axel Kicillof, el cual establec\u00eda entre otras obras, la construcci\u00f3n por parte del Astillero R\u00edo Santiago (ARS) de un Dique Flotante Autocargable para operar en la provincia de Tierra del Fuego, la cual estar\u00eda prevista en el financiamiento del FONDEF.<\/p>\n<p>La realizaci\u00f3n de la obra estaba dispuesta en dos partes: una primera fase que comenzaba con la firma del contrato de la ingenier\u00eda b\u00e1sica del dique, donde la Gerencia T\u00e9cnica del ARS trabaj\u00f3 en el dise\u00f1o y la ingenier\u00eda del artefacto atendiendo especialmente las necesidades de la Armada Argentina. De esta manera, se obtuvieron los planos, todos aprobados por el NK Jap\u00f3n que a\u00fan est\u00e1n en poder del Astillero R\u00edo Santiago.<\/p>\n<p>La segunda fase, inclu\u00eda el contrato para la construcci\u00f3n, el que permit\u00eda dar inicio a la apertura de obra y poder hacer los pedidos de materiales necesarios para ello. Si bien la gerencia t\u00e9cnica ya tiene la enlistado los materiales necesarios, no tienen el contrato para realizar las adjudicaciones ni los fondos necesarios para avanzar.<\/p>\n<p><a href=\"https:\/\/opinionpublica.com.ar\/index\/wp-content\/uploads\/2025\/01\/20250102185630_whatsapp-image-2025-01-02-at-6-52-31-pm-dique-seco-ushuaia.jpg\"><img decoding=\"async\" class=\"alignnone size-full wp-image-8082\" src=\"https:\/\/opinionpublica.com.ar\/index\/wp-content\/uploads\/2025\/01\/20250102185630_whatsapp-image-2025-01-02-at-6-52-31-pm-dique-seco-ushuaia.jpg\" alt=\"\" width=\"880\" height=\"512\" srcset=\"https:\/\/opinionpublica.com.ar\/index\/wp-content\/uploads\/2025\/01\/20250102185630_whatsapp-image-2025-01-02-at-6-52-31-pm-dique-seco-ushuaia.jpg 880w, https:\/\/opinionpublica.com.ar\/index\/wp-content\/uploads\/2025\/01\/20250102185630_whatsapp-image-2025-01-02-at-6-52-31-pm-dique-seco-ushuaia-300x175.jpg 300w, https:\/\/opinionpublica.com.ar\/index\/wp-content\/uploads\/2025\/01\/20250102185630_whatsapp-image-2025-01-02-at-6-52-31-pm-dique-seco-ushuaia-768x447.jpg 768w\" sizes=\"(max-width: 880px) 100vw, 880px\" \/><\/a><\/p>\n<p>La primera partida de dinero que se esperaba por el monto de 5 millones de d\u00f3lares, ser\u00e1 destinada en su totalidad a la compra de acero, perfiles, tuber\u00edas, pintura y los equipos m\u00e1s grandes que se necesitan para avanzar en la construcci\u00f3n. Hasta la fecha, esa partida prevista de ser transferida al Astillero R\u00edo Santiago no lleg\u00f3 y el Ministerio de Defensa no ha realizado ninguna manifestaci\u00f3n por dicho retraso, poniendo en riesgo el normal desarrollo de los trabajos y avance en la compra de materiales.<\/p>\n<p>\u00abNosotros hab\u00edamos firmado un acuerdo con el anterior ministro de defensa Jorge Taiana y Axel Kicillof, para llevar adelante la construcci\u00f3n de un dique flotante para la base naval militar que opera en Ushuaia (Tierra del Fuego) \u00bfSabes de cu\u00e1nto era el contrato? Quince millones de d\u00f3lares, y nosotros nos asegur\u00e1bamos trabajo para 4 a\u00f1os\u201d, indic\u00f3 el secretario de acci\u00f3n pol\u00edtica de ATE Ensenada y trabajador del Astillero R\u00edo Santiago Diego Seimandi.<\/p>\n<p>Cabe destacar el proyecto paralizado por orden de Luis Petri, fue dise\u00f1ado en conjunto con la armada. \u201cLe hicimos toda la ingenier\u00eda y la aprobamos con un registro internacional, el NKK, un registro japon\u00e9s, para luego entregarlo. En febrero de 2024 ten\u00eda que venir una partida de 5 millones de d\u00f3lares que deb\u00eda liberar el ministerio de defensa a trav\u00e9s del FONDEF para comprar el grueso del acero y los perfiles para arrancar con toda la estructura. Lamentablemente Petri lo paraliz\u00f3\u201d.<\/p>\n<p>Desde el Astillero R\u00edo Santiago denuncian que desde el ministerio de defensa se viene despilfarrando dinero, un ejemplo cabal de eso es la firma del convenio FMS (Foreing Military Sales) con el gobierno estadounidense por un total de US$ 941 millones en equipamiento para los cazabombarderos F-16 recientemente adquiridos a Dinamarca. \u201cEsto genera much\u00edsima bronca, ya que lo que ha hecho Petri, es no permitir una obra necesaria que a su vez brindar\u00eda trabajo por 4 a\u00f1os. En el Congreso se ha presentado un pedido de informe, pero a\u00fan seguimos sin novedades\u201d.<\/p>\n<p>La base integral del proyecto ten\u00eda a Tierra del Fuego como su base de operaciones. Diego Seimondi ha viajado dos veces a Ushuaia para constatar la problem\u00e1tica que resolver\u00eda la construcci\u00f3n del dique flotante. \u201cEl dique actual que tienen el lugar, el Yerba 3, hace a\u00f1os que funciona con una bomba de achique que trabaja de manera permanente, de lo contrario se hunde. Es m\u00e1s, ya se hundi\u00f3 una vez y lo reflotaron. Entonces, estamos hablando de una obra necesaria, no es que \u00edbamos a hacer algo que a la Armada no le serv\u00eda. El dise\u00f1o que realizamos nosotros, le iba a permitir a la Armada poder levantar todos los buques que tiene hoy en d\u00eda, hasta las corbetas, las m\u00e1s grandes, las 360, las francesas. Al tema lo llevamos incluso a la Comisi\u00f3n Asesora de la Industria Naval, lo expusimos ah\u00ed, pero obviamente que con esto no vamos a hacer nada, pero al menos estamos buscando visibilizarlo\u201d, enfatiz\u00f3 el secretario de acci\u00f3n pol\u00edtica de ATE Ensenada.<\/p>\n<p>Las evidencias son tangibles, al gobierno nacional no le interesa el proyecto de construcci\u00f3n de un dique flotante que solucionar\u00eda un sinf\u00edn de inconvenientes brindando trabajo genuino en un contexto asfixiante. Un camino que impulsar\u00eda transferencias tecnol\u00f3gicas, que implicar\u00eda desarrollar capacidades y formar soldadores de precisi\u00f3n en acero naval, no se trata de una zoncera precisamente. Desde el ministerio de defensa parecen estar c\u00f3modos cerrando las comisiones de negocios que no le cambian los d\u00edas a los moradores de estos arrabales del planeta, lo verdaderamente operativo y transformador puede esperar.<\/p>\n<\/div>\n<\/div>\n<\/div>\n","protected":false},"excerpt":{"rendered":"<p>El proyecto del dique flotante para \u00a0la base Naval en Ushuaia fue paralizado por el Ministerio de Defensa<\/p>\n","protected":false},"author":8,"featured_media":7349,"comment_status":"open","ping_status":"open","sticky":false,"template":"","format":"standard","meta":{"footnotes":""},"categories":[21],"tags":[554,3038,6],"class_list":["post-8081","post","type-post","status-publish","format-standard","has-post-thumbnail","hentry","category-ushuaia","tag-base-naval","tag-dique-seco","tag-ushuaia"],"featured_image_urls":{"full":["https:\/\/opinionpublica.com.ar\/index\/wp-content\/uploads\/2024\/11\/20241121103908299cfaa57d659cadfb323333c63f6734-crucero-casa-gobierno-ushuaia.jpg",800,444,false],"thumbnail":["https:\/\/opinionpublica.com.ar\/index\/wp-content\/uploads\/2024\/11\/20241121103908299cfaa57d659cadfb323333c63f6734-crucero-casa-gobierno-ushuaia-150x150.jpg",150,150,true],"medium":["https:\/\/opinionpublica.com.ar\/index\/wp-content\/uploads\/2024\/11\/20241121103908299cfaa57d659cadfb323333c63f6734-crucero-casa-gobierno-ushuaia-300x167.jpg",300,167,true],"medium_large":["https:\/\/opinionpublica.com.ar\/index\/wp-content\/uploads\/2024\/11\/20241121103908299cfaa57d659cadfb323333c63f6734-crucero-casa-gobierno-ushuaia-768x426.jpg",640,355,true],"large":["https:\/\/opinionpublica.com.ar\/index\/wp-content\/uploads\/2024\/11\/20241121103908299cfaa57d659cadfb323333c63f6734-crucero-casa-gobierno-ushuaia.jpg",640,355,false],"1536x1536":["https:\/\/opinionpublica.com.ar\/index\/wp-content\/uploads\/2024\/11\/20241121103908299cfaa57d659cadfb323333c63f6734-crucero-casa-gobierno-ushuaia.jpg",800,444,false],"2048x2048":["https:\/\/opinionpublica.com.ar\/index\/wp-content\/uploads\/2024\/11\/20241121103908299cfaa57d659cadfb323333c63f6734-crucero-casa-gobierno-ushuaia.jpg",800,444,false],"morenews-large":["https:\/\/opinionpublica.com.ar\/index\/wp-content\/uploads\/2024\/11\/20241121103908299cfaa57d659cadfb323333c63f6734-crucero-casa-gobierno-ushuaia.jpg",800,444,false],"morenews-medium":["https:\/\/opinionpublica.com.ar\/index\/wp-content\/uploads\/2024\/11\/20241121103908299cfaa57d659cadfb323333c63f6734-crucero-casa-gobierno-ushuaia-590x410.jpg",590,410,true]},"author_info":{"display_name":"RKing","author_link":"https:\/\/opinionpublica.com.ar\/index\/author\/rking\/"},"category_info":"<a href=\"https:\/\/opinionpublica.com.ar\/index\/category\/ushuaia\/\" rel=\"category tag\">Ushuaia<\/a>","tag_info":"Ushuaia","comment_count":"0","_links":{"self":[{"href":"https:\/\/opinionpublica.com.ar\/index\/wp-json\/wp\/v2\/posts\/8081","targetHints":{"allow":["GET"]}}],"collection":[{"href":"https:\/\/opinionpublica.com.ar\/index\/wp-json\/wp\/v2\/posts"}],"about":[{"href":"https:\/\/opinionpublica.com.ar\/index\/wp-json\/wp\/v2\/types\/post"}],"author":[{"embeddable":true,"href":"https:\/\/opinionpublica.com.ar\/index\/wp-json\/wp\/v2\/users\/8"}],"replies":[{"embeddable":true,"href":"https:\/\/opinionpublica.com.ar\/index\/wp-json\/wp\/v2\/comments?post=8081"}],"version-history":[{"count":1,"href":"https:\/\/opinionpublica.com.ar\/index\/wp-json\/wp\/v2\/posts\/8081\/revisions"}],"predecessor-version":[{"id":8083,"href":"https:\/\/opinionpublica.com.ar\/index\/wp-json\/wp\/v2\/posts\/8081\/revisions\/8083"}],"wp:featuredmedia":[{"embeddable":true,"href":"https:\/\/opinionpublica.com.ar\/index\/wp-json\/wp\/v2\/media\/7349"}],"wp:attachment":[{"href":"https:\/\/opinionpublica.com.ar\/index\/wp-json\/wp\/v2\/media?parent=8081"}],"wp:term":[{"taxonomy":"category","embeddable":true,"href":"https:\/\/opinionpublica.com.ar\/index\/wp-json\/wp\/v2\/categories?post=8081"},{"taxonomy":"post_tag","embeddable":true,"href":"https:\/\/opinionpublica.com.ar\/index\/wp-json\/wp\/v2\/tags?post=8081"}],"curies":[{"name":"wp","href":"https:\/\/api.w.org\/{rel}","templated":true}]}}