{"id":8084,"date":"2025-01-03T11:34:46","date_gmt":"2025-01-03T14:34:46","guid":{"rendered":"https:\/\/opinionpublica.com.ar\/index\/?p=8084"},"modified":"2025-01-03T11:34:46","modified_gmt":"2025-01-03T14:34:46","slug":"el-gobierno-prorroga-hasta-fin-de-marzo-40-000-contratos-de-trabajadores-estatales","status":"publish","type":"post","link":"https:\/\/opinionpublica.com.ar\/index\/el-gobierno-prorroga-hasta-fin-de-marzo-40-000-contratos-de-trabajadores-estatales\/","title":{"rendered":"El Gobierno prorroga hasta fin de marzo 40.000 contratos de trabajadores estatales"},"content":{"rendered":"<div class=\"lay --apertura\">\n<div class=\"row\">\n<div class=\"col-12\">\n<p class=\"com-title --font-primary --sixxl --font-extra\"><strong>El Gobierno prorroga hasta fin de marzo 40.000 contratos de trabajadores estatales, que deber\u00e1n rendir examen para poder seguir<\/strong><\/p>\n<\/div>\n<\/div>\n<\/div>\n<div class=\"lay-sidebar\">\n<div class=\"sidebar__main\">\n<div class=\"row\">\n<div class=\"col-12 \">\n<p class=\"com-subhead --bajada --m-xs-\">Los empleados que est\u00e1n bajo esa modalidad vieron caer sus convenios el 31 de diciembre; se los extender\u00e1n por \u00faltima vez y les exigir\u00e1n una evaluaci\u00f3n por contratos anuales; ATE denuncia los primeros despidos de 2025<a href=\"https:\/\/opinionpublica.com.ar\/index\/wp-content\/uploads\/2025\/01\/09112024mileiturzeneggercedocg-1908597-javier-milei-federico-sturzenegger.jpg\"><img fetchpriority=\"high\" decoding=\"async\" class=\"alignnone size-full wp-image-8086\" src=\"https:\/\/opinionpublica.com.ar\/index\/wp-content\/uploads\/2025\/01\/09112024mileiturzeneggercedocg-1908597-javier-milei-federico-sturzenegger.jpg\" alt=\"\" width=\"987\" height=\"555\" srcset=\"https:\/\/opinionpublica.com.ar\/index\/wp-content\/uploads\/2025\/01\/09112024mileiturzeneggercedocg-1908597-javier-milei-federico-sturzenegger.jpg 987w, https:\/\/opinionpublica.com.ar\/index\/wp-content\/uploads\/2025\/01\/09112024mileiturzeneggercedocg-1908597-javier-milei-federico-sturzenegger-300x169.jpg 300w, https:\/\/opinionpublica.com.ar\/index\/wp-content\/uploads\/2025\/01\/09112024mileiturzeneggercedocg-1908597-javier-milei-federico-sturzenegger-768x432.jpg 768w\" sizes=\"(max-width: 987px) 100vw, 987px\" \/><\/a><\/p>\n<p>&nbsp;<\/p>\n<\/div>\n<\/div>\n<section class=\"cuerpo__nota\" data-mrf-recirculation=\"n_links\">\n<div class=\"row\">\n<div class=\"col-deskxl-10 offset-deskxl-1 col-desksm-11\">\n<div class=\"row\">\n<div class=\"col-12\">\n<p class=\"com-paragraph  --capital --s\">El 31 de diciembre, al menos\u00a0<strong>40.000 empleados p\u00fablicos<\/strong>\u00a0de la administraci\u00f3n nacional que est\u00e1n<strong>\u00a0bajo modalidad de contrato (no integran la planta permanente estatal)\u00a0<\/strong>vieron caer sus convenios. Desde que asumi\u00f3, la gesti\u00f3n de\u00a0<strong>Javier Milei\u00a0<\/strong>viene renovando estas contrataciones\u00a0de forma precaria, cada tres meses, para definir qu\u00e9 porci\u00f3n de los trabajadores mantiene su puesto y cu\u00e1les son despedidos.\u00a0Lo har\u00e1 otra vez ahora con nuevas pr\u00f3rrogas hasta fines de marzo\u00a0<strong>a la espera de que estos empleados realicen un ex\u00e1men de idoneidad<\/strong>\u00a0para pasar a un r\u00e9gimen de mayor estabilidad.<\/p>\n<p class=\"com-paragraph   --s\">Seg\u00fan datos que public\u00f3 en X el ministro de Desregulaci\u00f3n y Transformaci\u00f3n del Estado,\u00a0<strong>Federico Sturzenegger,<\/strong>\u00a0que controla el \u00e1rea del empleo p\u00fablico, entre la asunci\u00f3n de Milei y noviembre de 2024\u00a0<strong>fueron dados de baja casi 36.000 empleados p\u00fablicos\u00a0<\/strong>que estaban bajo el r\u00e9gimen de contrataci\u00f3n.<\/p>\n<p class=\"com-paragraph   --s\">Otros\u00a0<strong>40.000 empleados siguen contratados bajo el art\u00edculo 9\u00b0<\/strong>\u00a0de la Ley Marco de Regulaci\u00f3n del Empleo P\u00fablico Nacional que establece regimenes por un tiempo determinado por servicios transitorios o estacionales. A todos ellos se les venci\u00f3 su convenio el \u00faltimo d\u00eda del 2024, pero<strong>\u00a0en las distintas dependencias se est\u00e1n firmando renovaciones por otros tres meses.<\/strong><\/p>\n<p class=\"com-paragraph   --s\">En el Gobierno se\u00f1alaron que<strong>\u00a0se espera que esta sea la \u00faltima pr\u00f3rroga:<\/strong>\u00a0el ministerio de Sturzenegger dispuso que todos ellos deber\u00e1n rendir la\u00a0<strong>Evaluaci\u00f3n General de Conocimientos y Competencias,<\/strong>\u00a0un \u201cexamen de idoneidad\u201d con un cuestionario dividido en tres categor\u00edas: comprensi\u00f3n lectora, razonamiento l\u00f3gico matem\u00e1tico y administraci\u00f3n p\u00fablica.<\/p>\n<p class=\"com-paragraph   --s\">\u201cDe los empleados contratados, a partir de marzo seguir\u00e1n los que cumplan con dos condiciones: el examen de idoneidad aprobado y que sus jefes consideren que la persona cumple una funci\u00f3n necesaria para el \u00e1rea\u201d, dijo un colaborador oficial.<\/p>\n<p class=\"com-paragraph   --s\">Seg\u00fan fuentes oficiales y gremiales, hasta ahora rindieron el examen\u00a0<strong>14.000 empleados<\/strong>\u00a0(Sturzenegger dijo que el 95% de los que hicieron la prueba la aprobaron).<\/p>\n<p class=\"com-paragraph   --s\">\u201cSe supone que a partir de la aprobaci\u00f3n del examen el empleado deja de estar tan precarizado.<strong>\u00a0En lugar de renovarle el contrato por tres meses va a tener contrato por un a\u00f1o\u201d,\u00a0<\/strong>dijo a\u00a0<strong>LA NACION Rodolfo Aguiar,\u00a0<\/strong>titular de la Asociaci\u00f3n Trabajadores del Estado\u00a0<strong>(ATE).<\/strong>\u00a0\u201cDe todas formas no terminan de darle estabilidad al trabajador\u201d, agreg\u00f3.<\/p>\n<p class=\"com-paragraph   --s\">En ATE aseguran que no son 40.000 sino m\u00e1s de 55.000 los empleados a los que se les venci\u00f3 su contrato el 31 de diciembre. Contabilizan tambi\u00e9n\u00a0los monotributistas bajo locaci\u00f3n de servicios y los 2400 empleados que depend\u00edan de la Asociaci\u00f3n de Concesionarios de Automotores de la Rep\u00fablica Argentina (Acara)\u00a0un ente cooperador del Ministerio de Justicia para agilizar los tr\u00e1mites en los registros del automotor. El Gobierno ya anunci\u00f3 que va a desvincular a los trabajadores que tengan un convenio a trav\u00e9s de Acara.<\/p>\n<p class=\"com-paragraph   --s\">En ATE se\u00f1alaron que con el cambio de a\u00f1o \u201cse detectaron\u00a0<strong>los primeros despidos en el Ministerio de Justicia, en el Instituto Obra Social de las Fuerzas Armadas (Iosfa) -la obra social de los uniformados- y en Parques Nacionales\u201d.<\/strong>\u00a0El caso m\u00e1s resonante es el de del\u00a0Centro Cultural de la Memoria Haroldo Conti,\u00a0ubicado en la ex-ESMA, donde 87 empleados recibieron un mensaje por WhatsApp el 31 de diciembre en el que se les comunicaba que a partir de hoy no deb\u00edan presentarse a trabajar.<\/p>\n<h2 class=\"com-title --font-primary --xl --font-extra\">Nuevos decretos<\/h2>\n<div class=\"content-media\">\n<section class=\"mod-media --zoom  \" role=\"button\">\n<figure class=\"mod-figure \" role=\"button\">\n<div class=\"placeholder \">\n<div class=\"com-image\"><a href=\"https:\/\/opinionpublica.com.ar\/index\/wp-content\/uploads\/2025\/01\/0000154031-federico-sturzenegger.jpg\"><img decoding=\"async\" class=\"alignnone size-full wp-image-8085\" src=\"https:\/\/opinionpublica.com.ar\/index\/wp-content\/uploads\/2025\/01\/0000154031-federico-sturzenegger.jpg\" alt=\"\" width=\"1500\" height=\"870\" srcset=\"https:\/\/opinionpublica.com.ar\/index\/wp-content\/uploads\/2025\/01\/0000154031-federico-sturzenegger.jpg 1500w, https:\/\/opinionpublica.com.ar\/index\/wp-content\/uploads\/2025\/01\/0000154031-federico-sturzenegger-300x174.jpg 300w, https:\/\/opinionpublica.com.ar\/index\/wp-content\/uploads\/2025\/01\/0000154031-federico-sturzenegger-1024x594.jpg 1024w, https:\/\/opinionpublica.com.ar\/index\/wp-content\/uploads\/2025\/01\/0000154031-federico-sturzenegger-768x445.jpg 768w\" sizes=\"(max-width: 1500px) 100vw, 1500px\" \/><\/a><\/div>\n<\/div><figcaption class=\"mod-figcaption\"><span class=\"com-text --caption --twoxs\">Federico Sturzenegger<\/span><\/figcaption><\/figure>\n<\/section>\n<\/div>\n<p class=\"com-paragraph   --s\">En las \u00faltimas horas, el Gobierno public\u00f3\u00a0<strong>dos nuevos decretos<\/strong>\u00a0para congelar la plata de la administraci\u00f3n nacional y limitar el ingreso de personal nuevo al sector p\u00fablico. En el \u00faltimo Bolet\u00edn Oficial de 2024, Milei y Sturzenegger firmaron los\u00a0decretos 1148\/24\u00a0y\u00a01149\/24.<\/p>\n<p class=\"com-paragraph   --s\">El primero de esos decretos fija que \u201clas entidades del Sector P\u00fablico Nacional\u00a0<strong>no podr\u00e1n efectuar designaciones ni contrataciones de personal de cualquier naturaleza\u201d.\u00a0<\/strong>Esa prohibici\u00f3n abarca a las designaciones en las plantas transitoria, las contrataciones bajo el paraguas del \u201cart\u00edculo 9\u00b0\u201d y las contrataciones para la prestaci\u00f3n de servicios profesionales aut\u00f3nomos. Excepcionalmente,\u00a0se podr\u00e1n prorrogar las designaciones transitorias y de contratos firmados el a\u00f1o pasado.<\/p>\n<p class=\"com-paragraph   --s\"><strong>Cualquier alta nueva excepcional en un organismo p\u00fablico deber\u00e1 estar respaldada por la baja de tres empleados\u00a0<\/strong>\u201ccualquiera fuera la causal, producidas a partir de una renuncia, jubilaci\u00f3n o desvinculaci\u00f3n\u201d.<\/p>\n<p class=\"com-paragraph   --s\">El decreto 1149\/24, en tanto, establece que, a partir del 1 de marzo de 2025, quienes aspiren a ingresar al sector p\u00fablico deber\u00e1n aprobar el examen de idoneidad implementado previamente para los empleados existentes. Este examen tambi\u00e9n ser\u00e1 obligatorio para las empresas con mayor\u00eda accionaria estatal.<\/p>\n<p>&nbsp;<\/p>\n<\/div>\n<\/div>\n<\/div>\n<\/div>\n<\/section>\n<\/div>\n<\/div>\n","protected":false},"excerpt":{"rendered":"<p>El Gobierno prorroga hasta fin de marzo 40.000 contratos de trabajadores estatales, que deber\u00e1n rendir examen para poder<\/p>\n","protected":false},"author":8,"featured_media":8086,"comment_status":"open","ping_status":"open","sticky":false,"template":"","format":"standard","meta":{"footnotes":""},"categories":[3,27],"tags":[1336,692],"class_list":["post-8084","post","type-post","status-publish","format-standard","has-post-thumbnail","hentry","category-nacionales","category-politica","tag-federico-sturzenegger","tag-javier-milei"],"featured_image_urls":{"full":["https:\/\/opinionpublica.com.ar\/index\/wp-content\/uploads\/2025\/01\/09112024mileiturzeneggercedocg-1908597-javier-milei-federico-sturzenegger.jpg",987,555,false],"thumbnail":["https:\/\/opinionpublica.com.ar\/index\/wp-content\/uploads\/2025\/01\/09112024mileiturzeneggercedocg-1908597-javier-milei-federico-sturzenegger-150x150.jpg",150,150,true],"medium":["https:\/\/opinionpublica.com.ar\/index\/wp-content\/uploads\/2025\/01\/09112024mileiturzeneggercedocg-1908597-javier-milei-federico-sturzenegger-300x169.jpg",300,169,true],"medium_large":["https:\/\/opinionpublica.com.ar\/index\/wp-content\/uploads\/2025\/01\/09112024mileiturzeneggercedocg-1908597-javier-milei-federico-sturzenegger-768x432.jpg",640,360,true],"large":["https:\/\/opinionpublica.com.ar\/index\/wp-content\/uploads\/2025\/01\/09112024mileiturzeneggercedocg-1908597-javier-milei-federico-sturzenegger.jpg",640,360,false],"1536x1536":["https:\/\/opinionpublica.com.ar\/index\/wp-content\/uploads\/2025\/01\/09112024mileiturzeneggercedocg-1908597-javier-milei-federico-sturzenegger.jpg",987,555,false],"2048x2048":["https:\/\/opinionpublica.com.ar\/index\/wp-content\/uploads\/2025\/01\/09112024mileiturzeneggercedocg-1908597-javier-milei-federico-sturzenegger.jpg",987,555,false],"morenews-large":["https:\/\/opinionpublica.com.ar\/index\/wp-content\/uploads\/2025\/01\/09112024mileiturzeneggercedocg-1908597-javier-milei-federico-sturzenegger-825x555.jpg",825,555,true],"morenews-medium":["https:\/\/opinionpublica.com.ar\/index\/wp-content\/uploads\/2025\/01\/09112024mileiturzeneggercedocg-1908597-javier-milei-federico-sturzenegger-590x410.jpg",590,410,true]},"author_info":{"display_name":"RKing","author_link":"https:\/\/opinionpublica.com.ar\/index\/author\/rking\/"},"category_info":"<a href=\"https:\/\/opinionpublica.com.ar\/index\/category\/nacionales\/\" rel=\"category tag\">Nacionales<\/a> <a href=\"https:\/\/opinionpublica.com.ar\/index\/category\/politica\/\" rel=\"category tag\">Politica<\/a>","tag_info":"Politica","comment_count":"0","_links":{"self":[{"href":"https:\/\/opinionpublica.com.ar\/index\/wp-json\/wp\/v2\/posts\/8084","targetHints":{"allow":["GET"]}}],"collection":[{"href":"https:\/\/opinionpublica.com.ar\/index\/wp-json\/wp\/v2\/posts"}],"about":[{"href":"https:\/\/opinionpublica.com.ar\/index\/wp-json\/wp\/v2\/types\/post"}],"author":[{"embeddable":true,"href":"https:\/\/opinionpublica.com.ar\/index\/wp-json\/wp\/v2\/users\/8"}],"replies":[{"embeddable":true,"href":"https:\/\/opinionpublica.com.ar\/index\/wp-json\/wp\/v2\/comments?post=8084"}],"version-history":[{"count":1,"href":"https:\/\/opinionpublica.com.ar\/index\/wp-json\/wp\/v2\/posts\/8084\/revisions"}],"predecessor-version":[{"id":8087,"href":"https:\/\/opinionpublica.com.ar\/index\/wp-json\/wp\/v2\/posts\/8084\/revisions\/8087"}],"wp:featuredmedia":[{"embeddable":true,"href":"https:\/\/opinionpublica.com.ar\/index\/wp-json\/wp\/v2\/media\/8086"}],"wp:attachment":[{"href":"https:\/\/opinionpublica.com.ar\/index\/wp-json\/wp\/v2\/media?parent=8084"}],"wp:term":[{"taxonomy":"category","embeddable":true,"href":"https:\/\/opinionpublica.com.ar\/index\/wp-json\/wp\/v2\/categories?post=8084"},{"taxonomy":"post_tag","embeddable":true,"href":"https:\/\/opinionpublica.com.ar\/index\/wp-json\/wp\/v2\/tags?post=8084"}],"curies":[{"name":"wp","href":"https:\/\/api.w.org\/{rel}","templated":true}]}}