{"id":8088,"date":"2025-01-06T09:12:00","date_gmt":"2025-01-06T12:12:00","guid":{"rendered":"https:\/\/opinionpublica.com.ar\/index\/?p=8088"},"modified":"2025-01-06T09:12:00","modified_gmt":"2025-01-06T12:12:00","slug":"alentador-repunte-de-las-ventas-en-comercios-minoristas-pymes","status":"publish","type":"post","link":"https:\/\/opinionpublica.com.ar\/index\/alentador-repunte-de-las-ventas-en-comercios-minoristas-pymes\/","title":{"rendered":"Alentador repunte de las ventas en comercios minoristas Pymes"},"content":{"rendered":"<hgroup class=\"zona-titulo\">\n<h4 class=\"titular\">Alentador repunte de las ventas en comercios minoristas Pymes<\/h4>\n<\/hgroup>\n<p>As\u00ed se desprende del Informe difundido hoy por la entidad mercantil elaborado en base a un relevamiento mensual entre m\u00e1s de 1200 comercios; donde en todos los rubros se registraron n\u00fameros positivos a nivel interanual.<\/p>\n<p><a href=\"https:\/\/opinionpublica.com.ar\/index\/wp-content\/uploads\/2024\/05\/mayorista-alimentos.jpg\"><img fetchpriority=\"high\" decoding=\"async\" class=\"alignnone size-full wp-image-3428\" src=\"https:\/\/opinionpublica.com.ar\/index\/wp-content\/uploads\/2024\/05\/mayorista-alimentos.jpg\" alt=\"\" width=\"1024\" height=\"1024\" srcset=\"https:\/\/opinionpublica.com.ar\/index\/wp-content\/uploads\/2024\/05\/mayorista-alimentos.jpg 1024w, https:\/\/opinionpublica.com.ar\/index\/wp-content\/uploads\/2024\/05\/mayorista-alimentos-300x300.jpg 300w, https:\/\/opinionpublica.com.ar\/index\/wp-content\/uploads\/2024\/05\/mayorista-alimentos-150x150.jpg 150w, https:\/\/opinionpublica.com.ar\/index\/wp-content\/uploads\/2024\/05\/mayorista-alimentos-768x768.jpg 768w\" sizes=\"(max-width: 1024px) 100vw, 1024px\" \/><\/a><\/p>\n<div class=\"row\">\n<div class=\"col-md-11\">\n<div id=\"cuerpo-nota\" class=\"cuerpo-nota\">\n<p>Las ventas minoristas pymes\u00a0<strong>subieron promedio 17,7 por ciento interanual <\/strong>en diciembre 2024 a precios constantes, inform\u00f3 la Confederaci\u00f3n Argentina de la Mediana Empresa (CAME).<\/p>\n<aside class=\"relacionadas con-foto\"><\/aside>\n<p>El relevamiento fue difundido este domingo y da cuenta de una mejora\u00a0muy marcada\u00a0en t\u00e9rminos de las cifras que arroj\u00f3 diciembre 2023, cuando se registraba una ca\u00edda de ventas promedio del 13,7%.<\/p>\n<p>De todos modos, desde la entidad mercantil se resalt\u00f3 que\u00a02024 acumul\u00f3 un descenso de 10% frente a 2023, con 10 meses en bajas interanuales y solo\u00a0dos en alza.<\/p>\n<p>El\u00a0informe en cuesti\u00f3n se elabor\u00f3 en base a un relevamiento mensual entre 1262 comercios minoristas del pa\u00eds, que se realiz\u00f3 entre el 2 y el 3 de enero de 2025.<\/p>\n<p>Es para destacar que todos los rubros relevados (siete en total)\u00a0registraron subas\u00a0en sus ventas en diciembre, siempre a nivel internual,<\/p>\n<p>&nbsp;<\/p>\n<p>Por ejemplo\u00a0Bazar, decoraci\u00f3n, textiles de hogar y muebles subi\u00f3 un 23,4%, siendo el rubro que m\u00e1s creci\u00f3. Luego y con n\u00fameros similares se ubic\u00f3 el rubro Alimentos y bebidas, con 21,2% de aumento de ventas.<\/p>\n<p>Mientras tanto fueron positivas las cifras en Calzado y marroquiner\u00eda, con un 19,6% de incremento, y Textil e indumentaria que dej\u00f3 un positivo 18,9%.<\/p>\n<p>Por otra parte en lo que fue el acumulado 2024 Perfumer\u00edas cay\u00f3\u00a0un 24,5% y\u00a0Farmacias otro 19%, siendo los rubros que mayor merma tuvieron.<\/p>\n<\/div>\n<\/div>\n<\/div>\n","protected":false},"excerpt":{"rendered":"<p>Alentador repunte de las ventas en comercios minoristas Pymes As\u00ed se desprende del Informe difundido hoy por la<\/p>\n","protected":false},"author":8,"featured_media":4621,"comment_status":"open","ping_status":"open","sticky":false,"template":"","format":"standard","meta":{"footnotes":""},"categories":[3],"tags":[56,167,258],"class_list":["post-8088","post","type-post","status-publish","format-standard","has-post-thumbnail","hentry","category-nacionales","tag-argentina","tag-came","tag-ventas"],"featured_image_urls":{"full":["https:\/\/opinionpublica.com.ar\/index\/wp-content\/uploads\/2024\/07\/comercio-rio-grande.jpg",2000,1126,false],"thumbnail":["https:\/\/opinionpublica.com.ar\/index\/wp-content\/uploads\/2024\/07\/comercio-rio-grande-150x150.jpg",150,150,true],"medium":["https:\/\/opinionpublica.com.ar\/index\/wp-content\/uploads\/2024\/07\/comercio-rio-grande-300x169.jpg",300,169,true],"medium_large":["https:\/\/opinionpublica.com.ar\/index\/wp-content\/uploads\/2024\/07\/comercio-rio-grande-768x432.jpg",640,360,true],"large":["https:\/\/opinionpublica.com.ar\/index\/wp-content\/uploads\/2024\/07\/comercio-rio-grande-1024x577.jpg",640,361,true],"1536x1536":["https:\/\/opinionpublica.com.ar\/index\/wp-content\/uploads\/2024\/07\/comercio-rio-grande-1536x865.jpg",1536,865,true],"2048x2048":["https:\/\/opinionpublica.com.ar\/index\/wp-content\/uploads\/2024\/07\/comercio-rio-grande.jpg",2000,1126,false],"morenews-large":["https:\/\/opinionpublica.com.ar\/index\/wp-content\/uploads\/2024\/07\/comercio-rio-grande-825x575.jpg",825,575,true],"morenews-medium":["https:\/\/opinionpublica.com.ar\/index\/wp-content\/uploads\/2024\/07\/comercio-rio-grande-590x410.jpg",590,410,true]},"author_info":{"display_name":"RKing","author_link":"https:\/\/opinionpublica.com.ar\/index\/author\/rking\/"},"category_info":"<a href=\"https:\/\/opinionpublica.com.ar\/index\/category\/nacionales\/\" rel=\"category tag\">Nacionales<\/a>","tag_info":"Nacionales","comment_count":"0","_links":{"self":[{"href":"https:\/\/opinionpublica.com.ar\/index\/wp-json\/wp\/v2\/posts\/8088","targetHints":{"allow":["GET"]}}],"collection":[{"href":"https:\/\/opinionpublica.com.ar\/index\/wp-json\/wp\/v2\/posts"}],"about":[{"href":"https:\/\/opinionpublica.com.ar\/index\/wp-json\/wp\/v2\/types\/post"}],"author":[{"embeddable":true,"href":"https:\/\/opinionpublica.com.ar\/index\/wp-json\/wp\/v2\/users\/8"}],"replies":[{"embeddable":true,"href":"https:\/\/opinionpublica.com.ar\/index\/wp-json\/wp\/v2\/comments?post=8088"}],"version-history":[{"count":2,"href":"https:\/\/opinionpublica.com.ar\/index\/wp-json\/wp\/v2\/posts\/8088\/revisions"}],"predecessor-version":[{"id":8090,"href":"https:\/\/opinionpublica.com.ar\/index\/wp-json\/wp\/v2\/posts\/8088\/revisions\/8090"}],"wp:featuredmedia":[{"embeddable":true,"href":"https:\/\/opinionpublica.com.ar\/index\/wp-json\/wp\/v2\/media\/4621"}],"wp:attachment":[{"href":"https:\/\/opinionpublica.com.ar\/index\/wp-json\/wp\/v2\/media?parent=8088"}],"wp:term":[{"taxonomy":"category","embeddable":true,"href":"https:\/\/opinionpublica.com.ar\/index\/wp-json\/wp\/v2\/categories?post=8088"},{"taxonomy":"post_tag","embeddable":true,"href":"https:\/\/opinionpublica.com.ar\/index\/wp-json\/wp\/v2\/tags?post=8088"}],"curies":[{"name":"wp","href":"https:\/\/api.w.org\/{rel}","templated":true}]}}