{"id":8091,"date":"2025-01-06T09:27:09","date_gmt":"2025-01-06T12:27:09","guid":{"rendered":"https:\/\/opinionpublica.com.ar\/index\/?p=8091"},"modified":"2025-01-06T09:27:09","modified_gmt":"2025-01-06T12:27:09","slug":"milei-con-calendario-y-reglas-de-juego-a-medida","status":"publish","type":"post","link":"https:\/\/opinionpublica.com.ar\/index\/milei-con-calendario-y-reglas-de-juego-a-medida\/","title":{"rendered":"Milei, con calendario y reglas de juego a medida"},"content":{"rendered":"<div class=\"lay --apertura\">\n<div class=\"row\">\n<div class=\"col-12\">\n<p class=\"com-title --font-primary --sixxl --font-extra\"><strong>Milei, con calendario y reglas de juego a medida<\/strong><\/p>\n<\/div>\n<\/div>\n<\/div>\n<div class=\"lay-sidebar\">\n<div class=\"sidebar__main\">\n<div class=\"row\">\n<div class=\"col-12 \">\n<p class=\"com-subhead --bajada --m-xs-\">La sant\u00edsima trinidad libertaria busca evitar que se anticipe el tiempo electoral y condicionar al resto; en el kirchnerismo manda el c\u00e1lculo sin audacia y espera que mueva el Gobierno; el macrismo apuesta a zafar en 2025 y sobrevivir para 2027<\/p>\n<\/div>\n<p class=\"com-subhead --bajada --m-xs-\"><a href=\"https:\/\/opinionpublica.com.ar\/index\/wp-content\/uploads\/2024\/11\/javier-milei-trabajando-computadora.webp\"><img fetchpriority=\"high\" decoding=\"async\" class=\"alignnone size-full wp-image-6835\" src=\"https:\/\/opinionpublica.com.ar\/index\/wp-content\/uploads\/2024\/11\/javier-milei-trabajando-computadora.webp\" alt=\"\" width=\"610\" height=\"343\" srcset=\"https:\/\/opinionpublica.com.ar\/index\/wp-content\/uploads\/2024\/11\/javier-milei-trabajando-computadora.webp 610w, https:\/\/opinionpublica.com.ar\/index\/wp-content\/uploads\/2024\/11\/javier-milei-trabajando-computadora-300x169.webp 300w\" sizes=\"(max-width: 610px) 100vw, 610px\" \/><\/a><\/p>\n<\/div>\n<section class=\"cuerpo__nota\" data-mrf-recirculation=\"n_links\">\n<div class=\"row\">\n<div class=\"col-deskxl-10 offset-deskxl-1 col-desksm-11\">\n<div class=\"row\">\n<div class=\"col-12\">\n<p class=\"com-paragraph  --capital --s\">La performance del programa econ\u00f3mico del Gobierno y su impacto social, primero, y pol\u00edtico, despu\u00e9s, est\u00e1 sujeta a\u00a0<strong>interpretaciones tan antag\u00f3nicas<\/strong>\u00a0entre el Gobierno y algunas de las principales fuerzas pol\u00edticas que explica muchas de las\u00a0<strong>decisiones t\u00e1cticas y estrat\u00e9gicas que la dirigencia est\u00e1 tomando<\/strong>.<\/p>\n<p class=\"com-paragraph   --s\">En medio de un comienzo de verano y de a\u00f1o tan inusualmente ben\u00e9volo en el term\u00f3metro como en los indicadores econ\u00f3mico-financieros y en el clima social,\u00a0el calendario y las normas electorales para el primer test en las urnas del gobierno de Javier Milei son objeto de una disputa con sordina.<\/p>\n<p class=\"com-paragraph   --s\">Ese debate est\u00e1 dominado por\u00a0<strong>diagn\u00f3sticos y pron\u00f3sticos diametralmente opuestos entre el oficialismo y el perokirchnerismo por un lado, y por la confusi\u00f3n que atraviesa al macrismo y al radicalismo, por el otro<\/strong>. En ese escenario, el Gobierno mantiene el dominio de la agenda y de los tiempos, ante la pasividad ajena. Y se propone imponer las reglas a medida de sus intereses.<\/p>\n<p class=\"com-paragraph   --s\">Despu\u00e9s de la sanci\u00f3n de la ley de\u00a0<strong>boleta \u00fanica papel<\/strong>\u00a0el a\u00f1o pasado, que reemplazar\u00e1 al hist\u00f3rico y cuestionado sistema de listas s\u00e1bana,\u00a0la suspensi\u00f3n o la eliminaci\u00f3n de las PASO es el punto de discordia (y de partida)\u00a0para empezar a delinear el horizonte y definir las estrategias electorales.<\/p>\n<p class=\"com-paragraph   --s\">Se trata de otra excentricidad de \u00e9poca que no tiene antecedentes. El principio no escrito, pero respetado hasta ahora, de que las normas electorales no se cambian en a\u00f1os de elecciones est\u00e1 a punto de entrar en la colecci\u00f3n de\u00a0<strong>mitos derribados por la irrupci\u00f3n libertaria.<\/strong><\/p>\n<p class=\"com-paragraph   --s\">El debate encierra, adem\u00e1s, otra curiosidad.\u00a0En una etapa de la historia pol\u00edtica contempor\u00e1nea argentina en la que los matices han sido borrados por los trazos gruesos de la polarizaci\u00f3n y las antinomias, la discusi\u00f3n sobre las PASO parece ir a contracorriente y estar dominada por coincidencias parciales, aunque sustanciales, y disidencias profundas, pero no insalvables.<\/p>\n<p class=\"com-paragraph   --s\">Es un hecho que el instrumento creado por el kirchnerismo despu\u00e9s de la dura derrota en las elecciones legislativas de 2009 pasa por su peor momento y casi no tiene defensores, tanto en la consideraci\u00f3n social como en la dirigencia pol\u00edtica. Al menos, para los comicios de medio t\u00e9rmino.<\/p>\n<p class=\"com-paragraph   --s\">Suspender o eliminar las primarias abiertas, simult\u00e1neas y obligatorias es el nudo de la cuesti\u00f3n.\u00a0<strong>El Gobierno, convencido de que est\u00e1 destinado al \u00e9xito (no condenado, como dir\u00eda Eduardo Duhalde) en el plano econ\u00f3mico, conf\u00eda en poder imponer condiciones y someter a su armado pol\u00edtico electoral a quienes hoy comparten electorado (como el macrismo y parte del radicalismo), sin instancias intermedias (para negociar o competir)<\/strong>. Que todo quede supeditado al dedo de la sant\u00edsima trinidad libertaria es el objetivo para ahora, para dentro de dos a\u00f1os, para el infinito y m\u00e1s all\u00e1. No hay l\u00edmites para so\u00f1ar cuando las cosas van bien.<\/p>\n<p class=\"com-paragraph   --s\"><strong>Javier Milei, Santiago Caputo y Karina Milei<\/strong>\u00a0saben que deben formalizar y consolidar su posici\u00f3n en el plano institucional. O sea, traducir en bancas en el Congreso y en las legislaturas provinciales el apoyo que mantienen en las encuestas. Volver a traducir likes en votos. El estado de excepci\u00f3n, que hoy domina en la opini\u00f3n p\u00fablica,\u00a0aturde a sus adversarios y le otorga licencias sociales y pol\u00edticas extraordinarias al Gobierno, necesita de un correlato m\u00e1s s\u00f3lido para concretar su proyecto pol\u00edtico econ\u00f3mico y, sobre todo, su revoluci\u00f3n cultural.<\/p>\n<p class=\"com-paragraph   --s\">El empalme, la transici\u00f3n o el puente entre la vieja Argentina que Milei quiere hacer desaparecer y el nuevo pa\u00eds prometido necesita de su construcci\u00f3n en el tiempo. Y no tendr\u00e1 un tr\u00e1nsito allanado. En ese proceso habr\u00e1 ganadores y perdedores. Y, en medio, habr\u00e1 elecciones que el mismo Presidente decidi\u00f3 instalar como un plebiscito de su gesti\u00f3n.\u00a0<strong>Cuantas menos contingencias, ruidos y pruebas externas anticipadas, como son las PASO, mejor<\/strong>. El concepto de \u00e9xito suele ser una cuesti\u00f3n subjetiva y casi nunca un\u00e1nime. Apenas se puede aspirar a que sea un sentimiento mayoritario en un momento determinado, que no dura para siempre.<\/p>\n<p class=\"com-paragraph   --s\">El perokirchnerismo oscila all\u00ed en base a c\u00e1lculos realizados en distintos tableros (en tiempo y en espacio) y se inclinar\u00eda por la suspensi\u00f3n antes que por la eliminaci\u00f3n de las primarias. No por una cuesti\u00f3n de principios, ya que, a pesar de haber sido el creador de esa instancia,\u00a0<strong>pr\u00e1cticamente nunca la us\u00f3<\/strong>\u00a0y mucho menos para dirimir las candidaturas principales, como la presidencial. Al final,\u00a0<strong>el dedo de Cristina Kirchner siempre se impuso<\/strong>. Pero el paso del tiempo deja sus huellas.\u00a0Tambi\u00e9n a la pol\u00edtica le llega la artrosis.<\/p>\n<p class=\"com-paragraph   --s\">La disputa irresuelta entre el cristicamporismo y<strong>\u00a0Axel Kicillof\u00a0<\/strong>en primer plano (con algunos barones bonaerenses, detr\u00e1s), m\u00e1s la distancia estrat\u00e9gica tomada por varios gobernadores, que ya desdoblaron o desdoblar\u00e1n sus elecciones y hasta coquetean con Milei, abren un escenario complejo para una fuerza estructuralmente verticalista. Por eso, la proactividad escasea.<\/p>\n<p class=\"com-paragraph   --s\">\u201cEl proyecto sobre la suspensi\u00f3n o eliminaci\u00f3n de las PASO es, por ahora, solo una especulaci\u00f3n. Una vez presentado podremos opinar con certeza\u201d, prefieren decir con inusual mesura los voceros de Cristina Kirchner.\u00a0<strong>Una admisi\u00f3n de que el sabot est\u00e1 en otras manos y que no saben con qu\u00e9 cartas les tocar\u00e1 jugar<\/strong>.<\/p>\n<p class=\"com-paragraph   --s\">Casi lo mismo opinan en la mesa chica de Kicillof: \u201cNosotros en la provincia vamos a esperar a febrero para definir el calendario electoral, a ver qu\u00e9 ocurre con las PASO nacionales. Pero son cosas sobre las que no se nos consult\u00f3 a\u00fan\u201d. Nadie quiere dar pasos en falso. El frente externo y el frente interno est\u00e1n plagados de inc\u00f3gnitas y amenazas.<\/p>\n<p class=\"com-paragraph   --s\">Enfriar el partido es la consigna. Demasiados problemas irresueltos tiene el gobernador, que,\u00a0<strong>como Milei, prefiri\u00f3 prorrogar el presupuesto del a\u00f1o anterior, antes que exponerse a una derrota<\/strong>\u00a0y tener que entregar recursos o discutir asuntos que no quiere exponer a una transacci\u00f3n. Es el caso de la conformaci\u00f3n de la Suprema Corte provincial, donde hay m\u00e1s vacantes que en el m\u00e1ximo tribunal nacional, y que parte de la oposici\u00f3n intent\u00f3 incluir como prenda de negociaci\u00f3n en la discusi\u00f3n presupuestaria.<\/p>\n<p class=\"com-paragraph   --s\">El diagn\u00f3stico y el pron\u00f3stico iniciales del kirchnerismo hasta ahora fallaron. La perspectiva de un r\u00e1pido fracaso del gobierno de Milei, a la que hab\u00edan atado buena parte de sus decisiones pol\u00edticas y de gesti\u00f3n, particularmente en la provincia de Buenos Aires, no se cumpli\u00f3 y ahora est\u00e1n obligados a revisar casi todo.<\/p>\n<p class=\"com-paragraph   --s\">Pero en el desierto no hay quien se anime a tanto. Ahora en este espacio domina el c\u00e1lculo sin audacia, en lo que ser\u00eda una reversi\u00f3n decadente de la tesis que dio t\u00edtulo al libro sobre el kirchnerismo de la imprescindible y reci\u00e9n fallecida Beatriz Sarlo (<em>La audacia y el c\u00e1lculo<\/em>).<\/p>\n<p class=\"com-title --font-primary --xl --font-extra\"><strong>La apuesta al fracaso sigue<\/strong><\/p>\n<p class=\"com-paragraph   --s\">Los kirchneristas en sus distintas facciones, sin embargo,\u00a0<strong>no han perdido la convicci\u00f3n o la creencia de que el proyecto libertario est\u00e1 destinado al fracaso aun cuando tenga \u00e9xito<\/strong>. A pesar de que eso suene parad\u00f3jico. \u201cSer\u00e1 un pa\u00eds para pocos y, a la larga, eso es insostenible\u201d, es una de las coincidencias (pocas) que existen entre cristicamporistas y kicillofistas. Hacer coincidir en un tiempo relativamente cercano el diagn\u00f3stico con el pron\u00f3stico es su verdadero desaf\u00edo.<\/p>\n<p class=\"com-paragraph   --s\">De esa manera se explican, en parte, las decisiones, anuncios y posicionamientos de Kicillof, expl\u00edcitamente a\u00a0<strong>contramano del esp\u00edritu de \u00e9poca dominante<\/strong>. Ah\u00ed se incluyen desde la pretensi\u00f3n de hacerse cargo de Aerol\u00edneas Argentinas para evitar su privatizaci\u00f3n, los aumentos de impuestos provinciales o la creaci\u00f3n de empresas y organismos estatales para absorber roles y funciones que abandona el mile\u00edsmo, hasta la designaci\u00f3n del mandam\u00e1s de la AFA<strong>\u00a0Claudio \u201cChiqui\u201d Tapia<\/strong>\u00a0al frente del ente que se ocupa de la disposici\u00f3n de los residuos del AMBA. Sin temor a las manchas ni a los malos olores.<\/p>\n<p class=\"com-paragraph   --s\"><strong>\u201cChiqui es el referente en una batalla que Milei (como Mauricio Macri) puede perder<\/strong>, que es la de las Sociedades An\u00f3nimas Deportivas (SAD). Adem\u00e1s, \u00e9l garantiza la presencia de la selecci\u00f3n en la provincia de Buenos Aires, permite pelearle a Santiago del Estero la local\u00eda que hab\u00eda conseguido y todos los apoyos econ\u00f3micos de una AFA rica que sigue teniendo presencia en la FIFA por su condici\u00f3n de campe\u00f3n del mundo\u201d, explican en el gobierno bonaerense. Puro c\u00e1lculo pragm\u00e1tico para retener lo propio, mientras se apuesta al fracaso ajeno. Como si fuera todo a lo que les cabr\u00eda esperar (y aspirar).<\/p>\n<p class=\"com-paragraph   --s\"><strong>M\u00e1ximo Kirchner<\/strong>, el adversario \u00edntimo de Kicillof, podr\u00eda celebrar esta \u00faltima adquisici\u00f3n del gobernador, despu\u00e9s de haber cargado tanto tiempo con la acusaci\u00f3n de haberle salpicado su curr\u00edculum con la introducci\u00f3n en su flota del famoso tripulante de \u201cBandido\u201d,\u00a0<strong>Mart\u00edn Insaurralde<\/strong>. Justicia po\u00e9tica, dicen algunos camporistas.<\/p>\n<p class=\"com-title --font-primary --xl --font-extra\"><strong>Macristas por la supervivencia<\/strong><\/p>\n<p class=\"com-paragraph   --s\">El diagn\u00f3stico y el pron\u00f3stico son menos fuente de conflicto para el macrismo que la urgencia y la supervivencia. Las reglas de juego electoral asoman ah\u00ed como un dilema complejo que lo aleja m\u00e1s que lo que lo acerca al Gobierno, igual que casi todo lo que pertenece al reino de la pol\u00edtica. Como en lo econ\u00f3mico las coincidencias de fondo son casi absolutas, el problema se agudiza.<\/p>\n<p class=\"com-paragraph   --s\">La decisi\u00f3n del prim\u00edsimo\u00a0<strong>Jorge Macri\u00a0<\/strong>de despegar las elecciones porte\u00f1as de las nacionales y suspender las PASO en el distrito marcaron el sendero por el que pretenden transitar y, de alguna manera, tratar de condicionar al Gobierno.<\/p>\n<p class=\"com-paragraph   --s\">All\u00ed, se sabe, aparece la sombra de Karina Milei como el gran obst\u00e1culo. Por eso<strong>\u00a0los Macri intentan dificultarle el avance en su basti\u00f3n y buscan abrir una v\u00eda de negociaci\u00f3n desde alguna posici\u00f3n de fuerza que no han querido, no han sabido, o no han podido construir en otros terrenos<\/strong>.<\/p>\n<p class=\"com-paragraph   --s\">El macrismo asume, con dificultad, que van por la de ellos y a su pesar. Una alianza con los libertarios para sobrevivir a 2025 y mantenerse con vida para 2027 explica el punto intermedio elegido por el macrismo para resolver el destino de las PASO: suspenderlas para las legislativas y mantenerlas para las ejecutivas. Un poco de ox\u00edgeno.<\/p>\n<p class=\"com-paragraph   --s\">Ac\u00e1 s\u00ed operan las diferencias en diagn\u00f3sticos y pron\u00f3sticos con el oficialismo.\u00a0Mauricio Macri cree que al Gobierno le ir\u00e1 bien en lo econ\u00f3mico (basado tanto en convicciones como en intereses que defiende), pero que tendr\u00e1 limitaciones en el mediano y largo plazo por la aparici\u00f3n de nuevas demandas y el hartazgo con las formas mile\u00edstas, tras la satisfacci\u00f3n de los reclamos y problemas urgentes (como la inflaci\u00f3n).<\/p>\n<p class=\"com-paragraph   --s\">Se ilusiona as\u00ed con ofrecerse otra vez como la cara institucionalista y republicana de un proyecto liberal no solo en lo econ\u00f3mico y encontrar mercado para ese producto antes de que le llegue la fecha de vencimiento. Por ahora, apenas se deja mojar por las aguas del Nahuel Huapi y evita embarrarse en otros terrenos m\u00e1s complicados, para desconcierto y malestar de muchos de los propios. En el macrismo mandan tambi\u00e9n el temor y el c\u00e1lculo.<\/p>\n<p class=\"com-paragraph   --s\">La definici\u00f3n del calendario y de las reglas de juego (a medida) ser\u00e1 la primera inc\u00f3gnita a despejar del a\u00f1o electoral. Aunque podr\u00eda haber alguna otra sorpresa antes, en medio de la benevolencia clim\u00e1tica, social y econ\u00f3mico-financiera.<\/p>\n<p>&nbsp;<\/p>\n<\/div>\n<\/div>\n<\/div>\n<\/div>\n<\/section>\n<\/div>\n<\/div>\n","protected":false},"excerpt":{"rendered":"<p>Milei, con calendario y reglas de juego a medida La sant\u00edsima trinidad libertaria busca evitar que se anticipe<\/p>\n","protected":false},"author":8,"featured_media":8005,"comment_status":"open","ping_status":"open","sticky":false,"template":"","format":"standard","meta":{"footnotes":""},"categories":[3,27],"tags":[760,692,576],"class_list":["post-8091","post","type-post","status-publish","format-standard","has-post-thumbnail","hentry","category-nacionales","category-politica","tag-axel-kicillof","tag-javier-milei","tag-mauricio-macri"],"featured_image_urls":{"full":["https:\/\/opinionpublica.com.ar\/index\/wp-content\/uploads\/2024\/12\/a22f8bdb-112b-4e12-a814-937c02c79fca_16-9-discover-aspect-ratio_default_0-milei.jpg",1200,675,false],"thumbnail":["https:\/\/opinionpublica.com.ar\/index\/wp-content\/uploads\/2024\/12\/a22f8bdb-112b-4e12-a814-937c02c79fca_16-9-discover-aspect-ratio_default_0-milei-150x150.jpg",150,150,true],"medium":["https:\/\/opinionpublica.com.ar\/index\/wp-content\/uploads\/2024\/12\/a22f8bdb-112b-4e12-a814-937c02c79fca_16-9-discover-aspect-ratio_default_0-milei-300x169.jpg",300,169,true],"medium_large":["https:\/\/opinionpublica.com.ar\/index\/wp-content\/uploads\/2024\/12\/a22f8bdb-112b-4e12-a814-937c02c79fca_16-9-discover-aspect-ratio_default_0-milei-768x432.jpg",640,360,true],"large":["https:\/\/opinionpublica.com.ar\/index\/wp-content\/uploads\/2024\/12\/a22f8bdb-112b-4e12-a814-937c02c79fca_16-9-discover-aspect-ratio_default_0-milei-1024x576.jpg",640,360,true],"1536x1536":["https:\/\/opinionpublica.com.ar\/index\/wp-content\/uploads\/2024\/12\/a22f8bdb-112b-4e12-a814-937c02c79fca_16-9-discover-aspect-ratio_default_0-milei.jpg",1200,675,false],"2048x2048":["https:\/\/opinionpublica.com.ar\/index\/wp-content\/uploads\/2024\/12\/a22f8bdb-112b-4e12-a814-937c02c79fca_16-9-discover-aspect-ratio_default_0-milei.jpg",1200,675,false],"morenews-large":["https:\/\/opinionpublica.com.ar\/index\/wp-content\/uploads\/2024\/12\/a22f8bdb-112b-4e12-a814-937c02c79fca_16-9-discover-aspect-ratio_default_0-milei-825x575.jpg",825,575,true],"morenews-medium":["https:\/\/opinionpublica.com.ar\/index\/wp-content\/uploads\/2024\/12\/a22f8bdb-112b-4e12-a814-937c02c79fca_16-9-discover-aspect-ratio_default_0-milei-590x410.jpg",590,410,true]},"author_info":{"display_name":"RKing","author_link":"https:\/\/opinionpublica.com.ar\/index\/author\/rking\/"},"category_info":"<a href=\"https:\/\/opinionpublica.com.ar\/index\/category\/nacionales\/\" rel=\"category tag\">Nacionales<\/a> <a href=\"https:\/\/opinionpublica.com.ar\/index\/category\/politica\/\" rel=\"category tag\">Politica<\/a>","tag_info":"Politica","comment_count":"0","_links":{"self":[{"href":"https:\/\/opinionpublica.com.ar\/index\/wp-json\/wp\/v2\/posts\/8091","targetHints":{"allow":["GET"]}}],"collection":[{"href":"https:\/\/opinionpublica.com.ar\/index\/wp-json\/wp\/v2\/posts"}],"about":[{"href":"https:\/\/opinionpublica.com.ar\/index\/wp-json\/wp\/v2\/types\/post"}],"author":[{"embeddable":true,"href":"https:\/\/opinionpublica.com.ar\/index\/wp-json\/wp\/v2\/users\/8"}],"replies":[{"embeddable":true,"href":"https:\/\/opinionpublica.com.ar\/index\/wp-json\/wp\/v2\/comments?post=8091"}],"version-history":[{"count":1,"href":"https:\/\/opinionpublica.com.ar\/index\/wp-json\/wp\/v2\/posts\/8091\/revisions"}],"predecessor-version":[{"id":8092,"href":"https:\/\/opinionpublica.com.ar\/index\/wp-json\/wp\/v2\/posts\/8091\/revisions\/8092"}],"wp:featuredmedia":[{"embeddable":true,"href":"https:\/\/opinionpublica.com.ar\/index\/wp-json\/wp\/v2\/media\/8005"}],"wp:attachment":[{"href":"https:\/\/opinionpublica.com.ar\/index\/wp-json\/wp\/v2\/media?parent=8091"}],"wp:term":[{"taxonomy":"category","embeddable":true,"href":"https:\/\/opinionpublica.com.ar\/index\/wp-json\/wp\/v2\/categories?post=8091"},{"taxonomy":"post_tag","embeddable":true,"href":"https:\/\/opinionpublica.com.ar\/index\/wp-json\/wp\/v2\/tags?post=8091"}],"curies":[{"name":"wp","href":"https:\/\/api.w.org\/{rel}","templated":true}]}}