{"id":8093,"date":"2025-01-06T09:39:00","date_gmt":"2025-01-06T12:39:00","guid":{"rendered":"https:\/\/opinionpublica.com.ar\/index\/?p=8093"},"modified":"2025-01-06T09:39:00","modified_gmt":"2025-01-06T12:39:00","slug":"cual-es-la-falacia-del-dolar-barato-segun-milei","status":"publish","type":"post","link":"https:\/\/opinionpublica.com.ar\/index\/cual-es-la-falacia-del-dolar-barato-segun-milei\/","title":{"rendered":"Cu\u00e1l es la falacia del d\u00f3lar barato, seg\u00fan Milei"},"content":{"rendered":"<div class=\"header-container --no-app\">\n<div class=\"common-header-container\">\n<header class=\"common-header flex flex-column w-100\">\n<div>\n<div class=\"common-main-header border border-bottom border-thin relative bg-light-50 border-neutral-light-100 fixed_l top-0 w-100 z-1500\">\n<div class=\"content\">\n<div class=\"container grid gap-16 gap-32_lg lay-container h-64 h-64 h-86_md h-56_l\">\n<div class=\"right-options flex jc-end ai-center gap-16 gap-24_md\"><\/div>\n<\/div>\n<\/div>\n<\/div>\n<\/div>\n<\/header>\n<\/div>\n<\/div>\n<p><main id=\"content\" class=\"--header-fixed-margin\"><\/p>\n<div class=\"ln-banner-container --cabezal_dsk --no-app\">\n<div id=\"cabezal_dsk\" class=\"ln-banner\" data-slot-group=\"nota\" data-device=\"desktop\" data-subscription=\"false\" data-ad-unit-path=\"\/133919216\/la_nacion_desktop\/Nota\/cabezal_dsk\" data-targeting=\"{&quot;sitio&quot;:&quot;lanacion&quot;,&quot;seccion&quot;:&quot;nota&quot;}\" data-without-hide=\"true\" data-size=\"[[1,1],[728,90],[920,100],[920,170],[970,90],[1260,100],[1260,170],[1360,170]]\" data-sizemap=\"[]\" data-prebid-enabled=\"true\" data-google-query-id=\"CM-zmZuM4YoDFeEluQYdUGQmKg\">\n<div id=\"google_ads_iframe_\/133919216\/la_nacion_desktop\/Nota\/cabezal_dsk_0__container__\"><strong>Cu\u00e1l es la falacia del d\u00f3lar barato, seg\u00fan Milei<\/strong><\/div>\n<\/div>\n<\/div>\n<div class=\"lay-sidebar\">\n<div class=\"sidebar__main\">\n<div class=\"row\">\n<div class=\"col-12 \">\n<p class=\"com-subhead --bajada --m-xs-\">El Presidente sostiene que el valor del d\u00f3lar es competitivo y lo argumenta: el super\u00e1vit y la no emisi\u00f3n aparecen como dos de las razones que lo diferencian de Carlos Menem y de Mart\u00ednez de Hoz<\/p>\n<div>\n<section class=\"mod-opening\">\n<div class=\"content-media\">\n<section id=\"GO6H3JAMLRAMNPUUIFIH5QAYVQ\" class=\"mod-media   \" role=\"button\">\n<figure class=\"mod-figure --horizontal\" role=\"button\">\n<div class=\"placeholder \"><\/div>\n<\/figure>\n<\/section>\n<\/div>\n<\/section>\n<\/div>\n<\/div>\n<\/div>\n<section class=\"cuerpo__nota\" data-mrf-recirculation=\"n_links\">\n<div class=\"row\">\n<div class=\"col-12 col-desksm-1\">\n<div class=\"mod-share-container py-12 mb-16 mb-0_l border border-bottom border-thin border-neutral-light-100 border-0_l --no-app sticky float-l_l z-101 transition transition-all transition-duration-250 top-73_min1024\">\n<div class=\"mod-share flex mb-0 p-0_l\">\n<div id=\"v-share\" class=\"share flex relative z-100 flex-column_l bg-light-0 pb-16_l pt-8_l px-8_l\">\n<div class=\"second-buttons-group flex ai-center flex-column_l pl-8_max1023 ai-center_max1023 jc-center_l pt-16_l gap-8 gap-24_m\"><a href=\"https:\/\/opinionpublica.com.ar\/index\/wp-content\/uploads\/2024\/12\/cepo-dolarjpg.webp\"><img fetchpriority=\"high\" decoding=\"async\" class=\"alignnone size-full wp-image-7800\" src=\"https:\/\/opinionpublica.com.ar\/index\/wp-content\/uploads\/2024\/12\/cepo-dolarjpg.webp\" alt=\"\" width=\"655\" height=\"368\" srcset=\"https:\/\/opinionpublica.com.ar\/index\/wp-content\/uploads\/2024\/12\/cepo-dolarjpg.webp 655w, https:\/\/opinionpublica.com.ar\/index\/wp-content\/uploads\/2024\/12\/cepo-dolarjpg-300x169.webp 300w\" sizes=\"(max-width: 655px) 100vw, 655px\" \/><\/a><\/div>\n<\/div>\n<\/div>\n<\/div>\n<\/div>\n<div class=\"col-deskxl-10 offset-deskxl-1 col-desksm-11\">\n<div class=\"row\">\n<div class=\"col-12\">\n<p class=\"com-paragraph   --s\"><strong>La m\u00e1xima circula como un mantra en la Casa Rosada<\/strong>. Para el primer presidente economista de la Argentina es tiempo de analizar el 2024 con papel en blanco y lapicera en mano. Y sobre todo anticipar el 2025. Ya fue claro cuando les dijo a sus ministros que \u201cac\u00e1 nadie gan\u00f3 nada todav\u00eda\u201d sino que se est\u00e1 reci\u00e9n en los primeros 22,5 minutos del primer tiempo.\u00a0<strong>\u201cMe preocupa que tengamos la osad\u00eda de dormirnos en los laureles porque queda demasiado por hacer<\/strong>\u201d, se sincer\u00f3 ante un gabinete al que busca mantener intacto este a\u00f1o.<\/p>\n<p class=\"com-paragraph   --s\">Lo apasiona la discusi\u00f3n econ\u00f3mica. La disfruta. Al punto de citar ocho autores cl\u00e1sicos en menos de sesenta minutos a sus interlocutores.\u00a0Javier Milei est\u00e1 convencido de que la idea de atraso cambiario es una falacia o directamente una jugada de aquellos que no entendieron que el paradigma cambi\u00f3 en la Argentina.\u00a0Pero es consciente que para varios economistas de la oposici\u00f3n este es el tal\u00f3n de Aquiles del modelo. Por eso lo refuta en base a sus argumentos y datos adem\u00e1s de definiciones que no admiten grises: \u201ces el momento de adaptarse o morir\u201d alega en referencia a aquellas empresas a las que les cambi\u00f3 el paradigma. Utiliza como referencia el arribo de las lamparitas para los fabricantes de velas pero tal como le dijo a un ministro de su extrema confianza: \u201c<strong>Podr\u00eda citar infinidad de referencias<\/strong>\u201d.<\/p>\n<div class=\"ln-banner-container --middle_1_dsk\">\n<div class=\"AV62016870bf92e64ef27a1f14\">\n<div id=\"aniBox\">\n<div id=\"aniplayer_AV62016870bf92e64ef27a1f14-1736166562874\"><\/div>\n<\/div>\n<\/div>\n<div id=\"middle_1_dsk\" class=\"ln-banner\" data-slot-group=\"nota\" data-device=\"desktop\" data-subscription=\"true\" data-ad-unit-path=\"\/133919216\/la_nacion_desktop\/Nota\/middle_1_dsk\" data-targeting=\"{&quot;sitio&quot;:&quot;lanacion&quot;,&quot;seccion&quot;:&quot;nota&quot;}\" data-without-hide=\"true\" data-size=\"[[1,1],[640,360],[640,480],[728,90]]\" data-sizemap=\"[]\" data-prebid-enabled=\"true\" data-google-query-id=\"CNCzmZuM4YoDFeEluQYdUGQmKg\">\n<div id=\"google_ads_iframe_\/133919216\/la_nacion_desktop\/Nota\/middle_1_dsk_0__container__\"><iframe id=\"google_ads_iframe_\/133919216\/la_nacion_desktop\/Nota\/middle_1_dsk_0\" tabindex=\"0\" title=\"3rd party ad content\" name=\"google_ads_iframe_\/133919216\/la_nacion_desktop\/Nota\/middle_1_dsk_0\" width=\"1\" height=\"1\" frameborder=\"0\" marginwidth=\"0\" marginheight=\"0\" scrolling=\"no\" aria-label=\"Advertisement\" data-load-complete=\"true\" data-google-container-id=\"6\" data-mce-fragment=\"1\"><\/iframe><\/div>\n<\/div>\n<\/div>\n<div class=\"content-media\">\n<section class=\"mod-media --zoom  \" role=\"button\">\n<figure class=\"mod-figure \" role=\"button\">\n<div class=\"placeholder \">\n<div class=\"com-image\"><a href=\"https:\/\/opinionpublica.com.ar\/index\/wp-content\/uploads\/2024\/12\/javier-milei-en-wall-street-1878161.jpg\"><img decoding=\"async\" class=\"alignnone size-full wp-image-7902\" src=\"https:\/\/opinionpublica.com.ar\/index\/wp-content\/uploads\/2024\/12\/javier-milei-en-wall-street-1878161.jpg\" alt=\"\" width=\"1040\" height=\"780\" srcset=\"https:\/\/opinionpublica.com.ar\/index\/wp-content\/uploads\/2024\/12\/javier-milei-en-wall-street-1878161.jpg 1040w, https:\/\/opinionpublica.com.ar\/index\/wp-content\/uploads\/2024\/12\/javier-milei-en-wall-street-1878161-300x225.jpg 300w, https:\/\/opinionpublica.com.ar\/index\/wp-content\/uploads\/2024\/12\/javier-milei-en-wall-street-1878161-1024x768.jpg 1024w, https:\/\/opinionpublica.com.ar\/index\/wp-content\/uploads\/2024\/12\/javier-milei-en-wall-street-1878161-768x576.jpg 768w\" sizes=\"(max-width: 1040px) 100vw, 1040px\" \/><\/a><\/div>\n<\/div><figcaption class=\"mod-figcaption\"><\/figcaption><\/figure>\n<\/section>\n<\/div>\n<p class=\"com-paragraph   --s\">\u201c<strong>El modelo K era de emisi\u00f3n, eso generaba p\u00e9rdida de reservas, mayor brecha cambiaria e inflaci\u00f3n y nos llev\u00f3 al borde del precipicio m\u00e1s grande<\/strong>\u201d, sostuvo. El modelo de Mart\u00ednez de Hoz -seg\u00fan su visi\u00f3n- tampoco es comparable porque para controlar el d\u00f3lar sub\u00edan la tasa de inter\u00e9s y el contexto era totalmente distinto.\u00a0<strong>\u201cEl nuestro es de ajuste, super\u00e1vit, brecha cero -salvo cuando ocurren factores ex\u00f3genos como el de Brasil- y una devaluaci\u00f3n administrada que ir\u00e1 variando su ritmo<\/strong>\u201d. El modelo de Macri tampoco le parece comparable porque financiaba el d\u00e9ficit con mayor endeudamiento.<\/p>\n<p class=\"com-paragraph   --s\">En lo monetario si diciembre tiene una inflaci\u00f3n del 2,5% bajar\u00e1 el<em>\u00a0crawling peg\u00a0<\/em>(devaluaci\u00f3n administrada) al 1% y si hay tres meses consecutivos de inflaci\u00f3n en 1,5% o debajo de ese n\u00famero, planea abrir el cepo. Claro est\u00e1, eso combinado con si la base monetaria est\u00e1ndar es igual a la base monetaria amplia. Es decir,<strong>\u00a0que no haya sobrante de pesos en el mercado.<\/strong><\/p>\n<div class=\"ln-banner-container --middle_2_dsk\">\n<div id=\"middle_2_dsk\" class=\"ln-banner\" data-slot-group=\"nota\" data-device=\"desktop\" data-subscription=\"true\" data-ad-unit-path=\"\/133919216\/la_nacion_desktop\/Nota\/middle_2_dsk\" data-targeting=\"{&quot;sitio&quot;:&quot;lanacion&quot;,&quot;seccion&quot;:&quot;nota&quot;}\" data-without-hide=\"true\" data-size=\"[[1,1],[728,90]]\" data-sizemap=\"[]\" data-prebid-enabled=\"true\" data-google-query-id=\"CNGzmZuM4YoDFeEluQYdUGQmKg\">\n<div id=\"google_ads_iframe_\/133919216\/la_nacion_desktop\/Nota\/middle_2_dsk_0__container__\"><\/div>\n<\/div>\n<\/div>\n<p class=\"com-paragraph   --s\">El Presidente tambi\u00e9n se enoja con aquellos que comparan la situaci\u00f3n actual con la convertibilidad o con varias etapas anteriores de la historia local. El exministro de Econom\u00eda\u00a0<strong>Domingo Cavallo<\/strong><strong>\u00a0<\/strong>alert\u00f3 este viernes al Gobierno sobre su manejo del tipo de cambio y la \u201capreciaci\u00f3n exagerada\u201d del peso. En su blog personal, Cavallo sostuvo que la apreciaci\u00f3n es de alrededor del 20%, similar \u201ca la que existi\u00f3 en los tres a\u00f1os finales de la convertibilidad\u201d.\u00a0<strong>\u201cApreciaci\u00f3n real que llev\u00f3 a una deflaci\u00f3n muy costosa porque transform\u00f3 a la recesi\u00f3n que se hab\u00eda iniciado a fines de 1998 en una verdadera depresi\u00f3n econ\u00f3mica<\/strong>\u201d, agreg\u00f3. Cavallo aconsej\u00f3 al Presidente que, para cambiar esto, recurra a la eliminaci\u00f3n temprana de las restricciones cambiarias, comenzando por las financieras.<\/p>\n<div class=\"content-media\">\n<section class=\"mod-media --zoom  \" role=\"button\">\n<figure class=\"mod-figure \" role=\"button\">\n<div class=\"placeholder \">\n<div class=\"com-image\"><a href=\"https:\/\/opinionpublica.com.ar\/index\/wp-content\/uploads\/2024\/05\/cruceros-tierra-de-fuego.jpg\"><img decoding=\"async\" class=\"alignnone  wp-image-2931\" src=\"https:\/\/opinionpublica.com.ar\/index\/wp-content\/uploads\/2024\/05\/cruceros-tierra-de-fuego.jpg\" alt=\"\" width=\"688\" height=\"409\" srcset=\"https:\/\/opinionpublica.com.ar\/index\/wp-content\/uploads\/2024\/05\/cruceros-tierra-de-fuego.jpg 560w, https:\/\/opinionpublica.com.ar\/index\/wp-content\/uploads\/2024\/05\/cruceros-tierra-de-fuego-300x178.jpg 300w\" sizes=\"(max-width: 688px) 100vw, 688px\" \/><\/a><\/div>\n<\/div><figcaption class=\"mod-figcaption\"><\/figcaption><\/figure>\n<\/section>\n<\/div>\n<p class=\"com-paragraph   --s\"><strong>\u201cNuestra realidad es muy distinta. No tenemos d\u00e9ficit fiscal ni deuda. Carlos Menem no pudo sostener el tipo de cambio por el d\u00e9ficit\u201d,<\/strong>\u00a0asegur\u00f3 el Presidente, quien tambi\u00e9n sigue de cerca la paridad de poder adquisitivo (PPP). Es una medida econ\u00f3mica que permite comparar los precios relativos de una canasta de bienes y servicios en diferentes lugares. Se basa en la ley del precio \u00fanico, que establece que el precio de un bien deber\u00eda ser el mismo en todo lugar si no hay barreras comerciales ni costos de transacci\u00f3n. Seg\u00fan los datos que mira del\u00a0<strong>Banco Mundial\u00a0<\/strong>y del\u00a0<strong>Fondo Monetario Internacional<\/strong>, la Argentina sigue siendo competitiva tambi\u00e9n en ese par\u00e1metro.<\/p>\n<p class=\"com-paragraph   --s\">Hoy el producto bruto interno per c\u00e1pita es de US$<strong>15.200\u00a0<\/strong>corrientes en nuestro pa\u00eds cuando hace un a\u00f1o estaba en US$<strong>6800<\/strong>. La mejora del PBI en d\u00f3lares -dicen en Rosada- peg\u00f3 directo en los trabajadores que pasaron de un promedio de US$<strong>300\u00a0<\/strong>a US$<strong>1100<\/strong>.<\/p>\n<p class=\"com-paragraph   --s\">Seg\u00fan sus c\u00e1lculos, los hoy $<strong>1100\u00a0<\/strong>por d\u00f3lar equivaldr\u00edan a $<strong>703\u00a0<\/strong>de la convertibilidad o a $<strong>550\u00a0<\/strong>de la paridad de poder adquisitivo (PPP). Con lo cual el tipo de cambio podr\u00eda estar a\u00fan m\u00e1s bajo.<\/p>\n<p class=\"com-paragraph   --s\">\u201c<strong>El que no se adapta puede desaparecer. Pero esta es la \u00fanica realidad. Hoy hay que competir y no se puede buscar refugio en la falsa competitividad producto de una devaluaci\u00f3n<\/strong>\u201d, sostuvo un alto funcionario de Econom\u00eda en l\u00ednea con la visi\u00f3n presidencial. En su previsi\u00f3n aquellos sectores que no son competitivos ser\u00e1n absorbidos por otros que generar\u00e1n nuevos puestos de trabajo y no lo desvela si a futuro la Argentina es una econom\u00eda de servicios, de energ\u00eda, de litio, de inteligencia artificial, solo por citar algunos de los sectores que ganan protagonismo.<\/p>\n<p class=\"com-paragraph   --s\">El propio Milei le dijo a un grupo de empresarios que \u201cno se trata de un gobierno de pol\u00edticas sectoriales ni de equilibrios parciales. A m\u00ed lo que me preocupa es el crecimiento y no la distribuci\u00f3n. La izquierda no puede correrme con el discurso de la desigualdad si la econom\u00eda crece y la realidad es cada vez mejor\u201d.\u00a0Su construcci\u00f3n tiene cada vez m\u00e1s en cuenta la batalla cultural. \u201cSi despu\u00e9s de abrazar las ideas de la libertad se abrazan las ideas de la izquierda se rompen los avances\u201d. Cit\u00f3 como referencia a \u201cLa fatal ignorancia\u201d de\u00a0<strong>Axel Kaiser<\/strong>. En ese libro la pregunta latente es \u00bfpor qu\u00e9 la derecha fracas\u00f3 en asumir un rol decisivo en la evoluci\u00f3n social de Chile?, \u00bfqu\u00e9 hacer para impedir el progresivo avance hacia un estatismo redistributivo que condene al pa\u00eds vecino al cl\u00e1sico subdesarrollo latinoamericano? Habla all\u00ed de una derecha culturalmente anor\u00e9xica y avergonzada que se encamina a una derrota cuyo impacto aun no es capaz de advertir. \u201c<strong>Los cambios tienen que ser estructurales. Y por eso por ejemplo cuando tengo certeza de la posibilidad de hacerlo elimino impuestos, pero eso reci\u00e9n ocurre cuando la realidad lo permite y anticipa que ser\u00e1 un cambio permanente<\/strong>\u201d, analiz\u00f3 una alta fuente de la Rosada ante la pregunta sobre las presiones sectoriales.<\/p>\n<div class=\"content-media\">\n<section class=\"mod-media --zoom  \" role=\"button\">\n<figure class=\"mod-figure \" role=\"button\"><a href=\"https:\/\/opinionpublica.com.ar\/index\/wp-content\/uploads\/2024\/12\/674f430d7b633_940_529-toto-caputo.jpg\"><img loading=\"lazy\" decoding=\"async\" class=\"alignnone size-full wp-image-7615\" src=\"https:\/\/opinionpublica.com.ar\/index\/wp-content\/uploads\/2024\/12\/674f430d7b633_940_529-toto-caputo.jpg\" alt=\"\" width=\"940\" height=\"529\" srcset=\"https:\/\/opinionpublica.com.ar\/index\/wp-content\/uploads\/2024\/12\/674f430d7b633_940_529-toto-caputo.jpg 940w, https:\/\/opinionpublica.com.ar\/index\/wp-content\/uploads\/2024\/12\/674f430d7b633_940_529-toto-caputo-300x169.jpg 300w, https:\/\/opinionpublica.com.ar\/index\/wp-content\/uploads\/2024\/12\/674f430d7b633_940_529-toto-caputo-768x432.jpg 768w\" sizes=\"(max-width: 940px) 100vw, 940px\" \/><\/a><\/figure>\n<\/section>\n<\/div>\n<p class=\"com-paragraph   --s\">Para el campo tiene certeza que a futuro las retenciones no ser\u00e1n parte del modelo, pero cree tambi\u00e9n que, entre las desregulaciones, la normalizaci\u00f3n de la econom\u00eda y la baja de la brecha, se han tomado medidas concretas que impactaron positivamente. Claro est\u00e1, en el manual de econom\u00eda libertario no existen las pol\u00edticas sectoriales ni mucho menos el concepto de distribuci\u00f3n de la riqueza que asocian los libertarios con el socialismo.\u00a0<strong>Aqu\u00ed se habla de generar mayor riqueza y crecimiento y de mirar el impacto que supone.<\/strong><\/p>\n<p class=\"com-title --font-primary --xl --font-extra\"><strong>Acuerdo con el Fondo Monetario<\/strong><\/p>\n<p class=\"com-paragraph   --s\">Su idea de \u201cOccidente est\u00e1 en peligro\u201d est\u00e1 m\u00e1s vigente que nunca. Y mientras ultima los detalles de sus pr\u00f3ximos viajes a\u00a0<strong>Estados Unidos\u00a0<\/strong>para la asunci\u00f3n de\u00a0<strong>Donald Trump<\/strong>, al\u00a0<strong>Foro Econ\u00f3mico\u00a0<\/strong>de\u00a0<strong>Davos\u00a0<\/strong>adonde volver\u00e1 a disertar -seguramente con un discurso basado en su cr\u00edtica al socialismo- y a Alemania adonde recibir\u00e1 un premio, el Gobierno avanza en el nuevo acuerdo con el Fondo Monetario Internacional, que est\u00e1 muy avanzado. Si bien supone un desembolso que en Casa Rosada se excusan de cuantificar, en el mercado se habla de US$<strong>12.000\u00a0<\/strong>a US$<strong>15.000\u00a0<\/strong>millones, a los que podr\u00eda sumarse otro organismo multilateral con partidas iniciales de US$<strong>3000\u00a0<\/strong>millones.<\/p>\n<p class=\"com-paragraph   --s\">\u201cTodo ir\u00e1 a cancelar deuda\u201d,\u00a0admitieron. En ese camino el Banco Central inform\u00f3 el viernes que consigui\u00f3 una l\u00ednea de financiamiento de US$<strong>1000\u00a0<\/strong>millones de parte de cinco bancos internacionales, a trav\u00e9s de una operaci\u00f3n de pase pasivo (REPO), que implic\u00f3 otorgar como garant\u00eda los bonos\u00a0<strong>Bopreal<\/strong>. El pr\u00e9stamo tiene un plazo de dos a\u00f1os y cuatro meses, a una tasa anual de\u00a0<strong>8,8<\/strong>%.<\/p>\n<div class=\"content-media\"><\/div>\n<p class=\"com-paragraph   --s\">La operaci\u00f3n se hizo con los bancos internacionales\u00a0<strong>BBVA<\/strong>,\u00a0<strong>Santander<\/strong>,\u00a0<strong>JP Morgan<\/strong>,\u00a0<strong>ICBC<\/strong>\u00a0y\u00a0<strong>Citi<\/strong>. En la subasta realizada el 27 de diciembre pasado, el BCRA recibi\u00f3 ofertas por US$<strong>2850\u00a0<\/strong>millones. Seg\u00fan indic\u00f3, ese monto super\u00f3 en casi tres veces la cantidad licitada. \u201cFrente al exceso de demanda y en vista de la evoluci\u00f3n favorable de sus reservas internacionales, el BCRA opt\u00f3 por no tomar un monto mayor\u201d, dijo el Banco Central en un comunicado. Las obligaciones del 2025 ya est\u00e1n cubiertas, seg\u00fan pudo saber\u00a0<strong>LA NACION\u00a0<\/strong>por parte de una fuente inobjetable.<\/p>\n<p class=\"com-paragraph   --s\">Mientras tanto, en el Gobierno trabajan tambi\u00e9n en una reforma del sistema financiero que evite autocorridas y en la que se pueda utilizar reservas en caso de ser necesario. Adem\u00e1s de una nueva realidad para el\u00a0<strong>Mercosur\u00a0<\/strong>adonde el Presidente ya anticip\u00f3 sus futuros movimientos. Un eventual acuerdo de libre comercio con Estados Unidos aparece como una de las hip\u00f3tesis de alta probabilidad de ocurrencia. Se eval\u00faa incluso por estos d\u00edas cu\u00e1l ser\u00eda la mejor f\u00f3rmula jur\u00eddica para implementarla y hasta la posibilidad de dejar de ser socio pleno en caso de que sea necesario. Es que el 2025 es para los libertarios el puntapi\u00e9 de una infinidad de reformas que esperar\u00e1n del resultado de las elecciones para avanzar: la reforma laboral y previsional de fondo aparece entre esas prioridades al igual que la reforma tributaria en la que trabaj\u00f3 el propio ministro de Econom\u00eda con todo su equipo y a la que el presidente de la Naci\u00f3n le pondr\u00e1 su impronta. Enero es el punto de partida en el que el silencio de la Quinta de Olivos construye el mejor escenario para hacerse preguntas como una que sorprendi\u00f3 a sus interlocutores cuando el propio Presidente se las dispar\u00f3: \u201c<strong>El problema de Tierra del Fuego. \u00bfEs la isla o el continente?\u201d.\u00a0<\/strong>Todo seg\u00fan con el prisma con que se lo mire. Para un libertario no hay dudas que es la presi\u00f3n tributaria que impone el continente.<\/p>\n<p>&nbsp;<\/p>\n<\/div>\n<\/div>\n<\/div>\n<\/div>\n<\/section>\n<\/div>\n<\/div>\n<p><\/main><\/p>\n","protected":false},"excerpt":{"rendered":"<p>Cu\u00e1l es la falacia del d\u00f3lar barato, seg\u00fan Milei El Presidente sostiene que el valor del d\u00f3lar es<\/p>\n","protected":false},"author":8,"featured_media":1985,"comment_status":"open","ping_status":"open","sticky":false,"template":"","format":"standard","meta":{"footnotes":""},"categories":[3],"tags":[1338,692,797],"class_list":["post-8093","post","type-post","status-publish","format-standard","has-post-thumbnail","hentry","category-nacionales","tag-inflacion-y-precios","tag-javier-milei","tag-luis-caputo"],"featured_image_urls":{"full":["https:\/\/opinionpublica.com.ar\/index\/wp-content\/uploads\/2024\/04\/los-nuevos-billetes-de-cien-dolares-sobre-fondo-de-madera-e8txwa.jpg",1168,772,false],"thumbnail":["https:\/\/opinionpublica.com.ar\/index\/wp-content\/uploads\/2024\/04\/los-nuevos-billetes-de-cien-dolares-sobre-fondo-de-madera-e8txwa-150x150.jpg",150,150,true],"medium":["https:\/\/opinionpublica.com.ar\/index\/wp-content\/uploads\/2024\/04\/los-nuevos-billetes-de-cien-dolares-sobre-fondo-de-madera-e8txwa-300x198.jpg",300,198,true],"medium_large":["https:\/\/opinionpublica.com.ar\/index\/wp-content\/uploads\/2024\/04\/los-nuevos-billetes-de-cien-dolares-sobre-fondo-de-madera-e8txwa-768x508.jpg",640,423,true],"large":["https:\/\/opinionpublica.com.ar\/index\/wp-content\/uploads\/2024\/04\/los-nuevos-billetes-de-cien-dolares-sobre-fondo-de-madera-e8txwa-1024x677.jpg",640,423,true],"1536x1536":["https:\/\/opinionpublica.com.ar\/index\/wp-content\/uploads\/2024\/04\/los-nuevos-billetes-de-cien-dolares-sobre-fondo-de-madera-e8txwa.jpg",1168,772,false],"2048x2048":["https:\/\/opinionpublica.com.ar\/index\/wp-content\/uploads\/2024\/04\/los-nuevos-billetes-de-cien-dolares-sobre-fondo-de-madera-e8txwa.jpg",1168,772,false],"morenews-large":["https:\/\/opinionpublica.com.ar\/index\/wp-content\/uploads\/2024\/04\/los-nuevos-billetes-de-cien-dolares-sobre-fondo-de-madera-e8txwa-825x575.jpg",825,575,true],"morenews-medium":["https:\/\/opinionpublica.com.ar\/index\/wp-content\/uploads\/2024\/04\/los-nuevos-billetes-de-cien-dolares-sobre-fondo-de-madera-e8txwa-590x410.jpg",590,410,true]},"author_info":{"display_name":"RKing","author_link":"https:\/\/opinionpublica.com.ar\/index\/author\/rking\/"},"category_info":"<a href=\"https:\/\/opinionpublica.com.ar\/index\/category\/nacionales\/\" rel=\"category tag\">Nacionales<\/a>","tag_info":"Nacionales","comment_count":"0","_links":{"self":[{"href":"https:\/\/opinionpublica.com.ar\/index\/wp-json\/wp\/v2\/posts\/8093","targetHints":{"allow":["GET"]}}],"collection":[{"href":"https:\/\/opinionpublica.com.ar\/index\/wp-json\/wp\/v2\/posts"}],"about":[{"href":"https:\/\/opinionpublica.com.ar\/index\/wp-json\/wp\/v2\/types\/post"}],"author":[{"embeddable":true,"href":"https:\/\/opinionpublica.com.ar\/index\/wp-json\/wp\/v2\/users\/8"}],"replies":[{"embeddable":true,"href":"https:\/\/opinionpublica.com.ar\/index\/wp-json\/wp\/v2\/comments?post=8093"}],"version-history":[{"count":1,"href":"https:\/\/opinionpublica.com.ar\/index\/wp-json\/wp\/v2\/posts\/8093\/revisions"}],"predecessor-version":[{"id":8094,"href":"https:\/\/opinionpublica.com.ar\/index\/wp-json\/wp\/v2\/posts\/8093\/revisions\/8094"}],"wp:featuredmedia":[{"embeddable":true,"href":"https:\/\/opinionpublica.com.ar\/index\/wp-json\/wp\/v2\/media\/1985"}],"wp:attachment":[{"href":"https:\/\/opinionpublica.com.ar\/index\/wp-json\/wp\/v2\/media?parent=8093"}],"wp:term":[{"taxonomy":"category","embeddable":true,"href":"https:\/\/opinionpublica.com.ar\/index\/wp-json\/wp\/v2\/categories?post=8093"},{"taxonomy":"post_tag","embeddable":true,"href":"https:\/\/opinionpublica.com.ar\/index\/wp-json\/wp\/v2\/tags?post=8093"}],"curies":[{"name":"wp","href":"https:\/\/api.w.org\/{rel}","templated":true}]}}