{"id":8095,"date":"2025-01-06T09:54:24","date_gmt":"2025-01-06T12:54:24","guid":{"rendered":"https:\/\/opinionpublica.com.ar\/index\/?p=8095"},"modified":"2025-01-06T09:54:24","modified_gmt":"2025-01-06T12:54:24","slug":"se-creo-centro-provincial-de-formacion-maritima","status":"publish","type":"post","link":"https:\/\/opinionpublica.com.ar\/index\/se-creo-centro-provincial-de-formacion-maritima\/","title":{"rendered":"Se cre\u00f3 Centro Provincial de Formaci\u00f3n Mar\u00edtima"},"content":{"rendered":"<p class=\"titulo_individual_noticia\"><strong>Se cre\u00f3 Centro Provincial de Formaci\u00f3n Mar\u00edtima<\/strong><\/p>\n<div class=\"copete_individual_noticia\">La nueva dependencia dictar\u00e1 programaci\u00f3n de formaci\u00f3n y capaci-taci\u00f3n que permitan mejorar las cualidades profesionales de tripu-lantes y trabajadores de la pesca.<\/div>\n<div><a href=\"https:\/\/opinionpublica.com.ar\/index\/wp-content\/uploads\/2025\/01\/20250105112444ff457ddeb41789dc3c35770c2a72e69d-formacion-maritima.jpg\"><img fetchpriority=\"high\" decoding=\"async\" class=\"alignnone size-full wp-image-8096\" src=\"https:\/\/opinionpublica.com.ar\/index\/wp-content\/uploads\/2025\/01\/20250105112444ff457ddeb41789dc3c35770c2a72e69d-formacion-maritima.jpg\" alt=\"\" width=\"800\" height=\"448\" srcset=\"https:\/\/opinionpublica.com.ar\/index\/wp-content\/uploads\/2025\/01\/20250105112444ff457ddeb41789dc3c35770c2a72e69d-formacion-maritima.jpg 800w, https:\/\/opinionpublica.com.ar\/index\/wp-content\/uploads\/2025\/01\/20250105112444ff457ddeb41789dc3c35770c2a72e69d-formacion-maritima-300x168.jpg 300w, https:\/\/opinionpublica.com.ar\/index\/wp-content\/uploads\/2025\/01\/20250105112444ff457ddeb41789dc3c35770c2a72e69d-formacion-maritima-768x430.jpg 768w\" sizes=\"(max-width: 800px) 100vw, 800px\" \/><\/a><\/div>\n<div><\/div>\n<div class=\"contenido_individual_noticia\">\n<div class=\"contenedor_primera_letra_individual_noticia\">A fin de \u201cpropender a la sustentabilidad de la actividades acu\u00edcolas y pesqueras\u201d y mejorar las \u201ccompetencias para desempe\u00f1ar los empleos relacionados con la m\u00e1xima eficiencia, seguridad de la vida humana en el mar y del medio marino\u201d, el Gobierno provincial consider\u00f3 oportuno \u201ccrear el Centro de Capacitaci\u00f3n y Formaci\u00f3n Mar\u00edtima Malvinas Argentinas\u201d.<\/div>\n<p>Seg\u00fan reza el decreto 2919\/24, del pasado 9 de diciembre, la creaci\u00f3n del CE.CA.F.MA es parte de la estrategia elaborada por la Provincia para, en funci\u00f3n de su condici\u00f3n insular y los intereses mar\u00edtimos asociados, atender a aspectos estrat\u00e9gicos referidos al desarrollo humano, y dar \u201crespuestas concretas a las necesidades planteadas por el sector socio productivo\u201d.<\/p>\n<p>A tal fin, el Centro, que depende de la Secretar\u00eda de Pesca y Acuicultura, brindar\u00e1 programas de formaci\u00f3n y capacitaci\u00f3n destinados a \u201ctrabajadores de la pesca y tripulantes que desempe\u00f1an su labor de manera activa, as\u00ed como tambi\u00e9n para los que buscan una formaci\u00f3n profesional en el \u00e1mbito mar\u00edtimo nacional, teniendo\u00a0 en cuenta que la Provincia posee un puerto pesquero con servicios a la buques de altura y vista de costa que operan en el mismo, cuyas tripulaciones deben contar con personal calificado\u201d.<\/p>\n<p>El Centro estar\u00e1 emplazado en el Sal\u00f3n de Usos M\u00faltiples ubicado en la estaci\u00f3n de Piscicultura \u201cR\u00edo Olivia\u201d.<\/p>\n<p>Org\u00e1nicamente funcionar\u00e1 como una Direcci\u00f3n Provincial que contar\u00e1 con una Direcci\u00f3n General de Coordinaci\u00f3n, Capacitaci\u00f3n y Formaci\u00f3n de la Actividades Acu\u00edcolas y Pesqueras; Direcci\u00f3n de Administraci\u00f3n Institucional; Direcci\u00f3n de Capacitaci\u00f3n y Formaci\u00f3n Continua y la Direcci\u00f3n del Programa de Observadores Pesqueros.<\/p>\n<p>Un dato para nada menor tiene que ver con los gastos que demande la creaci\u00f3n y funcionamiento del CA.CA.F.MA, ya que esas erogaciones ser\u00e1n afrontadas \u201ccon fondos provistos por el Consejo Federal Pesquero\u201d.<\/p>\n<\/div>\n<div class=\"contenedor_share_buttons_individual_noticia\">\n<div class=\"contenido_share_buttons_individual_noticia\">\n<div class=\"individual_share_buttons_individual_noticia transition_03 imprimir\"><\/div>\n<\/div>\n<\/div>\n<div class=\"tags_individual_noticia\">\n<div class=\"titulo_tags_individual_noticias\"><\/div>\n<\/div>\n","protected":false},"excerpt":{"rendered":"<p>Se cre\u00f3 Centro Provincial de Formaci\u00f3n Mar\u00edtima La nueva dependencia dictar\u00e1 programaci\u00f3n de formaci\u00f3n y capaci-taci\u00f3n que permitan<\/p>\n","protected":false},"author":8,"featured_media":8096,"comment_status":"open","ping_status":"open","sticky":false,"template":"","format":"standard","meta":{"footnotes":""},"categories":[2],"tags":[41,5],"class_list":["post-8095","post","type-post","status-publish","format-standard","has-post-thumbnail","hentry","category-tierra-del-fuego","tag-pesca","tag-tierra-del-fuego"],"featured_image_urls":{"full":["https:\/\/opinionpublica.com.ar\/index\/wp-content\/uploads\/2025\/01\/20250105112444ff457ddeb41789dc3c35770c2a72e69d-formacion-maritima.jpg",800,448,false],"thumbnail":["https:\/\/opinionpublica.com.ar\/index\/wp-content\/uploads\/2025\/01\/20250105112444ff457ddeb41789dc3c35770c2a72e69d-formacion-maritima-150x150.jpg",150,150,true],"medium":["https:\/\/opinionpublica.com.ar\/index\/wp-content\/uploads\/2025\/01\/20250105112444ff457ddeb41789dc3c35770c2a72e69d-formacion-maritima-300x168.jpg",300,168,true],"medium_large":["https:\/\/opinionpublica.com.ar\/index\/wp-content\/uploads\/2025\/01\/20250105112444ff457ddeb41789dc3c35770c2a72e69d-formacion-maritima-768x430.jpg",640,358,true],"large":["https:\/\/opinionpublica.com.ar\/index\/wp-content\/uploads\/2025\/01\/20250105112444ff457ddeb41789dc3c35770c2a72e69d-formacion-maritima.jpg",640,358,false],"1536x1536":["https:\/\/opinionpublica.com.ar\/index\/wp-content\/uploads\/2025\/01\/20250105112444ff457ddeb41789dc3c35770c2a72e69d-formacion-maritima.jpg",800,448,false],"2048x2048":["https:\/\/opinionpublica.com.ar\/index\/wp-content\/uploads\/2025\/01\/20250105112444ff457ddeb41789dc3c35770c2a72e69d-formacion-maritima.jpg",800,448,false],"morenews-large":["https:\/\/opinionpublica.com.ar\/index\/wp-content\/uploads\/2025\/01\/20250105112444ff457ddeb41789dc3c35770c2a72e69d-formacion-maritima.jpg",800,448,false],"morenews-medium":["https:\/\/opinionpublica.com.ar\/index\/wp-content\/uploads\/2025\/01\/20250105112444ff457ddeb41789dc3c35770c2a72e69d-formacion-maritima-590x410.jpg",590,410,true]},"author_info":{"display_name":"RKing","author_link":"https:\/\/opinionpublica.com.ar\/index\/author\/rking\/"},"category_info":"<a href=\"https:\/\/opinionpublica.com.ar\/index\/category\/tierra-del-fuego\/\" rel=\"category tag\">Tierra del Fuego<\/a>","tag_info":"Tierra del Fuego","comment_count":"0","_links":{"self":[{"href":"https:\/\/opinionpublica.com.ar\/index\/wp-json\/wp\/v2\/posts\/8095","targetHints":{"allow":["GET"]}}],"collection":[{"href":"https:\/\/opinionpublica.com.ar\/index\/wp-json\/wp\/v2\/posts"}],"about":[{"href":"https:\/\/opinionpublica.com.ar\/index\/wp-json\/wp\/v2\/types\/post"}],"author":[{"embeddable":true,"href":"https:\/\/opinionpublica.com.ar\/index\/wp-json\/wp\/v2\/users\/8"}],"replies":[{"embeddable":true,"href":"https:\/\/opinionpublica.com.ar\/index\/wp-json\/wp\/v2\/comments?post=8095"}],"version-history":[{"count":1,"href":"https:\/\/opinionpublica.com.ar\/index\/wp-json\/wp\/v2\/posts\/8095\/revisions"}],"predecessor-version":[{"id":8097,"href":"https:\/\/opinionpublica.com.ar\/index\/wp-json\/wp\/v2\/posts\/8095\/revisions\/8097"}],"wp:featuredmedia":[{"embeddable":true,"href":"https:\/\/opinionpublica.com.ar\/index\/wp-json\/wp\/v2\/media\/8096"}],"wp:attachment":[{"href":"https:\/\/opinionpublica.com.ar\/index\/wp-json\/wp\/v2\/media?parent=8095"}],"wp:term":[{"taxonomy":"category","embeddable":true,"href":"https:\/\/opinionpublica.com.ar\/index\/wp-json\/wp\/v2\/categories?post=8095"},{"taxonomy":"post_tag","embeddable":true,"href":"https:\/\/opinionpublica.com.ar\/index\/wp-json\/wp\/v2\/tags?post=8095"}],"curies":[{"name":"wp","href":"https:\/\/api.w.org\/{rel}","templated":true}]}}