{"id":8442,"date":"2025-01-21T11:34:31","date_gmt":"2025-01-21T14:34:31","guid":{"rendered":"https:\/\/opinionpublica.com.ar\/index\/?p=8442"},"modified":"2025-01-21T11:34:31","modified_gmt":"2025-01-21T14:34:31","slug":"avanza-la-construccion-de-la-base-petrel-y-del-primer-hospital-argentino","status":"publish","type":"post","link":"https:\/\/opinionpublica.com.ar\/index\/avanza-la-construccion-de-la-base-petrel-y-del-primer-hospital-argentino\/","title":{"rendered":"Avanza la construcci\u00f3n de la Base Petrel y del primer hospital argentino"},"content":{"rendered":"<header class=\"post-image\">\n<div class=\"fimg-wrapper fimg-cl\">\n<div class=\"featured-image\">\n<div class=\"fimg-inner\">\n<div class=\"vm-wrapper\">\n<div class=\"vm-middle\">\n<p class=\"post-title\"><strong>Avanza la construcci\u00f3n de la Base Petrel y del primer hospital argentino y de todo el continente ant\u00e1rtico<\/strong><\/p>\n<\/div>\n<\/div>\n<\/div>\n<\/div>\n<\/div>\n<\/header>\n<section class=\"post-content\"><em>El astillero Tandanor y el Comando Conjunto Ant\u00e1rtico avanzan en la construcci\u00f3n de la Base Ant\u00e1rtica Conjunta (BAC) Petrel y el hospital modular que ser\u00e1 el primero de este tipo en el continente blanco. La edificaci\u00f3n representa una mejora en la log\u00edstica para los vuelos, a diferencia de las complicaciones de acceso en la Base Marambio.<\/em><\/p>\n<p><a href=\"https:\/\/opinionpublica.com.ar\/index\/wp-content\/uploads\/2024\/05\/base-petrel-1.jpg\"><img fetchpriority=\"high\" decoding=\"async\" class=\"alignnone size-full wp-image-3197\" src=\"https:\/\/opinionpublica.com.ar\/index\/wp-content\/uploads\/2024\/05\/base-petrel-1.jpg\" alt=\"\" width=\"805\" height=\"476\" srcset=\"https:\/\/opinionpublica.com.ar\/index\/wp-content\/uploads\/2024\/05\/base-petrel-1.jpg 805w, https:\/\/opinionpublica.com.ar\/index\/wp-content\/uploads\/2024\/05\/base-petrel-1-300x177.jpg 300w, https:\/\/opinionpublica.com.ar\/index\/wp-content\/uploads\/2024\/05\/base-petrel-1-768x454.jpg 768w\" sizes=\"(max-width: 805px) 100vw, 805px\" \/><\/a><\/p>\n<p>En Petrel se prev\u00e9 que la unidad sanitaria comience a ser ensamblada en febrero de 2025, siendo que el proyecto total de la base tiene una fecha estimada de finalizaci\u00f3n entre 2030 y 2031.<\/p>\n<p>El montaje de la BAC Petrel y el hospital modular son los primeros pasos concretos del Gobierno de Javier Milei en cuanto a la pol\u00edtica ant\u00e1rtica. Sin embargo, el alineamiento pol\u00edtico del presidente argentino con EE.UU y la OTAN plantea dudas sobre la defensa de la soberan\u00eda argentina. Vale remarcar que, en abril de 2024, Javier Milei visit\u00f3 Tierra del Fuego para recibir a la generala Laura Richardson, comandante del Comando Sur de Norteam\u00e9rica.<\/p>\n<figure class=\"wp-block-image size-full\"><\/figure>\n<p>All\u00ed anunci\u00f3 el desarroll\u00f3 de una Base Naval en Ushuaia con apoy\u00f3 de EE.UU, lo cual gener\u00f3 repercusiones medi\u00e1ticas a tal punto de que los dichos del presidente fueron minimizados por las autoridades norteamericanas.<\/p>\n<p><strong><em>El primer hospital del continente blanco<\/em><\/strong><\/p>\n<p>Actualmente se trabaja en el montaje de la estructura resistente del m\u00f3dulo habitacional que contar\u00e1 con una capacidad de alojamiento para 60 personas fijas y 150 personas en verano.<\/p>\n<p>El m\u00f3dulo sanitario est\u00e1 fabricado para soportar condiciones severas, como temperaturas que alcanzan los -30\u00b0C, vientos de hasta 300 km\/h, acumulaciones de nieve de hasta 60 cm, y tormentas magn\u00e9ticas.<\/p>\n<p><a href=\"https:\/\/opinionpublica.com.ar\/index\/wp-content\/uploads\/2024\/05\/base-petrel-2.jpeg\"><img decoding=\"async\" class=\"alignnone size-full wp-image-3196\" src=\"https:\/\/opinionpublica.com.ar\/index\/wp-content\/uploads\/2024\/05\/base-petrel-2.jpeg\" alt=\"\" width=\"711\" height=\"400\" srcset=\"https:\/\/opinionpublica.com.ar\/index\/wp-content\/uploads\/2024\/05\/base-petrel-2.jpeg 711w, https:\/\/opinionpublica.com.ar\/index\/wp-content\/uploads\/2024\/05\/base-petrel-2-300x169.jpeg 300w\" sizes=\"(max-width: 711px) 100vw, 711px\" \/><\/a><\/p>\n<p>Recientemente, se llev\u00f3 a cabo una jornada de capacitaci\u00f3n en las instalaciones del astillero Tandanor, destinada al personal del Comando Conjunto Ant\u00e1rtico (COCOANTAR). Un encuentro que se centr\u00f3 en los procedimientos t\u00e9cnicos necesarios para el montaje del M\u00f3dulo 1, conocido como M\u00f3dulo de Trabajo, que ser\u00e1 instalado en la Isla de Dundee.<\/p>\n<p>El proceso de traslado de estas estructuras, que incluye 70 toneladas de acero, se llevar\u00e1 a cabo en los pr\u00f3ximos meses mediante los buques asignados a la Campa\u00f1a Ant\u00e1rtica de Verano (CAV) 2024-2025.<\/p>\n<p>El Hospital Conjunto Ant\u00e1rtico no s\u00f3lo brindar\u00e1 asistencia m\u00e9dica a la dotaci\u00f3n de la Base Petrel, sino que tambi\u00e9n servir\u00e1 como un centro de apoyo para pacientes provenientes de otras bases ant\u00e1rticas.<\/p>\n<p>Contar\u00e1 con consultorio m\u00e9dico y odontol\u00f3gico para atenci\u00f3n ambulatoria; internaci\u00f3n de cuidados intermedios con capacidad de 8 camas; un quir\u00f3fano; un shock room; y unidad de terapia intensiva.<\/p>\n<p>Adem\u00e1s tendr\u00e1 servicios de diagn\u00f3stico por im\u00e1genes (Rx), laboratorio, c\u00e1mara hiperb\u00e1rica, esterilizaci\u00f3n, farmacia y los servicios de apoyo necesarios para su funcionamiento.<\/p>\n<p>Hasta ahora, la atenci\u00f3n m\u00e9dica en la regi\u00f3n ha estado limitada a enfermer\u00edas y consultorios de mediana complejidad, lo que plantea la necesidad de evacuar a pacientes cr\u00edticos hacia el continente. Esta situaci\u00f3n puede ser riesgosa, especialmente en condiciones clim\u00e1ticas extremas.<\/p>\n<p>El nuevo hospital permitir\u00e1 el traslado de especialistas desde el continente sin comprometer la estabilidad de los pacientes, reduciendo as\u00ed los riesgos asociados a las evacuaciones. Adem\u00e1s, se espera que el hospital logre mejorar la capacidad de respuesta sanitaria en el entorno ant\u00e1rtico, donde cada minuto cuenta.<\/p>\n<p>&nbsp;<\/p>\n<\/section>\n","protected":false},"excerpt":{"rendered":"<p>Avanza la construcci\u00f3n de la Base Petrel y del primer hospital argentino y de todo el continente ant\u00e1rtico<\/p>\n","protected":false},"author":8,"featured_media":3195,"comment_status":"open","ping_status":"open","sticky":false,"template":"","format":"standard","meta":{"footnotes":""},"categories":[3,2],"tags":[1215,1214],"class_list":["post-8442","post","type-post","status-publish","format-standard","has-post-thumbnail","hentry","category-nacionales","category-tierra-del-fuego","tag-antartida-argentina","tag-base-petrel"],"featured_image_urls":{"full":["https:\/\/opinionpublica.com.ar\/index\/wp-content\/uploads\/2024\/05\/base-petrel-3.jpg",640,480,false],"thumbnail":["https:\/\/opinionpublica.com.ar\/index\/wp-content\/uploads\/2024\/05\/base-petrel-3-150x150.jpg",150,150,true],"medium":["https:\/\/opinionpublica.com.ar\/index\/wp-content\/uploads\/2024\/05\/base-petrel-3-300x225.jpg",300,225,true],"medium_large":["https:\/\/opinionpublica.com.ar\/index\/wp-content\/uploads\/2024\/05\/base-petrel-3.jpg",640,480,false],"large":["https:\/\/opinionpublica.com.ar\/index\/wp-content\/uploads\/2024\/05\/base-petrel-3.jpg",640,480,false],"1536x1536":["https:\/\/opinionpublica.com.ar\/index\/wp-content\/uploads\/2024\/05\/base-petrel-3.jpg",640,480,false],"2048x2048":["https:\/\/opinionpublica.com.ar\/index\/wp-content\/uploads\/2024\/05\/base-petrel-3.jpg",640,480,false],"morenews-large":["https:\/\/opinionpublica.com.ar\/index\/wp-content\/uploads\/2024\/05\/base-petrel-3.jpg",640,480,false],"morenews-medium":["https:\/\/opinionpublica.com.ar\/index\/wp-content\/uploads\/2024\/05\/base-petrel-3-590x410.jpg",590,410,true]},"author_info":{"display_name":"RKing","author_link":"https:\/\/opinionpublica.com.ar\/index\/author\/rking\/"},"category_info":"<a href=\"https:\/\/opinionpublica.com.ar\/index\/category\/nacionales\/\" rel=\"category tag\">Nacionales<\/a> <a href=\"https:\/\/opinionpublica.com.ar\/index\/category\/tierra-del-fuego\/\" rel=\"category tag\">Tierra del Fuego<\/a>","tag_info":"Tierra del Fuego","comment_count":"0","_links":{"self":[{"href":"https:\/\/opinionpublica.com.ar\/index\/wp-json\/wp\/v2\/posts\/8442","targetHints":{"allow":["GET"]}}],"collection":[{"href":"https:\/\/opinionpublica.com.ar\/index\/wp-json\/wp\/v2\/posts"}],"about":[{"href":"https:\/\/opinionpublica.com.ar\/index\/wp-json\/wp\/v2\/types\/post"}],"author":[{"embeddable":true,"href":"https:\/\/opinionpublica.com.ar\/index\/wp-json\/wp\/v2\/users\/8"}],"replies":[{"embeddable":true,"href":"https:\/\/opinionpublica.com.ar\/index\/wp-json\/wp\/v2\/comments?post=8442"}],"version-history":[{"count":1,"href":"https:\/\/opinionpublica.com.ar\/index\/wp-json\/wp\/v2\/posts\/8442\/revisions"}],"predecessor-version":[{"id":8443,"href":"https:\/\/opinionpublica.com.ar\/index\/wp-json\/wp\/v2\/posts\/8442\/revisions\/8443"}],"wp:featuredmedia":[{"embeddable":true,"href":"https:\/\/opinionpublica.com.ar\/index\/wp-json\/wp\/v2\/media\/3195"}],"wp:attachment":[{"href":"https:\/\/opinionpublica.com.ar\/index\/wp-json\/wp\/v2\/media?parent=8442"}],"wp:term":[{"taxonomy":"category","embeddable":true,"href":"https:\/\/opinionpublica.com.ar\/index\/wp-json\/wp\/v2\/categories?post=8442"},{"taxonomy":"post_tag","embeddable":true,"href":"https:\/\/opinionpublica.com.ar\/index\/wp-json\/wp\/v2\/tags?post=8442"}],"curies":[{"name":"wp","href":"https:\/\/api.w.org\/{rel}","templated":true}]}}