{"id":8644,"date":"2025-02-20T11:30:42","date_gmt":"2025-02-20T14:30:42","guid":{"rendered":"https:\/\/opinionpublica.com.ar\/index\/?p=8644"},"modified":"2025-02-20T11:30:42","modified_gmt":"2025-02-20T14:30:42","slug":"en-rio-grande-se-faenan-mas-de-500-animales-por-dia-expreso-facundo-armas","status":"publish","type":"post","link":"https:\/\/opinionpublica.com.ar\/index\/en-rio-grande-se-faenan-mas-de-500-animales-por-dia-expreso-facundo-armas\/","title":{"rendered":"En R\u00edo Grande se faenan m\u00e1s de 500 animales por d\u00eda, expres\u00f3 Facundo Armas."},"content":{"rendered":"<div class=\"elementor-element elementor-element-5c8f590 elementor-widget elementor-widget-theme-post-title elementor-page-title elementor-widget-heading\" data-id=\"5c8f590\" data-element_type=\"widget\" data-widget_type=\"theme-post-title.default\">\n<div class=\"elementor-widget-container\">\n<p class=\"elementor-heading-title elementor-size-default\"><strong>En R\u00edo Grande se faenan m\u00e1s de 500 animales por d\u00eda, expres\u00f3 Facundo Armas.<\/strong><\/p>\n<\/div>\n<\/div>\n<div class=\"elementor-element elementor-element-4556f44 elementor-widget elementor-widget-theme-post-content\" data-id=\"4556f44\" data-element_type=\"widget\" data-widget_type=\"theme-post-content.default\">\n<div class=\"elementor-widget-container\">\n<p>As\u00ed lo asegur\u00f3 el subsecretario de desarrollo productivo de Rio Grande, Facundo Armas destac\u00f3 la puesta en funcionamiento de la planta de producci\u00f3n de alimentos de animales, Vital Can. Explic\u00f3 que utilizan las menudencias de los pollos que se producen en Rio Grande y de los animales que faenan en el matadero municipal.<\/p>\n<p><a href=\"https:\/\/opinionpublica.com.ar\/index\/wp-content\/uploads\/2025\/02\/feb9b3_e184b1e633104366b4b20677c773d9ed_mv2-planta-faena-rio-grande.jpg\"><img fetchpriority=\"high\" decoding=\"async\" class=\"alignnone size-full wp-image-8645\" src=\"https:\/\/opinionpublica.com.ar\/index\/wp-content\/uploads\/2025\/02\/feb9b3_e184b1e633104366b4b20677c773d9ed_mv2-planta-faena-rio-grande.jpg\" alt=\"\" width=\"1000\" height=\"750\" srcset=\"https:\/\/opinionpublica.com.ar\/index\/wp-content\/uploads\/2025\/02\/feb9b3_e184b1e633104366b4b20677c773d9ed_mv2-planta-faena-rio-grande.jpg 1000w, https:\/\/opinionpublica.com.ar\/index\/wp-content\/uploads\/2025\/02\/feb9b3_e184b1e633104366b4b20677c773d9ed_mv2-planta-faena-rio-grande-300x225.jpg 300w, https:\/\/opinionpublica.com.ar\/index\/wp-content\/uploads\/2025\/02\/feb9b3_e184b1e633104366b4b20677c773d9ed_mv2-planta-faena-rio-grande-768x576.jpg 768w\" sizes=\"(max-width: 1000px) 100vw, 1000px\" \/><\/a><\/p>\n<p>En di\u00e1logo con Radio Provincia, el funcionario indic\u00f3 que, \u201cen planta de faena municipal se hicieron arreglos muy importantes ya que es un edificio de m\u00e1s de 50 a\u00f1os. \u201cSe cambi\u00f3 el techo completo, pero se pudo seguir faenando\u201d.<\/p>\n<p>Detall\u00f3 que los empleados municipales del matadero, \u201cse faenan por d\u00eda 50 vacunos, 400 corderos y entre 60 y 70 porcinos\u201d.<\/p>\n<p>En este sentido destac\u00f3 que en Rio Grande se encuentra, \u201cla \u00fanica planta en la Patagonia que cuenta con faena de cerdos\u201d.<\/p>\n<p>El funcionario explic\u00f3 que la empresa, \u201cVital Can utilizan las menudencias y le dan valor para exportar el producto a otros pa\u00edses\u201d.<\/p>\n<p>Por \u00faltimo record\u00f3 que, \u201cla soberan\u00eda alimentaria es un eje de la gesti\u00f3n de Martin P\u00e9rez\u201d, por lo que continua trabajando con otras empresas para potenciar invernadores, incubadoras de huevos y producci\u00f3n de pollos.<\/p>\n<\/div>\n<\/div>\n","protected":false},"excerpt":{"rendered":"<p>En R\u00edo Grande se faenan m\u00e1s de 500 animales por d\u00eda, expres\u00f3 Facundo Armas. As\u00ed lo asegur\u00f3 el<\/p>\n","protected":false},"author":8,"featured_media":8645,"comment_status":"open","ping_status":"open","sticky":false,"template":"","format":"standard","meta":{"footnotes":""},"categories":[25],"tags":[3204,3203],"class_list":["post-8644","post","type-post","status-publish","format-standard","has-post-thumbnail","hentry","category-rio-grande","tag-facundo-armas","tag-planta-municipal-faena"],"featured_image_urls":{"full":["https:\/\/opinionpublica.com.ar\/index\/wp-content\/uploads\/2025\/02\/feb9b3_e184b1e633104366b4b20677c773d9ed_mv2-planta-faena-rio-grande.jpg",1000,750,false],"thumbnail":["https:\/\/opinionpublica.com.ar\/index\/wp-content\/uploads\/2025\/02\/feb9b3_e184b1e633104366b4b20677c773d9ed_mv2-planta-faena-rio-grande-150x150.jpg",150,150,true],"medium":["https:\/\/opinionpublica.com.ar\/index\/wp-content\/uploads\/2025\/02\/feb9b3_e184b1e633104366b4b20677c773d9ed_mv2-planta-faena-rio-grande-300x225.jpg",300,225,true],"medium_large":["https:\/\/opinionpublica.com.ar\/index\/wp-content\/uploads\/2025\/02\/feb9b3_e184b1e633104366b4b20677c773d9ed_mv2-planta-faena-rio-grande-768x576.jpg",640,480,true],"large":["https:\/\/opinionpublica.com.ar\/index\/wp-content\/uploads\/2025\/02\/feb9b3_e184b1e633104366b4b20677c773d9ed_mv2-planta-faena-rio-grande.jpg",640,480,false],"1536x1536":["https:\/\/opinionpublica.com.ar\/index\/wp-content\/uploads\/2025\/02\/feb9b3_e184b1e633104366b4b20677c773d9ed_mv2-planta-faena-rio-grande.jpg",1000,750,false],"2048x2048":["https:\/\/opinionpublica.com.ar\/index\/wp-content\/uploads\/2025\/02\/feb9b3_e184b1e633104366b4b20677c773d9ed_mv2-planta-faena-rio-grande.jpg",1000,750,false],"morenews-large":["https:\/\/opinionpublica.com.ar\/index\/wp-content\/uploads\/2025\/02\/feb9b3_e184b1e633104366b4b20677c773d9ed_mv2-planta-faena-rio-grande-825x575.jpg",825,575,true],"morenews-medium":["https:\/\/opinionpublica.com.ar\/index\/wp-content\/uploads\/2025\/02\/feb9b3_e184b1e633104366b4b20677c773d9ed_mv2-planta-faena-rio-grande-590x410.jpg",590,410,true]},"author_info":{"display_name":"RKing","author_link":"https:\/\/opinionpublica.com.ar\/index\/author\/rking\/"},"category_info":"<a href=\"https:\/\/opinionpublica.com.ar\/index\/category\/rio-grande\/\" rel=\"category tag\">Rio Grande<\/a>","tag_info":"Rio Grande","comment_count":"0","_links":{"self":[{"href":"https:\/\/opinionpublica.com.ar\/index\/wp-json\/wp\/v2\/posts\/8644","targetHints":{"allow":["GET"]}}],"collection":[{"href":"https:\/\/opinionpublica.com.ar\/index\/wp-json\/wp\/v2\/posts"}],"about":[{"href":"https:\/\/opinionpublica.com.ar\/index\/wp-json\/wp\/v2\/types\/post"}],"author":[{"embeddable":true,"href":"https:\/\/opinionpublica.com.ar\/index\/wp-json\/wp\/v2\/users\/8"}],"replies":[{"embeddable":true,"href":"https:\/\/opinionpublica.com.ar\/index\/wp-json\/wp\/v2\/comments?post=8644"}],"version-history":[{"count":2,"href":"https:\/\/opinionpublica.com.ar\/index\/wp-json\/wp\/v2\/posts\/8644\/revisions"}],"predecessor-version":[{"id":8647,"href":"https:\/\/opinionpublica.com.ar\/index\/wp-json\/wp\/v2\/posts\/8644\/revisions\/8647"}],"wp:featuredmedia":[{"embeddable":true,"href":"https:\/\/opinionpublica.com.ar\/index\/wp-json\/wp\/v2\/media\/8645"}],"wp:attachment":[{"href":"https:\/\/opinionpublica.com.ar\/index\/wp-json\/wp\/v2\/media?parent=8644"}],"wp:term":[{"taxonomy":"category","embeddable":true,"href":"https:\/\/opinionpublica.com.ar\/index\/wp-json\/wp\/v2\/categories?post=8644"},{"taxonomy":"post_tag","embeddable":true,"href":"https:\/\/opinionpublica.com.ar\/index\/wp-json\/wp\/v2\/tags?post=8644"}],"curies":[{"name":"wp","href":"https:\/\/api.w.org\/{rel}","templated":true}]}}