{"id":8863,"date":"2025-03-01T22:40:13","date_gmt":"2025-03-02T01:40:13","guid":{"rendered":"https:\/\/opinionpublica.com.ar\/index\/?p=8863"},"modified":"2025-03-01T22:40:13","modified_gmt":"2025-03-02T01:40:13","slug":"estafador-y-golpista","status":"publish","type":"post","link":"https:\/\/opinionpublica.com.ar\/index\/estafador-y-golpista\/","title":{"rendered":"Estafador y Golpista"},"content":{"rendered":"<p><strong>Sr. Presidente:<\/strong><\/p>\n<p>Su mensaje no solo es una muestra de su desconocimiento absoluto de la realidad bonaerense, sino tambi\u00e9n un acto de demagogia peligrosa, autoritarismo expl\u00edcito y una alarmante intenci\u00f3n de tirarle nafta al fuego, en un pa\u00eds que necesita soluciones, no conflictos. Su obsesi\u00f3n por imponer una narrativa de caos y violencia no es m\u00e1s que un intento desesperado por desviar la atenci\u00f3n de su incapacidad para gobernar y de los problemas reales que enfrenta la Naci\u00f3n.<\/p>\n<p><a href=\"https:\/\/opinionpublica.com.ar\/index\/wp-content\/uploads\/2025\/02\/WhatsApp-Image-2025-02-28-at-14.17.51-1.jpeg\"><img fetchpriority=\"high\" decoding=\"async\" class=\"alignnone size-full wp-image-8864\" src=\"https:\/\/opinionpublica.com.ar\/index\/wp-content\/uploads\/2025\/02\/WhatsApp-Image-2025-02-28-at-14.17.51-1.jpeg\" alt=\"\" width=\"1200\" height=\"675\" srcset=\"https:\/\/opinionpublica.com.ar\/index\/wp-content\/uploads\/2025\/02\/WhatsApp-Image-2025-02-28-at-14.17.51-1.jpeg 1200w, https:\/\/opinionpublica.com.ar\/index\/wp-content\/uploads\/2025\/02\/WhatsApp-Image-2025-02-28-at-14.17.51-1-300x169.jpeg 300w, https:\/\/opinionpublica.com.ar\/index\/wp-content\/uploads\/2025\/02\/WhatsApp-Image-2025-02-28-at-14.17.51-1-1024x576.jpeg 1024w, https:\/\/opinionpublica.com.ar\/index\/wp-content\/uploads\/2025\/02\/WhatsApp-Image-2025-02-28-at-14.17.51-1-768x432.jpeg 768w\" sizes=\"(max-width: 1200px) 100vw, 1200px\" \/><\/a><\/p>\n<p>No se olvide que usted es el \u00fanico presidente ESTAFADOR de la historia. El esc\u00e1ndalo Libra lo ha expuesto de manera contundente, y ahora en un acto desesperado, intenta desestabilizar al gobernador de la Provincia incentivando un golpe de Estado, pero, su palabra ya no vale nada; est\u00e1 completamente devaluada Presidente. Todos sabemos que el pa\u00eds est\u00e1 al borde de un colapso, con un inminente estallido del d\u00f3lar que traer\u00e1 un aumento inflacionario descontrolado y una p\u00e9rdida de poder adquisitivo a\u00fan m\u00e1s devastadora para los argentinos.<\/p>\n<p>Es momento de subirle el nivel a la pol\u00edtica, no de seguir banaliz\u00e1ndola con discursos vac\u00edos y espect\u00e1culos medi\u00e1ticos. Le advierto, Presidente, que jugar con fuego tiene consecuencias. Incitar a la violencia no solo es irresponsable, sino que puede volverse en su contra. La historia nos ense\u00f1a que los creadores e impulsores de la guillotina durante la Revoluci\u00f3n Francesa terminaron siendo decapitados por la misma. No subestime el poder de las instituciones democr\u00e1ticas ni la paciencia de un pueblo que busca paz y estabilidad.<\/p>\n<p>Asuma su responsabilidad como Presidente de la Naci\u00f3n, usted fue elegido para gobernar, no para hacer espect\u00e1culos en redes sociales ni para atacar a quienes no piensan como usted. En lugar de dedicarse a descalificar e imponer amenazas, enf\u00f3quese en buscar consensos y soluciones reales para los problemas que atraviesa el pa\u00eds.<\/p>\n<p><strong>Mario Daniele.<\/strong><\/p>\n","protected":false},"excerpt":{"rendered":"<p>Sr. Presidente: Su mensaje no solo es una muestra de su desconocimiento absoluto de la realidad bonaerense, sino<\/p>\n","protected":false},"author":8,"featured_media":8864,"comment_status":"open","ping_status":"open","sticky":false,"template":"","format":"standard","meta":{"footnotes":""},"categories":[1170,1096],"tags":[3272,692,1900],"class_list":["post-8863","post","type-post","status-publish","format-standard","has-post-thumbnail","hentry","category-columna-especial","category-destacada","tag-estafador-y-golpista","tag-javier-milei","tag-mario-daniele"],"featured_image_urls":{"full":["https:\/\/opinionpublica.com.ar\/index\/wp-content\/uploads\/2025\/02\/WhatsApp-Image-2025-02-28-at-14.17.51-1.jpeg",1200,675,false],"thumbnail":["https:\/\/opinionpublica.com.ar\/index\/wp-content\/uploads\/2025\/02\/WhatsApp-Image-2025-02-28-at-14.17.51-1-150x150.jpeg",150,150,true],"medium":["https:\/\/opinionpublica.com.ar\/index\/wp-content\/uploads\/2025\/02\/WhatsApp-Image-2025-02-28-at-14.17.51-1-300x169.jpeg",300,169,true],"medium_large":["https:\/\/opinionpublica.com.ar\/index\/wp-content\/uploads\/2025\/02\/WhatsApp-Image-2025-02-28-at-14.17.51-1-768x432.jpeg",640,360,true],"large":["https:\/\/opinionpublica.com.ar\/index\/wp-content\/uploads\/2025\/02\/WhatsApp-Image-2025-02-28-at-14.17.51-1-1024x576.jpeg",640,360,true],"1536x1536":["https:\/\/opinionpublica.com.ar\/index\/wp-content\/uploads\/2025\/02\/WhatsApp-Image-2025-02-28-at-14.17.51-1.jpeg",1200,675,false],"2048x2048":["https:\/\/opinionpublica.com.ar\/index\/wp-content\/uploads\/2025\/02\/WhatsApp-Image-2025-02-28-at-14.17.51-1.jpeg",1200,675,false],"morenews-large":["https:\/\/opinionpublica.com.ar\/index\/wp-content\/uploads\/2025\/02\/WhatsApp-Image-2025-02-28-at-14.17.51-1-825x575.jpeg",825,575,true],"morenews-medium":["https:\/\/opinionpublica.com.ar\/index\/wp-content\/uploads\/2025\/02\/WhatsApp-Image-2025-02-28-at-14.17.51-1-590x410.jpeg",590,410,true]},"author_info":{"display_name":"RKing","author_link":"https:\/\/opinionpublica.com.ar\/index\/author\/rking\/"},"category_info":"<a href=\"https:\/\/opinionpublica.com.ar\/index\/category\/columna-especial\/\" rel=\"category tag\">Columna Especial<\/a> <a href=\"https:\/\/opinionpublica.com.ar\/index\/category\/destacada\/\" rel=\"category tag\">Destacada<\/a>","tag_info":"Destacada","comment_count":"0","_links":{"self":[{"href":"https:\/\/opinionpublica.com.ar\/index\/wp-json\/wp\/v2\/posts\/8863","targetHints":{"allow":["GET"]}}],"collection":[{"href":"https:\/\/opinionpublica.com.ar\/index\/wp-json\/wp\/v2\/posts"}],"about":[{"href":"https:\/\/opinionpublica.com.ar\/index\/wp-json\/wp\/v2\/types\/post"}],"author":[{"embeddable":true,"href":"https:\/\/opinionpublica.com.ar\/index\/wp-json\/wp\/v2\/users\/8"}],"replies":[{"embeddable":true,"href":"https:\/\/opinionpublica.com.ar\/index\/wp-json\/wp\/v2\/comments?post=8863"}],"version-history":[{"count":1,"href":"https:\/\/opinionpublica.com.ar\/index\/wp-json\/wp\/v2\/posts\/8863\/revisions"}],"predecessor-version":[{"id":8865,"href":"https:\/\/opinionpublica.com.ar\/index\/wp-json\/wp\/v2\/posts\/8863\/revisions\/8865"}],"wp:featuredmedia":[{"embeddable":true,"href":"https:\/\/opinionpublica.com.ar\/index\/wp-json\/wp\/v2\/media\/8864"}],"wp:attachment":[{"href":"https:\/\/opinionpublica.com.ar\/index\/wp-json\/wp\/v2\/media?parent=8863"}],"wp:term":[{"taxonomy":"category","embeddable":true,"href":"https:\/\/opinionpublica.com.ar\/index\/wp-json\/wp\/v2\/categories?post=8863"},{"taxonomy":"post_tag","embeddable":true,"href":"https:\/\/opinionpublica.com.ar\/index\/wp-json\/wp\/v2\/tags?post=8863"}],"curies":[{"name":"wp","href":"https:\/\/api.w.org\/{rel}","templated":true}]}}