{"id":8922,"date":"2025-03-06T10:40:15","date_gmt":"2025-03-06T13:40:15","guid":{"rendered":"https:\/\/opinionpublica.com.ar\/index\/?p=8922"},"modified":"2025-03-06T10:40:15","modified_gmt":"2025-03-06T13:40:15","slug":"mas-de-1300-cruceristas-llegan-esta-semana-a-ushuaia","status":"publish","type":"post","link":"https:\/\/opinionpublica.com.ar\/index\/mas-de-1300-cruceristas-llegan-esta-semana-a-ushuaia\/","title":{"rendered":"M\u00e1s de 1300 cruceristas llegan esta semana a Ushuaia"},"content":{"rendered":"<div class=\"et_pb_row et_pb_row_0_tb_body\">\n<div class=\"et_pb_column et_pb_column_4_4 et_pb_column_0_tb_body  et_pb_css_mix_blend_mode_passthrough et-last-child\">\n<div class=\"et_pb_module et_pb_post_title et_pb_post_title_0_tb_body et_pb_bg_layout_light  et_pb_text_align_left\">\n<div class=\"et_pb_title_container\">\n<p class=\"entry-title\"><strong>M\u00e1s de 1300 cruceristas llegan esta semana a Ushuaia<\/strong><\/p>\n<\/div>\n<\/div>\n<\/div>\n<\/div>\n<div class=\"et_pb_row et_pb_row_1_tb_body slender-post-layout et_pb_gutters1 et_pb_row_1-4_3-4\">\n<div class=\"et_pb_column et_pb_column_3_4 et_pb_column_2_tb_body  et_pb_css_mix_blend_mode_passthrough et-last-child\">\n<div class=\"et_pb_module et_pb_post_content et_pb_post_content_0_tb_body\">\n<p>El puerto de Ushuaia contin\u00faa recibiendo buques tur\u00edsticos en el marco de la temporada estival. Esta semana todos los cruceros que llegan, excepto uno, son de tipo ant\u00e1rtico.<\/p>\n<p><a href=\"https:\/\/opinionpublica.com.ar\/index\/wp-content\/uploads\/2025\/03\/photo_4994762179307744981_y-980x653-crucero-gente.jpg\"><img fetchpriority=\"high\" decoding=\"async\" class=\"alignnone size-full wp-image-8923\" src=\"https:\/\/opinionpublica.com.ar\/index\/wp-content\/uploads\/2025\/03\/photo_4994762179307744981_y-980x653-crucero-gente.jpg\" alt=\"\" width=\"980\" height=\"653\" srcset=\"https:\/\/opinionpublica.com.ar\/index\/wp-content\/uploads\/2025\/03\/photo_4994762179307744981_y-980x653-crucero-gente.jpg 980w, https:\/\/opinionpublica.com.ar\/index\/wp-content\/uploads\/2025\/03\/photo_4994762179307744981_y-980x653-crucero-gente-300x200.jpg 300w, https:\/\/opinionpublica.com.ar\/index\/wp-content\/uploads\/2025\/03\/photo_4994762179307744981_y-980x653-crucero-gente-768x512.jpg 768w\" sizes=\"(max-width: 980px) 100vw, 980px\" \/><\/a><\/p>\n<p>Este jueves arriba a la capital fueguina el Ocean Victory, un crucero ant\u00e1rtico con 189 pasajeros a bordo.<\/p>\n<p>Para el viernes se prev\u00e9 la llegada del Greg Mortimer, otro buque ant\u00e1rtico con capacidad para 126 pasajeros.<\/p>\n<p>En tanto que el s\u00e1bado ser\u00e1n tres los cruceros que llegar\u00e1n a la ciudad: el Stella Australis, un barco regional con 200 pasajeros a bordo; el Fridtjof Nansen con 500 pasajeros y el Ushuaia con 84 pasajeros. Estos dos \u00faltimos de tipo ant\u00e1rtico.<\/p>\n<p>El domingo la ciudad recibir\u00e1 dos cruceros ant\u00e1rticos m\u00e1s, el Plancius con 113 pasajeros y el World Explorer con 172.<\/p>\n<p>Estos arribos forman parte de las 550 recaladas confirmadas para la temporada 2024 2025 seg\u00fan lo informado por el Presidente de la Direcci\u00f3n Provincial de Puertos, Roberto Murcia.<\/p>\n<\/div>\n<\/div>\n<\/div>\n","protected":false},"excerpt":{"rendered":"<p>M\u00e1s de 1300 cruceristas llegan esta semana a Ushuaia El puerto de Ushuaia contin\u00faa recibiendo buques tur\u00edsticos en<\/p>\n","protected":false},"author":8,"featured_media":8923,"comment_status":"open","ping_status":"open","sticky":false,"template":"","format":"standard","meta":{"footnotes":""},"categories":[23,21],"tags":[634,3286],"class_list":["post-8922","post","type-post","status-publish","format-standard","has-post-thumbnail","hentry","category-turismo","category-ushuaia","tag-cruceros","tag-temporada-estival"],"featured_image_urls":{"full":["https:\/\/opinionpublica.com.ar\/index\/wp-content\/uploads\/2025\/03\/photo_4994762179307744981_y-980x653-crucero-gente.jpg",980,653,false],"thumbnail":["https:\/\/opinionpublica.com.ar\/index\/wp-content\/uploads\/2025\/03\/photo_4994762179307744981_y-980x653-crucero-gente-150x150.jpg",150,150,true],"medium":["https:\/\/opinionpublica.com.ar\/index\/wp-content\/uploads\/2025\/03\/photo_4994762179307744981_y-980x653-crucero-gente-300x200.jpg",300,200,true],"medium_large":["https:\/\/opinionpublica.com.ar\/index\/wp-content\/uploads\/2025\/03\/photo_4994762179307744981_y-980x653-crucero-gente-768x512.jpg",640,427,true],"large":["https:\/\/opinionpublica.com.ar\/index\/wp-content\/uploads\/2025\/03\/photo_4994762179307744981_y-980x653-crucero-gente.jpg",640,426,false],"1536x1536":["https:\/\/opinionpublica.com.ar\/index\/wp-content\/uploads\/2025\/03\/photo_4994762179307744981_y-980x653-crucero-gente.jpg",980,653,false],"2048x2048":["https:\/\/opinionpublica.com.ar\/index\/wp-content\/uploads\/2025\/03\/photo_4994762179307744981_y-980x653-crucero-gente.jpg",980,653,false],"morenews-large":["https:\/\/opinionpublica.com.ar\/index\/wp-content\/uploads\/2025\/03\/photo_4994762179307744981_y-980x653-crucero-gente-825x575.jpg",825,575,true],"morenews-medium":["https:\/\/opinionpublica.com.ar\/index\/wp-content\/uploads\/2025\/03\/photo_4994762179307744981_y-980x653-crucero-gente-590x410.jpg",590,410,true]},"author_info":{"display_name":"RKing","author_link":"https:\/\/opinionpublica.com.ar\/index\/author\/rking\/"},"category_info":"<a href=\"https:\/\/opinionpublica.com.ar\/index\/category\/turismo\/\" rel=\"category tag\">Turismo<\/a> <a href=\"https:\/\/opinionpublica.com.ar\/index\/category\/ushuaia\/\" rel=\"category tag\">Ushuaia<\/a>","tag_info":"Ushuaia","comment_count":"0","_links":{"self":[{"href":"https:\/\/opinionpublica.com.ar\/index\/wp-json\/wp\/v2\/posts\/8922","targetHints":{"allow":["GET"]}}],"collection":[{"href":"https:\/\/opinionpublica.com.ar\/index\/wp-json\/wp\/v2\/posts"}],"about":[{"href":"https:\/\/opinionpublica.com.ar\/index\/wp-json\/wp\/v2\/types\/post"}],"author":[{"embeddable":true,"href":"https:\/\/opinionpublica.com.ar\/index\/wp-json\/wp\/v2\/users\/8"}],"replies":[{"embeddable":true,"href":"https:\/\/opinionpublica.com.ar\/index\/wp-json\/wp\/v2\/comments?post=8922"}],"version-history":[{"count":1,"href":"https:\/\/opinionpublica.com.ar\/index\/wp-json\/wp\/v2\/posts\/8922\/revisions"}],"predecessor-version":[{"id":8924,"href":"https:\/\/opinionpublica.com.ar\/index\/wp-json\/wp\/v2\/posts\/8922\/revisions\/8924"}],"wp:featuredmedia":[{"embeddable":true,"href":"https:\/\/opinionpublica.com.ar\/index\/wp-json\/wp\/v2\/media\/8923"}],"wp:attachment":[{"href":"https:\/\/opinionpublica.com.ar\/index\/wp-json\/wp\/v2\/media?parent=8922"}],"wp:term":[{"taxonomy":"category","embeddable":true,"href":"https:\/\/opinionpublica.com.ar\/index\/wp-json\/wp\/v2\/categories?post=8922"},{"taxonomy":"post_tag","embeddable":true,"href":"https:\/\/opinionpublica.com.ar\/index\/wp-json\/wp\/v2\/tags?post=8922"}],"curies":[{"name":"wp","href":"https:\/\/api.w.org\/{rel}","templated":true}]}}