{"id":899,"date":"2024-03-20T21:14:14","date_gmt":"2024-03-20T21:14:14","guid":{"rendered":"https:\/\/opinionpublica.com.ar\/index\/?p=899"},"modified":"2024-03-20T21:14:14","modified_gmt":"2024-03-20T21:14:14","slug":"en-2020-tribunal-de-cuentas-pidio-denunciar-penalmente-a-los-concejales-de-tolhuin-por-sus-gastos","status":"publish","type":"post","link":"https:\/\/opinionpublica.com.ar\/index\/en-2020-tribunal-de-cuentas-pidio-denunciar-penalmente-a-los-concejales-de-tolhuin-por-sus-gastos\/","title":{"rendered":"En 2020 Tribunal de Cuentas pidi\u00f3 denunciar penalmente a los concejales de Tolhuin por sus gastos"},"content":{"rendered":"<p>Nuevos informes de los escandalosos gastos de actuales concejales de Tolhuin en gestiones anteriores se conocieron, ademas junto con ello un informe del Tribunal de Cuentas de la Provincia que en 2020 ped\u00eda denunciar este tipo de situaciones.<\/p>\n<p>El informe 111 del a\u00f1o 2020 del Tribunal de Cuentas notifica a la presidenta del Concejo Deliberante de ese entonces y actual concejal, Jeanette Alderete, de las irregularidades y de que se deb\u00eda denunciar penalmente.<\/p>\n<p>Asimismo se hac\u00eda extensivo el pedido tambi\u00e9n a la presidente de la Obra Social Mariana Hruby y al por entonces presidente de la Caja Previsional, Leonardo G\u00f3mez, en raz\u00f3n de que \u201cel endeudamiento registrado en el per\u00edodo anterior, de la presidencia de Mat\u00edas Rodr\u00edguez -hoy tambi\u00e9n presidente del cuerpo-, con la falta del pago de aportes personales retenidos salarialmente a los trabajadores de la instituci\u00f3n.<\/p>\n<p>\u201cLos fondos adeudados fueron desviados para otros fines por fuera de lo permitido por las leyes y reglamentaciones correspondientes, se podr\u00eda estar frente a un delito por parte de los funcionarios actuantes\u201d, se\u00f1ala el informe que en 2020 marcaba las numerosas irregularidades que databan del a\u00f1os anterior.<\/p>\n<p>\u201cResulta necesario indagar sobre ello ante las implicancias penales que podr\u00eda tener\u201d, advert\u00eda el tribunal, debido a la \u201capropiaci\u00f3n indebida de fondos de la seguridad social\u201d, expresaba respecto de lo adeudado.<\/p>\n<p>El informe dio parte a las reparticiones fiscalizadoras de la seguridad social pero mas all\u00e1 de esto consider\u00f3 \u201cel hecho denunciado constituye un il\u00edcito penal, proceda en consecuencia a formular la pertinente denuncia ante la autoridad correspondiente\u201d.<\/p>\n<p>&nbsp;<\/p>\n","protected":false},"excerpt":{"rendered":"<p>Nuevos informes de los escandalosos gastos de actuales concejales de Tolhuin en gestiones anteriores se conocieron, ademas junto<\/p>\n","protected":false},"author":8,"featured_media":900,"comment_status":"open","ping_status":"open","sticky":false,"template":"","format":"standard","meta":{"footnotes":""},"categories":[22],"tags":[286,232,13,138],"class_list":["post-899","post","type-post","status-publish","format-standard","has-post-thumbnail","hentry","category-tolhuin","tag-concejales","tag-denuncia","tag-tolhuin","tag-tribunal-de-cuentas"],"featured_image_urls":{"full":["https:\/\/opinionpublica.com.ar\/index\/wp-content\/uploads\/2024\/03\/tolhuin2.jpg",275,183,false],"thumbnail":["https:\/\/opinionpublica.com.ar\/index\/wp-content\/uploads\/2024\/03\/tolhuin2-150x150.jpg",150,150,true],"medium":["https:\/\/opinionpublica.com.ar\/index\/wp-content\/uploads\/2024\/03\/tolhuin2.jpg",275,183,false],"medium_large":["https:\/\/opinionpublica.com.ar\/index\/wp-content\/uploads\/2024\/03\/tolhuin2.jpg",275,183,false],"large":["https:\/\/opinionpublica.com.ar\/index\/wp-content\/uploads\/2024\/03\/tolhuin2.jpg",275,183,false],"1536x1536":["https:\/\/opinionpublica.com.ar\/index\/wp-content\/uploads\/2024\/03\/tolhuin2.jpg",275,183,false],"2048x2048":["https:\/\/opinionpublica.com.ar\/index\/wp-content\/uploads\/2024\/03\/tolhuin2.jpg",275,183,false],"morenews-large":["https:\/\/opinionpublica.com.ar\/index\/wp-content\/uploads\/2024\/03\/tolhuin2.jpg",275,183,false],"morenews-medium":["https:\/\/opinionpublica.com.ar\/index\/wp-content\/uploads\/2024\/03\/tolhuin2.jpg",275,183,false]},"author_info":{"display_name":"RKing","author_link":"https:\/\/opinionpublica.com.ar\/index\/author\/rking\/"},"category_info":"<a href=\"https:\/\/opinionpublica.com.ar\/index\/category\/tolhuin\/\" rel=\"category tag\">Tolhuin<\/a>","tag_info":"Tolhuin","comment_count":"0","_links":{"self":[{"href":"https:\/\/opinionpublica.com.ar\/index\/wp-json\/wp\/v2\/posts\/899","targetHints":{"allow":["GET"]}}],"collection":[{"href":"https:\/\/opinionpublica.com.ar\/index\/wp-json\/wp\/v2\/posts"}],"about":[{"href":"https:\/\/opinionpublica.com.ar\/index\/wp-json\/wp\/v2\/types\/post"}],"author":[{"embeddable":true,"href":"https:\/\/opinionpublica.com.ar\/index\/wp-json\/wp\/v2\/users\/8"}],"replies":[{"embeddable":true,"href":"https:\/\/opinionpublica.com.ar\/index\/wp-json\/wp\/v2\/comments?post=899"}],"version-history":[{"count":1,"href":"https:\/\/opinionpublica.com.ar\/index\/wp-json\/wp\/v2\/posts\/899\/revisions"}],"predecessor-version":[{"id":901,"href":"https:\/\/opinionpublica.com.ar\/index\/wp-json\/wp\/v2\/posts\/899\/revisions\/901"}],"wp:featuredmedia":[{"embeddable":true,"href":"https:\/\/opinionpublica.com.ar\/index\/wp-json\/wp\/v2\/media\/900"}],"wp:attachment":[{"href":"https:\/\/opinionpublica.com.ar\/index\/wp-json\/wp\/v2\/media?parent=899"}],"wp:term":[{"taxonomy":"category","embeddable":true,"href":"https:\/\/opinionpublica.com.ar\/index\/wp-json\/wp\/v2\/categories?post=899"},{"taxonomy":"post_tag","embeddable":true,"href":"https:\/\/opinionpublica.com.ar\/index\/wp-json\/wp\/v2\/tags?post=899"}],"curies":[{"name":"wp","href":"https:\/\/api.w.org\/{rel}","templated":true}]}}