{"id":9025,"date":"2025-03-17T09:58:30","date_gmt":"2025-03-17T12:58:30","guid":{"rendered":"https:\/\/opinionpublica.com.ar\/index\/?p=9025"},"modified":"2025-03-17T09:58:30","modified_gmt":"2025-03-17T12:58:30","slug":"queremos-mostrar-que-tenemos-equipo-en-la-provincia-y-que-estamos-bien-consolidados","status":"publish","type":"post","link":"https:\/\/opinionpublica.com.ar\/index\/queremos-mostrar-que-tenemos-equipo-en-la-provincia-y-que-estamos-bien-consolidados\/","title":{"rendered":"QUEREMOS MOSTRAR QUE TENEMOS EQUIPO EN LA PROVINCIA Y QUE ESTAMOS BIEN CONSOLIDADOS\u201d"},"content":{"rendered":"<header class=\"entry-header\">\n<p class=\"entry-title\"><strong>QUEREMOS MOSTRAR QUE TENEMOS EQUIPO EN LA PROVINCIA Y QUE ESTAMOS BIEN CONSOLIDADOS\u201d<\/strong><\/p>\n<\/header>\n<div class=\"entry-content clearfix\">\n<p>La concejala Bel\u00e9n Montes de Oca celebr\u00f3 la apertura de la sede partidaria en la margen sur este fin de semana, y asegur\u00f3 que hay en la provincia un equipo \u201cbien consolidado\u201d. Explic\u00f3 su pase al mile\u00edsmo luego de haber ingresado por Juntos por el Cambio, a partir del rumbo que tom\u00f3 la UCR. Tambi\u00e9n se refiri\u00f3 a la sesi\u00f3n del pasado jueves y la calific\u00f3 como \u201cun papel\u00f3n\u201d, por no haber logrado el pase a comisi\u00f3n de sus proyectos, que fueron girados como comunicaci\u00f3n a bloques.<\/p>\n<p><a href=\"https:\/\/opinionpublica.com.ar\/index\/wp-content\/uploads\/2024\/08\/montes-de-oca.jpg\"><img fetchpriority=\"high\" decoding=\"async\" class=\"alignnone size-full wp-image-4822\" src=\"https:\/\/opinionpublica.com.ar\/index\/wp-content\/uploads\/2024\/08\/montes-de-oca.jpg\" alt=\"\" width=\"1000\" height=\"729\" srcset=\"https:\/\/opinionpublica.com.ar\/index\/wp-content\/uploads\/2024\/08\/montes-de-oca.jpg 1000w, https:\/\/opinionpublica.com.ar\/index\/wp-content\/uploads\/2024\/08\/montes-de-oca-300x219.jpg 300w, https:\/\/opinionpublica.com.ar\/index\/wp-content\/uploads\/2024\/08\/montes-de-oca-768x560.jpg 768w\" sizes=\"(max-width: 1000px) 100vw, 1000px\" \/><\/a><\/p>\n<p>Cuestion\u00f3 la falta de acceso a la informaci\u00f3n ante respuestas que no se dan a los pedidos de informe. Adem\u00e1s, adelant\u00f3 m\u00e1s impuestazos del municipio, luego de la suba del automotor al se\u00f1alar que \u201cfue el tema del verano porque de un d\u00eda para el otro nos encontramos con el aumento de la patente en un 300%.<\/p>\n<p>R\u00edo Grande.- La concejala de La Libertad Avanza, Bel\u00e9n Montes de Oca, fue consultada en el programa \u2018Buscando el Equilibrio\u2019 por Radio Provincia sobre su pase al mile\u00edsmo y la apertura de la sede en esta ciudad. \u201cJuntos por el Cambio, que nos llev\u00f3 a la banca, se desarm\u00f3 y de los cuatro partidos qued\u00f3 el PRO y la UCR. Con el devenir del tiempo la UCR fue por un carril diferente al nuestro. Durante todo el 2024 trabajamos en conjunto con los legisladores de La Libertad Avanza para consolidar el espacio y este es el fin del cuento. El mensaje que queremos dar es que estamos todos trabajando en este proyecto de pa\u00eds, que creemos que es el correcto\u201d, dijo.<\/p>\n<p>\u201cSe dio tambi\u00e9n la incorporaci\u00f3n de Patricia Bullrich al espacio y nos sumamos a esa ola. Estamos convencidos de que hay dos caminos, el anterior y el actual, y por supuesto nosotros acompa\u00f1amos este cambio, que eligi\u00f3 la gente\u201d, subray\u00f3.<\/p>\n<p>El objetivo es \u201cmostrar el trabajo que hacemos y representar las ideas del presidente en la provincia. Hay que entender lo que eligi\u00f3 la gente y La Libertad Avanza viene a arrasar con la figura de Milei, ganando en todas las provincias. A la gente no le importa el color pol\u00edtico y lo que se juega es el proyecto pol\u00edtico. Todos los que quieran sumarse son bienvenidos y no importa del partido pol\u00edtico que vengan, siempre que est\u00e9n en la l\u00ednea de acompa\u00f1ar al presidente. Eso es lo que nos quiso decir la gente cuando vot\u00f3 y quiere ver cambios reales\u201d, sostuvo.<\/p>\n<p>\u201cTuvimos un gran acompa\u00f1amiento cuando vinieron a Ushuaia Mart\u00edn Menem y Karina Milei y se ha abierto una sede de La Libertad Avanza en R\u00edo Grande. Todos los d\u00edas se suma alguien nuevo\u201d, asegur\u00f3.<\/p>\n<p>Destac\u00f3 que \u201chay un gran trabajo de La Libertad Avanza en R\u00edo Grande, Miguel Rodr\u00edguez desde el primer d\u00eda se puso esto al hombro y su proyecto era abrir la sede en la margen sur, que fue el barrio donde m\u00e1s votos tuvo el presidente Milei. Queremos mostrar que tenemos equipo en la provincia y que estamos bien consolidados\u201d.<\/p>\n<p>Cabe se\u00f1alar que a pesar de su pase a LLA, no sufri\u00f3 la eliminaci\u00f3n de sus asesores como fue el caso de Daiana Freiberger. \u201cNo me pas\u00f3 lo mismo porque la interpretaci\u00f3n que hacen es que yo cambi\u00e9 el nombre de un bloque y no romp\u00ed un bloque. A la concejala Freiberger le dicen que rompi\u00f3 el bloque y que los contratados eran del bloque. Es bastante discriminatorio y no habr\u00eda que ser tan mezquino pol\u00edticamente\u201d, consider\u00f3.<\/p>\n<p>\u201cLos concejales tenemos entre ocho y diez asesores, y el sueldo bruto de un concejal es un mill\u00f3n ochocientos mil pesos. Los sueldos de las personas que trabajan con los concejales son muy bajos y la categor\u00eda m\u00e1xima que es la 24 est\u00e1 entre 700 y 800 mil pesos\u201d, precis\u00f3.<\/p>\n<p>\u201cEsta es la primera gesti\u00f3n con diez concejales y hubo que salir a buscar lugares. Tenemos alquilado un edificio muy c\u00f3modo y antes cada concejal ten\u00eda dos departamentos. Ahora nos ubicamos con lo que tenemos y algunos concejales tuvieron que buscar oficina alrededor del Concejo. Est\u00e1 el proyecto para terminar la obra del Concejo Deliberante para sesionar ah\u00ed, mientras tanto pedimos prestada la Legislatura o nos vamos a sesionar a los barrios, y es bueno movilizarse\u201d, se\u00f1al\u00f3 sobre la situaci\u00f3n de la infraestructura para funcionar.<\/p>\n<p>&nbsp;<\/p>\n<p><strong>\u201cUn papel\u00f3n\u201d<\/strong><\/p>\n<p>Por otra parte se refiri\u00f3 a la sesi\u00f3n del jueves, que calific\u00f3 como \u201cun papel\u00f3n\u201d, porque \u201clos proyectos de La Libertad Avanza fueron enviados a conocimiento de bloques, que es una instancia donde ni siquiera giran a comisi\u00f3n para ser debatidos. Nos expresamos al respecto porque no es conforme al procedimiento, pero el oficialismo, ayudado por los concejales de FORJA, aplica la mayor\u00eda de seis concejales sobre diez. Algunos proyectos de Somos Fueguinos tampoco fueron aceptados, y es lamentable. No nos sorprende y uno va a seguir intentando\u201d.<\/p>\n<p>\u201cAl no debatir los proyectos se violan todos los principios constitucionales y mi derecho a exponer mis ideas. A las comisiones van los vecinos y dan su opini\u00f3n, pero en este caso no se puede opinar sobre algo\u201d, cuestion\u00f3.<\/p>\n<p>\u201cCuando arrancamos en 2024 hab\u00eda m\u00e1s di\u00e1logo, pero se fue perdiendo. Tampoco nos ponemos de acuerdo en la comisi\u00f3n de Labor Parlamentaria, que es cerrada. Cada vez hay menos di\u00e1logo y es lamentable\u201d, expres\u00f3.<\/p>\n<p>La falta de respuesta ha llevado a la judicializaci\u00f3n. \u201cEl bloque de Somos Fueguinos se present\u00f3 en la justicia y hay un fallo in\u00e9dito que responsabiliza al municipio por no contestar pedidos de informe. Le ordena no solamente enviar informaci\u00f3n, sino que esa informaci\u00f3n realmente responda a la pregunta que realiza el Concejo Deliberante. Tienen que responder sobre la delegaci\u00f3n de Buenos Aires, c\u00f3mo est\u00e1 compuesta y cu\u00e1les son sus funciones\u201d, puntualiz\u00f3.<\/p>\n<p>Para la edil \u201cno se entiende la estrategia del oficialismo, porque queda en evidencia que no quieren transparentar algunas cosas. Cuando no nos aprueban los pedidos de informe vamos por la ley de acceso a la informaci\u00f3n, como lo puede hacer cualquier vecino, pero es muy engorroso. Nos han contestado que los funcionarios no estaban para eso, que hac\u00edamos muchas preguntas, pero hay trece secretar\u00edas con subsecretarios, directores, que pueden responder. Nuestra funci\u00f3n es controlar\u201d, enfatiz\u00f3.<\/p>\n<p>&nbsp;<\/p>\n<p><strong>Personal en R\u00edo Grande<\/strong><\/p>\n<p>Tambi\u00e9n expuso la inquietud por conocer la tarea que realiza el personal del municipio en la zona norte. \u201cSabemos que hay empleados en R\u00edo Grande pero no sabemos cu\u00e1l es su funci\u00f3n, y algunos son de la UISE. La UISE tiene muchos empleados y los salarios son bastante altos con respecto a lo que gana un empleado municipal, porque deben tener entre un 20 y un 25% de diferencia. Es una empresa del Estado que es deficitaria, porque le agregan servicios de limpieza y vigilancia que la hacen m\u00e1s deficitaria. Ese d\u00e9ficit lo cubre la municipalidad con dinero de los contribuyentes\u201d, dijo.<\/p>\n<p>\u201cNosotros acompa\u00f1amos el presupuesto, para poder ejercer el control. Cuando estudiamos el proyecto manifestamos las deficiencias que encontramos, porque faltaban muchos desagregados. Hay cosas que no se quieren transparentar. El a\u00f1o pasado tuvimos toda una lucha para que publiquen en orden los actos administrativos en el Bolet\u00edn Oficial, y es una lucha diaria conseguir la informaci\u00f3n. Hay contrataciones que se est\u00e1n ejecutando de convenios que nunca se publicaron y no se sabe en base a qu\u00e9 salen a contratar. Ah\u00ed hacemos el pedido de informe\u201d, explic\u00f3.<\/p>\n<p>Agreg\u00f3 que \u201chay fideicomisos investigados porque nunca llegaron a nada y no ejecutaron absolutamente nada. Hay un mont\u00f3n de cosas para desarmar ah\u00ed adentro\u201d.<\/p>\n<p>&nbsp;<\/p>\n<p><strong>Aporte desigual<\/strong><\/p>\n<p>Respecto del reclamo del intendente de R\u00edo Grande al gobierno, manifest\u00f3 que debe haber equidad. El a\u00f1o pasado hubo un aporte de tres mil millones para Ushuaia y \u201cese dinero surgi\u00f3 de la aprobaci\u00f3n de la emergencia vial, que tiene tres etapas. La primera se pag\u00f3 con el dinero que vino de la provincia y las otras dos se van a hacer con dinero del municipio. Lo celebramos porque finalmente se enteraron de que la plata de los contribuyentes es para obras. Fue un anuncio del intendente que el Ejecutivo va a colaborar con la ciudad de Ushuaia, remitiendo fondos, y estaremos en alerta porque hay fondos que son de la provincia y por lo que dijo el intendente van a remitir m\u00e1s\u201d, se\u00f1al\u00f3 de los 1.200 millones para obras viales.<\/p>\n<p>\u201cNosotros somos concejales de Ushuaia, nos gusta que la ciudad est\u00e9 linda y, cuantas m\u00e1s obras se hagan, mejor, pero tambi\u00e9n somos fueguinos y hay que ver por qu\u00e9 el gobierno no env\u00eda fondos a R\u00edo Grande y a Tolhuin. Eso lo estamos trabajando con los legisladores. Los legisladores Coto y Gracian\u00eda nos dicen que est\u00e1n luchando para que se pague a la OSEF y env\u00edan fondos para una sola de las tres ciudades\u201d, critic\u00f3.<\/p>\n<p>Volviendo sobre la informaci\u00f3n, aclar\u00f3 que \u201clos concejales Pelloli y Garay tienen la intenci\u00f3n de contarnos lo que piensan cuando nosotros preguntamos por alg\u00fan proyecto o presentamos alg\u00fan pedido, pero ahora est\u00e1n en su rol de concejales. Las respuestas las tiene que dar el Ejecutivo, para respetar la divisi\u00f3n de poderes\u201d.<\/p>\n<p>&nbsp;<\/p>\n<p><strong>Perjuicio al turismo<\/strong><\/p>\n<p>Por otra parte se la consult\u00f3 sobre la prohibici\u00f3n a colectivos de gran porte de circular por el centro de la ciudad y la Ecotasa. \u201cFue aprobado en sesi\u00f3n y por supuesto no acompa\u00f1amos, porque va en desmedro de la actividad tur\u00edstica. Finalmente fue vetado, se acept\u00f3 el veto y ya no est\u00e1 en discusi\u00f3n. Tampoco deber\u00eda estar en discusi\u00f3n el ENUTUR, que volvi\u00f3 a comisi\u00f3n, y tiene adentro disfrazada una ecotasa. Por ahora no estamos dando el debate y es un tema completamente acabado desde mi punto de vista. Hay antecedentes jurisprudenciales y estas discusiones deber\u00edan licuarse. Ya se vot\u00f3 por la negativa y no s\u00e9 si se atrever\u00edan a volver a hablar del tema\u201d, baraj\u00f3.<\/p>\n<p>&nbsp;<\/p>\n<p><strong>Aumento de impuestos<\/strong><\/p>\n<p>La concejala adelant\u00f3 m\u00e1s impuestazos del municipio, luego de la suba del automotor. \u201cFue el tema del verano porque de un d\u00eda para el otro nos encontramos con el aumento de la patente en un 300%. Nosotros tenemos una ordenanza que establece c\u00f3mo debe ser el aumento, y tiene que ver con el valor del veh\u00edculo. Cuando asumi\u00f3 el intendente Vuoto eso lo congel\u00f3 y la patente que se ven\u00eda pagando ten\u00eda el valor de un veh\u00edculo en 2016. Ahora se descongel\u00f3 esto y la patente subi\u00f3 de un d\u00eda para el otro. Esto se debe a que se toman medidas pol\u00edticas en un momento y luego no se pueden sostener. Estamos esperando que pase lo mismo con el impuesto inmobiliario, que se va a sentir much\u00edsimo. El Ejecutivo decidi\u00f3 aumentar las tarifas de todo, el uso de espacios deportivos, el matadero, la planta de crust\u00e1ceos. Hay un proyecto en comisi\u00f3n para aumentar todos los tr\u00e1mites que se hacen en el municipio, desde una fotocopia al carnet de conducir, a la inversa del rumbo nacional\u201d, contrast\u00f3.<\/p>\n<p>\u201cEso que paga el vecino no se ve en la calle. Lo que vemos son muchos eventos, sonido, iluminaci\u00f3n, pero el dinero no est\u00e1 puesto donde los vecinos lo necesitan, que es el mejoramiento de la traza urbana. El intendente anunci\u00f3 que la fiesta de la noche m\u00e1s larga va a ser con artistas nacionales y no s\u00e9 si estamos en condiciones de solventar ese gasto. No tenemos un sistema de emergencia veterinaria, la ciudad sigue rota y fea, llena de pozos, y todav\u00eda nos falta el invierno\u201d, advirti\u00f3.<\/p>\n<p>A modo de ejemplo, dijo que \u201cen el carnaval se gastaron 50 millones de pesos en cuatro horas, en sonido, iluminaci\u00f3n y catering. El municipio puede aportar de otra manera, cortando el tr\u00e1nsito o poniendo seguridad\u201d.<\/p>\n<p>\u201cAdem\u00e1s hay incorporaci\u00f3n de personal pol\u00edtico, y no se va a poder aumentar el salario de los trabajadores, que est\u00e1n bajo la l\u00ednea de la pobreza. No llegan al alquiler de una casa con dos habitaciones, con 800 mil pesos que cobra el que reci\u00e9n ingresa\u201d, plante\u00f3.<\/p>\n<p>\u201cHay personal pol\u00edtico en Ushuaia, en R\u00edo Grande, en Buenos Aires y en una delegaci\u00f3n en C\u00f3rdoba. Por eso pedimos informes sobre las misiones y funciones\u201d, apunt\u00f3.<\/p>\n<p>&nbsp;<\/p>\n<p><strong>Planta de asfalto<\/strong><\/p>\n<p>En cuanto a la planta de asfalto, con la cual el municipio se ahorrar\u00eda el 40%, cuestion\u00f3 el tiempo que no estuvo funcionando. \u201cLa planta de asfalto est\u00e1 en funcionamiento desde hace dos semanas y el intendente ha dicho que se va a ahorrar un 40% de costos. Quiere decir que, desde que est\u00e1 el intendente y no funciona la planta, perdimos mucho dinero\u201d, sostuvo.<\/p>\n<p>&nbsp;<\/p>\n<p><strong>Usurpaci\u00f3n de tierras<\/strong><\/p>\n<p>Asimismo, lament\u00f3 la falta de planificaci\u00f3n de la ciudad. \u201cSiempre vamos detr\u00e1s del problema, de la usurpaci\u00f3n, con el hecho consumado. Falta planificaci\u00f3n y a principios del a\u00f1o pasado pedimos una mesa con el Ejecutivo, el Colegio de Arquitectos, el Colegio de Ingenieros, para planificar la ciudad, viendo d\u00f3nde hay factibilidad de servicios. Se est\u00e1 pensando en ampliar el ejido urbano para que entre m\u00e1s gente y no sabemos lo que tenemos ahora\u201d, manifest\u00f3.<\/p>\n<p>\u201cEn Ushuaia no tenemos luz para los que vivimos ah\u00ed. Hay proyectos para construir cinco hoteles pero todav\u00eda se est\u00e1 analizando si van a tener la previsibilidad de servicios. Muchas inversiones est\u00e1n supeditadas a la posibilidad de contar con los servicios. Hay expectativas de acceder a una nueva usina y eso va a definir si los inversores van a Ushuaia\u201d, concluy\u00f3.<\/p>\n<\/div>\n","protected":false},"excerpt":{"rendered":"<p>QUEREMOS MOSTRAR QUE TENEMOS EQUIPO EN LA PROVINCIA Y QUE ESTAMOS BIEN CONSOLIDADOS\u201d La concejala Bel\u00e9n Montes de<\/p>\n","protected":false},"author":8,"featured_media":3128,"comment_status":"open","ping_status":"open","sticky":false,"template":"","format":"standard","meta":{"footnotes":""},"categories":[21],"tags":[378,311,757],"class_list":["post-9025","post","type-post","status-publish","format-standard","has-post-thumbnail","hentry","category-ushuaia","tag-belen-monte-de-oca","tag-concejal","tag-la-libertad-avanza"],"featured_image_urls":{"full":["https:\/\/opinionpublica.com.ar\/index\/wp-content\/uploads\/2024\/05\/belen-montes-de-oca.jpg",880,506,false],"thumbnail":["https:\/\/opinionpublica.com.ar\/index\/wp-content\/uploads\/2024\/05\/belen-montes-de-oca-150x150.jpg",150,150,true],"medium":["https:\/\/opinionpublica.com.ar\/index\/wp-content\/uploads\/2024\/05\/belen-montes-de-oca-300x173.jpg",300,173,true],"medium_large":["https:\/\/opinionpublica.com.ar\/index\/wp-content\/uploads\/2024\/05\/belen-montes-de-oca-768x442.jpg",640,368,true],"large":["https:\/\/opinionpublica.com.ar\/index\/wp-content\/uploads\/2024\/05\/belen-montes-de-oca.jpg",640,368,false],"1536x1536":["https:\/\/opinionpublica.com.ar\/index\/wp-content\/uploads\/2024\/05\/belen-montes-de-oca.jpg",880,506,false],"2048x2048":["https:\/\/opinionpublica.com.ar\/index\/wp-content\/uploads\/2024\/05\/belen-montes-de-oca.jpg",880,506,false],"morenews-large":["https:\/\/opinionpublica.com.ar\/index\/wp-content\/uploads\/2024\/05\/belen-montes-de-oca-825x506.jpg",825,506,true],"morenews-medium":["https:\/\/opinionpublica.com.ar\/index\/wp-content\/uploads\/2024\/05\/belen-montes-de-oca-590x410.jpg",590,410,true]},"author_info":{"display_name":"RKing","author_link":"https:\/\/opinionpublica.com.ar\/index\/author\/rking\/"},"category_info":"<a href=\"https:\/\/opinionpublica.com.ar\/index\/category\/ushuaia\/\" rel=\"category tag\">Ushuaia<\/a>","tag_info":"Ushuaia","comment_count":"0","_links":{"self":[{"href":"https:\/\/opinionpublica.com.ar\/index\/wp-json\/wp\/v2\/posts\/9025","targetHints":{"allow":["GET"]}}],"collection":[{"href":"https:\/\/opinionpublica.com.ar\/index\/wp-json\/wp\/v2\/posts"}],"about":[{"href":"https:\/\/opinionpublica.com.ar\/index\/wp-json\/wp\/v2\/types\/post"}],"author":[{"embeddable":true,"href":"https:\/\/opinionpublica.com.ar\/index\/wp-json\/wp\/v2\/users\/8"}],"replies":[{"embeddable":true,"href":"https:\/\/opinionpublica.com.ar\/index\/wp-json\/wp\/v2\/comments?post=9025"}],"version-history":[{"count":1,"href":"https:\/\/opinionpublica.com.ar\/index\/wp-json\/wp\/v2\/posts\/9025\/revisions"}],"predecessor-version":[{"id":9026,"href":"https:\/\/opinionpublica.com.ar\/index\/wp-json\/wp\/v2\/posts\/9025\/revisions\/9026"}],"wp:featuredmedia":[{"embeddable":true,"href":"https:\/\/opinionpublica.com.ar\/index\/wp-json\/wp\/v2\/media\/3128"}],"wp:attachment":[{"href":"https:\/\/opinionpublica.com.ar\/index\/wp-json\/wp\/v2\/media?parent=9025"}],"wp:term":[{"taxonomy":"category","embeddable":true,"href":"https:\/\/opinionpublica.com.ar\/index\/wp-json\/wp\/v2\/categories?post=9025"},{"taxonomy":"post_tag","embeddable":true,"href":"https:\/\/opinionpublica.com.ar\/index\/wp-json\/wp\/v2\/tags?post=9025"}],"curies":[{"name":"wp","href":"https:\/\/api.w.org\/{rel}","templated":true}]}}