{"id":9027,"date":"2025-03-17T10:12:30","date_gmt":"2025-03-17T13:12:30","guid":{"rendered":"https:\/\/opinionpublica.com.ar\/index\/?p=9027"},"modified":"2025-03-17T10:12:30","modified_gmt":"2025-03-17T13:12:30","slug":"cayo-la-cantidad-de-pasajeros-transportados-en-febrero-2025-contra-enero-25","status":"publish","type":"post","link":"https:\/\/opinionpublica.com.ar\/index\/cayo-la-cantidad-de-pasajeros-transportados-en-febrero-2025-contra-enero-25\/","title":{"rendered":"Cay\u00f3 la cantidad de pasajeros transportados en febrero 2025 contra enero 25"},"content":{"rendered":"<div class=\"newsmag-custom-header newsmag-custom-header-single-post\">\n<div class=\"container\">\n<div class=\"row\">\n<div class=\"col-xs-12\">\n<p><strong>Cay\u00f3 la cantidad de pasajeros transportados en febrero 2025 contra enero 25. Respecto al mismo mes del a\u00f1o 2024 si hubo crecimiento<\/strong><\/p>\n<\/div>\n<\/div>\n<\/div>\n<\/div>\n<div class=\"container newsmag-breadcrumbs-container\">\n<div class=\"row newsmag-breadcrumbs-row\">\n<div class=\"col-xs-12\">\n<div class=\"newsmag-breadcrumbs\"><span class=\"breadcrumb-leaf\">Cay\u00f3 la cantidad de pasajeros transportados en febrero 2025 contra enero 25. Respecto al mismo mes del a\u00f1o 2024 si hubo crecimiento<\/span><\/div>\n<\/div>\n<\/div>\n<\/div>\n<div class=\"container\">\n<div class=\"row\">\n<div id=\"primary\" class=\"content-area col-lg-8 col-md-8 col-xs-12 newsmag-sidebar\"><main id=\"main\" class=\"site-main\" role=\"main\"><\/p>\n<div class=\"row newsmag-article-post \">\n<div class=\"col-md-12\">\n<article id=\"post-41768\" class=\"post-41768 post type-post status-publish format-standard has-post-thumbnail hentry category-destacadas tag-anac-2 tag-estadisticas tag-febrero tag-pasajeros\">\n<div class=\"entry-content\">\n<p>Las estad\u00edsticas de ANAC indican que durante febrero 2025 se transportaron 4.102.696 pasajeros en los aeropuertos de todo el pa\u00eds. En el mercado dom\u00e9stico en febrero25 contra el 2024: Aerol\u00edneas Arg perdi\u00f3 102.330 pasajeros, JetSmart gano 122.620 y Flybondi sumo 18.011.<\/p>\n<p><a href=\"https:\/\/opinionpublica.com.ar\/index\/wp-content\/uploads\/2025\/03\/IMG_20250205_110317-768x520-aeropuerto.jpg\"><img fetchpriority=\"high\" decoding=\"async\" class=\"alignnone size-full wp-image-9029\" src=\"https:\/\/opinionpublica.com.ar\/index\/wp-content\/uploads\/2025\/03\/IMG_20250205_110317-768x520-aeropuerto.jpg\" alt=\"\" width=\"768\" height=\"520\" srcset=\"https:\/\/opinionpublica.com.ar\/index\/wp-content\/uploads\/2025\/03\/IMG_20250205_110317-768x520-aeropuerto.jpg 768w, https:\/\/opinionpublica.com.ar\/index\/wp-content\/uploads\/2025\/03\/IMG_20250205_110317-768x520-aeropuerto-300x203.jpg 300w\" sizes=\"(max-width: 768px) 100vw, 768px\" \/><\/a><\/p>\n<p>Si bien durante el segundo mes del a\u00f1o la cantidad de pasajeros transportados cayo respecto a enero 2025, la cifra alcanzada durante febrero para el mercado de cabotaje en aeropuertos del pa\u00eds alcanz\u00f3 los 2.703.828, superando en un 3% el r\u00e9cord anterior de febrero de 2024, cuando se registraron 2.614.943.<\/p>\n<p>Por su parte, en los vuelos internacionales se transportaron 1.398.868 pasajeros, lo que \u00a0representa un aumento del 22% respecto a los 1.147.537 de febrero de 2024.<\/p>\n<figure class=\"wp-block-image size-large\"><\/figure>\n<p>Adem\u00e1s, se observ\u00f3 un incremento del 4% en el n\u00famero de movimientos a\u00e9reos en comparaci\u00f3n con febrero de 2024, alcanzando un total de 31.503 vuelos, frente a los 30.391 registrados en el\u00a0 mismo mes del a\u00f1o anterior.<\/p>\n<p>Los datos provienen de un nuevo sistema de medici\u00f3n incorporado por la ANAC, dise\u00f1ado para registrar tanto el volumen de pasajeros que transitan por cada uno de los aeropuertos del Sistema Nacional de Aeropuertos, como la cantidad de movimientos a\u00e9reos realizados, sumando esta informaci\u00f3n a los datos de tr\u00e1fico a\u00e9reo.<\/p>\n<p>Este sistema tiene como objetivo proporcionar un seguimiento detallado de la actividad aerocomercial, permitiendo obtener cifras sobre el flujo total de pasajeros y vuelos, lo que mejora la calidad y transparencia de la informaci\u00f3n disponible.<\/p>\n<figure class=\"wp-block-image size-large\"><\/figure>\n<p>Durante febrero de 2025, varios aeropuertos experimentaron un notable crecimiento en la cantidad de pasajeros internacionales en comparaci\u00f3n con el mismo mes del a\u00f1o anterior. Los aeropuertos de Jujuy, Tucum\u00e1n y El Calafate retomaron sus conexiones internacionales, registrando nuevamente pasajeros directamente del exterior. Jujuy reanud\u00f3 su ruta hacia Asunci\u00f3n, operada por Paranair desde noviembre de 2024; El Calafate inici\u00f3 su ruta con Santiago de Chile, operada por Sky desde diciembre de 2024; y Tucum\u00e1n estableci\u00f3 la conexi\u00f3n con Punta Cana, operada por Aerol\u00edneas Argentinas desde enero de 2025.<\/p>\n<figure class=\"wp-block-image size-large\"><\/figure>\n<p>Por otro lado, el aeropuerto de Rosario experiment\u00f3 un crecimiento del 123% respecto a febrero de 2024, gracias a la incorporaci\u00f3n de nuevas rutas, como la de Punta Cana, y a la reactivaci\u00f3n de conexiones con Florian\u00f3polis, R\u00edo de Janeiro y Lima. En tanto, Salta registr\u00f3 un aumento del 90% en el n\u00famero de pasajeros en comparaci\u00f3n con el a\u00f1o anterior, impulsado por el inicio de la ruta con Asunci\u00f3n, operada por Paranair, mientras que Bariloche experiment\u00f3 un crecimiento del 80%, favorecido por la reactivaci\u00f3n de las operaciones de LATAM.<\/p>\n<p>Asimismo, cabe resaltar que, durante febrero, 188.966 personas viajaron de forma directa desde el interior del pa\u00eds hacia destinos internacionales sin pasar por Buenos Aires, lo que representa un incremento del 53% en comparaci\u00f3n con febrero de 2024.<\/p>\n<div class=\"google-auto-placed ap_container\"><ins class=\"adsbygoogle adsbygoogle-noablate\" data-ad-format=\"auto\" data-ad-client=\"ca-pub-9239461814375992\" data-adsbygoogle-status=\"done\" data-ad-status=\"filled\"><\/p>\n<div id=\"aswift_2_host\"><\/div>\n<p><\/ins><\/div>\n<p>En este sentido, las principales rutas de febrero 2025 que m\u00e1s crecieron en cantidad de pasajeros con respecto a febrero de 2024 son: Rosario \u2013 R\u00edo de Janeiro (348%); C\u00f3rdoba \u2013 R\u00edo de Janeiro (138%); Mendoza \u2013 Santiago de Chile (66%); y Rosario \u2013 Punta Cana (30%).<\/p>\n<p>&nbsp;<\/p>\n<\/div>\n<\/article>\n<\/div>\n<\/div>\n<p><\/main><\/div>\n<\/div>\n<\/div>\n","protected":false},"excerpt":{"rendered":"<p>Cay\u00f3 la cantidad de pasajeros transportados en febrero 2025 contra enero 25. Respecto al mismo mes del a\u00f1o<\/p>\n","protected":false},"author":8,"featured_media":9028,"comment_status":"open","ping_status":"open","sticky":false,"template":"","format":"standard","meta":{"footnotes":""},"categories":[29,3],"tags":[642,3317,3219],"class_list":["post-9027","post","type-post","status-publish","format-standard","has-post-thumbnail","hentry","category-interes-general","category-nacionales","tag-anac","tag-estadisticas-febrero","tag-pasajeros"],"featured_image_urls":{"full":["https:\/\/opinionpublica.com.ar\/index\/wp-content\/uploads\/2025\/03\/IMG_20231221_164026-768x645-aeropuerto.jpg",768,645,false],"thumbnail":["https:\/\/opinionpublica.com.ar\/index\/wp-content\/uploads\/2025\/03\/IMG_20231221_164026-768x645-aeropuerto-150x150.jpg",150,150,true],"medium":["https:\/\/opinionpublica.com.ar\/index\/wp-content\/uploads\/2025\/03\/IMG_20231221_164026-768x645-aeropuerto-300x252.jpg",300,252,true],"medium_large":["https:\/\/opinionpublica.com.ar\/index\/wp-content\/uploads\/2025\/03\/IMG_20231221_164026-768x645-aeropuerto.jpg",640,538,false],"large":["https:\/\/opinionpublica.com.ar\/index\/wp-content\/uploads\/2025\/03\/IMG_20231221_164026-768x645-aeropuerto.jpg",640,538,false],"1536x1536":["https:\/\/opinionpublica.com.ar\/index\/wp-content\/uploads\/2025\/03\/IMG_20231221_164026-768x645-aeropuerto.jpg",768,645,false],"2048x2048":["https:\/\/opinionpublica.com.ar\/index\/wp-content\/uploads\/2025\/03\/IMG_20231221_164026-768x645-aeropuerto.jpg",768,645,false],"morenews-large":["https:\/\/opinionpublica.com.ar\/index\/wp-content\/uploads\/2025\/03\/IMG_20231221_164026-768x645-aeropuerto-768x575.jpg",768,575,true],"morenews-medium":["https:\/\/opinionpublica.com.ar\/index\/wp-content\/uploads\/2025\/03\/IMG_20231221_164026-768x645-aeropuerto-590x410.jpg",590,410,true]},"author_info":{"display_name":"RKing","author_link":"https:\/\/opinionpublica.com.ar\/index\/author\/rking\/"},"category_info":"<a href=\"https:\/\/opinionpublica.com.ar\/index\/category\/interes-general\/\" rel=\"category tag\">Interes General<\/a> <a href=\"https:\/\/opinionpublica.com.ar\/index\/category\/nacionales\/\" rel=\"category tag\">Nacionales<\/a>","tag_info":"Nacionales","comment_count":"0","_links":{"self":[{"href":"https:\/\/opinionpublica.com.ar\/index\/wp-json\/wp\/v2\/posts\/9027","targetHints":{"allow":["GET"]}}],"collection":[{"href":"https:\/\/opinionpublica.com.ar\/index\/wp-json\/wp\/v2\/posts"}],"about":[{"href":"https:\/\/opinionpublica.com.ar\/index\/wp-json\/wp\/v2\/types\/post"}],"author":[{"embeddable":true,"href":"https:\/\/opinionpublica.com.ar\/index\/wp-json\/wp\/v2\/users\/8"}],"replies":[{"embeddable":true,"href":"https:\/\/opinionpublica.com.ar\/index\/wp-json\/wp\/v2\/comments?post=9027"}],"version-history":[{"count":2,"href":"https:\/\/opinionpublica.com.ar\/index\/wp-json\/wp\/v2\/posts\/9027\/revisions"}],"predecessor-version":[{"id":9032,"href":"https:\/\/opinionpublica.com.ar\/index\/wp-json\/wp\/v2\/posts\/9027\/revisions\/9032"}],"wp:featuredmedia":[{"embeddable":true,"href":"https:\/\/opinionpublica.com.ar\/index\/wp-json\/wp\/v2\/media\/9028"}],"wp:attachment":[{"href":"https:\/\/opinionpublica.com.ar\/index\/wp-json\/wp\/v2\/media?parent=9027"}],"wp:term":[{"taxonomy":"category","embeddable":true,"href":"https:\/\/opinionpublica.com.ar\/index\/wp-json\/wp\/v2\/categories?post=9027"},{"taxonomy":"post_tag","embeddable":true,"href":"https:\/\/opinionpublica.com.ar\/index\/wp-json\/wp\/v2\/tags?post=9027"}],"curies":[{"name":"wp","href":"https:\/\/api.w.org\/{rel}","templated":true}]}}