{"id":9034,"date":"2025-03-17T11:03:09","date_gmt":"2025-03-17T14:03:09","guid":{"rendered":"https:\/\/opinionpublica.com.ar\/index\/?p=9034"},"modified":"2025-03-17T11:03:09","modified_gmt":"2025-03-17T14:03:09","slug":"rio-grande-quedaria-bajo-el-agua","status":"publish","type":"post","link":"https:\/\/opinionpublica.com.ar\/index\/rio-grande-quedaria-bajo-el-agua\/","title":{"rendered":"R\u00edo Grande quedar\u00eda bajo el agua"},"content":{"rendered":"<header><strong>R\u00edo Grande quedar\u00eda bajo el agua<\/strong><\/p>\n<\/header>\n<p class=\"lead\">Investigaciones realizadas en Estados Unidos y Singapur pronostican un futuro preocupante para R\u00edo Grande y otras ciudades costeras argentinas, advirtiendo sobre el avance del mar debido al cambio clim\u00e1tico.<\/p>\n<p><a href=\"https:\/\/opinionpublica.com.ar\/index\/wp-content\/uploads\/2025\/03\/20191104100433_vivienda_desplomada-rio-grande.jpg\"><img fetchpriority=\"high\" decoding=\"async\" class=\"alignnone size-full wp-image-9035\" src=\"https:\/\/opinionpublica.com.ar\/index\/wp-content\/uploads\/2025\/03\/20191104100433_vivienda_desplomada-rio-grande.jpg\" alt=\"\" width=\"880\" height=\"586\" srcset=\"https:\/\/opinionpublica.com.ar\/index\/wp-content\/uploads\/2025\/03\/20191104100433_vivienda_desplomada-rio-grande.jpg 880w, https:\/\/opinionpublica.com.ar\/index\/wp-content\/uploads\/2025\/03\/20191104100433_vivienda_desplomada-rio-grande-300x200.jpg 300w, https:\/\/opinionpublica.com.ar\/index\/wp-content\/uploads\/2025\/03\/20191104100433_vivienda_desplomada-rio-grande-768x511.jpg 768w\" sizes=\"(max-width: 880px) 100vw, 880px\" \/><\/a><\/p>\n<div class=\"cda\">\n<p>La ciudad de R\u00edo Grande se encuentra entre las ciudades argentinas que podr\u00edan quedar sumergidas bajo el agua en los pr\u00f3ximos 75 a\u00f1os, seg\u00fan diversos estudios realizados en Estados Unidos y Singapur. Los pron\u00f3sticos sobre el cambio clim\u00e1tico no son alentadores para pa\u00edses con extensas zonas costeras, y Argentina figura entre los m\u00e1s vulnerables.<\/p>\n<p>Dos investigaciones recientes han encendido las alarmas sobre el futuro de la regi\u00f3n. Un estudio de Climate Central, una organizaci\u00f3n meteorol\u00f3gica estadounidense, predice un aumento global de la temperatura en los pr\u00f3ximos 75 a\u00f1os, lo que podr\u00eda desencadenar el derretimiento de los polos y la consiguiente elevaci\u00f3n del nivel del mar.<\/p>\n<p>Por otro lado, cient\u00edficos de la Universidad Tecnol\u00f3gica de Nanyang en Singapur proyectan una elevaci\u00f3n del nivel del mar de hasta 1.9 metros, lo que tendr\u00eda un impacto significativo en la topograf\u00eda argentina.<\/p>\n<p>Si bien Climate Central alert\u00f3 principalmente sobre el riesgo para Buenos Aires y Entre R\u00edos, la investigaci\u00f3n universitaria incluye a R\u00edo Grande en la lista de ciudades amenazadas.\u00a0<strong>Adem\u00e1s de R\u00edo Grande, el estudio se\u00f1ala a las Islas Cormor\u00e1n y Justicia, \u00e1reas cercanas a los r\u00edos Chico, Coig, Deseado, Minerales, Santa Cruz y Gallegos en Santa Cruz; Rada Tilly, Comodoro Rivadavia y Rawson en Chubut; Viedma en R\u00edo Negro; Rosario y zonas cercanas al r\u00edo Paran\u00e1 en Santa Fe, as\u00ed como a Buenos Aires y Entre R\u00edos.<\/strong><\/p>\n<p>\u00abLa proyecci\u00f3n de alta resoluci\u00f3n de 1,9 metros subraya la necesidad de que quienes toman decisiones planifiquen la infraestructura cr\u00edtica en consecuencia\u00bb, afirm\u00f3 Benjamin Grandey, autor principal del estudio. Grandey tambi\u00e9n enfatiz\u00f3 la importancia de tomar medidas urgentes para mitigar el avance del cambio clim\u00e1tico y proteger a las comunidades costeras.<\/p>\n<\/div>\n","protected":false},"excerpt":{"rendered":"<p>R\u00edo Grande quedar\u00eda bajo el agua Investigaciones realizadas en Estados Unidos y Singapur pronostican un futuro preocupante para<\/p>\n","protected":false},"author":8,"featured_media":9035,"comment_status":"open","ping_status":"open","sticky":false,"template":"","format":"standard","meta":{"footnotes":""},"categories":[25],"tags":[3318,7],"class_list":["post-9034","post","type-post","status-publish","format-standard","has-post-thumbnail","hentry","category-rio-grande","tag-avance-del-mar","tag-rio-grande"],"featured_image_urls":{"full":["https:\/\/opinionpublica.com.ar\/index\/wp-content\/uploads\/2025\/03\/20191104100433_vivienda_desplomada-rio-grande.jpg",880,586,false],"thumbnail":["https:\/\/opinionpublica.com.ar\/index\/wp-content\/uploads\/2025\/03\/20191104100433_vivienda_desplomada-rio-grande-150x150.jpg",150,150,true],"medium":["https:\/\/opinionpublica.com.ar\/index\/wp-content\/uploads\/2025\/03\/20191104100433_vivienda_desplomada-rio-grande-300x200.jpg",300,200,true],"medium_large":["https:\/\/opinionpublica.com.ar\/index\/wp-content\/uploads\/2025\/03\/20191104100433_vivienda_desplomada-rio-grande-768x511.jpg",640,426,true],"large":["https:\/\/opinionpublica.com.ar\/index\/wp-content\/uploads\/2025\/03\/20191104100433_vivienda_desplomada-rio-grande.jpg",640,426,false],"1536x1536":["https:\/\/opinionpublica.com.ar\/index\/wp-content\/uploads\/2025\/03\/20191104100433_vivienda_desplomada-rio-grande.jpg",880,586,false],"2048x2048":["https:\/\/opinionpublica.com.ar\/index\/wp-content\/uploads\/2025\/03\/20191104100433_vivienda_desplomada-rio-grande.jpg",880,586,false],"morenews-large":["https:\/\/opinionpublica.com.ar\/index\/wp-content\/uploads\/2025\/03\/20191104100433_vivienda_desplomada-rio-grande-825x575.jpg",825,575,true],"morenews-medium":["https:\/\/opinionpublica.com.ar\/index\/wp-content\/uploads\/2025\/03\/20191104100433_vivienda_desplomada-rio-grande-590x410.jpg",590,410,true]},"author_info":{"display_name":"RKing","author_link":"https:\/\/opinionpublica.com.ar\/index\/author\/rking\/"},"category_info":"<a href=\"https:\/\/opinionpublica.com.ar\/index\/category\/rio-grande\/\" rel=\"category tag\">Rio Grande<\/a>","tag_info":"Rio Grande","comment_count":"0","_links":{"self":[{"href":"https:\/\/opinionpublica.com.ar\/index\/wp-json\/wp\/v2\/posts\/9034","targetHints":{"allow":["GET"]}}],"collection":[{"href":"https:\/\/opinionpublica.com.ar\/index\/wp-json\/wp\/v2\/posts"}],"about":[{"href":"https:\/\/opinionpublica.com.ar\/index\/wp-json\/wp\/v2\/types\/post"}],"author":[{"embeddable":true,"href":"https:\/\/opinionpublica.com.ar\/index\/wp-json\/wp\/v2\/users\/8"}],"replies":[{"embeddable":true,"href":"https:\/\/opinionpublica.com.ar\/index\/wp-json\/wp\/v2\/comments?post=9034"}],"version-history":[{"count":1,"href":"https:\/\/opinionpublica.com.ar\/index\/wp-json\/wp\/v2\/posts\/9034\/revisions"}],"predecessor-version":[{"id":9036,"href":"https:\/\/opinionpublica.com.ar\/index\/wp-json\/wp\/v2\/posts\/9034\/revisions\/9036"}],"wp:featuredmedia":[{"embeddable":true,"href":"https:\/\/opinionpublica.com.ar\/index\/wp-json\/wp\/v2\/media\/9035"}],"wp:attachment":[{"href":"https:\/\/opinionpublica.com.ar\/index\/wp-json\/wp\/v2\/media?parent=9034"}],"wp:term":[{"taxonomy":"category","embeddable":true,"href":"https:\/\/opinionpublica.com.ar\/index\/wp-json\/wp\/v2\/categories?post=9034"},{"taxonomy":"post_tag","embeddable":true,"href":"https:\/\/opinionpublica.com.ar\/index\/wp-json\/wp\/v2\/tags?post=9034"}],"curies":[{"name":"wp","href":"https:\/\/api.w.org\/{rel}","templated":true}]}}