{"id":9037,"date":"2025-03-18T15:09:13","date_gmt":"2025-03-18T18:09:13","guid":{"rendered":"https:\/\/opinionpublica.com.ar\/index\/?p=9037"},"modified":"2025-03-18T15:09:13","modified_gmt":"2025-03-18T18:09:13","slug":"acuerdo-fmi-cristina-pone-presion-a-gobernadores-y-llama-a-consejo-del-pj-para-rechazar-el-dnu","status":"publish","type":"post","link":"https:\/\/opinionpublica.com.ar\/index\/acuerdo-fmi-cristina-pone-presion-a-gobernadores-y-llama-a-consejo-del-pj-para-rechazar-el-dnu\/","title":{"rendered":"Acuerdo FMI: Cristina pone presi\u00f3n a gobernadores y llama a Consejo del PJ para rechazar el DNU"},"content":{"rendered":"<header class=\"news-headline\">\n<p class=\"news-headline__title\"><strong>Acuerdo FMI: Cristina pone presi\u00f3n a gobernadores y llama a Consejo del PJ para rechazar el DNU<\/strong><\/p>\n<p class=\"ignore-parser\">La titular del Partido Justicialista, Cristina Fern\u00e1ndez de Kirchner, formaliz\u00f3 el llamado a un encuentro para definir la postura del espacio sobre el acuerdo con el Fondo.<\/p>\n<\/header>\n<div class=\"banner banner--free-banner\">\n<div class=\"banner__content-wrapper\">\n<div id=\"powerbeans-widget\" class=\"pb-tw light\" data-fetched=\"true\" data-refetching=\"false\" data-current-content=\"https:\/\/www.ambito.com\/politica\/el-consejo-nacional-del-pj-convoco-una-reunion-urgente-el-tratamiento-el-congreso-del-dnu-del-fmi-n6124458\" data-mounted=\"true\">\n<div class=\"App !beans-px-[16px] !beans-pt-[12px] !beans-pb-[8px] beans-bg-primary beans-relative beans-flex beans-justify-around beans-flex-row beans-items-center beans-rounded-xl beans-py-1 beans-px-3 beans-drop-shadow-md\">\n<div id=\"powerbeans-player-container\" class=\"!beans-flex beans-items-center beans-justify-center !beans-w-full\">\n<div class=\"beans-flex beans-flex-col !beans-w-full\"><\/div>\n<\/div>\n<\/div>\n<\/div>\n<\/div>\n<\/div>\n<h2 class=\"suggested-news__title\"><\/h2>\n<div class=\"detail-highlighted-multimedia content-protected-false\">\n<figure class=\"detail-highlighted-multimedia__figure\"><a href=\"https:\/\/opinionpublica.com.ar\/index\/wp-content\/uploads\/2025\/02\/cristina-pj-1200jpg.webp\"><img fetchpriority=\"high\" decoding=\"async\" class=\"alignnone size-full wp-image-8761\" src=\"https:\/\/opinionpublica.com.ar\/index\/wp-content\/uploads\/2025\/02\/cristina-pj-1200jpg.webp\" alt=\"\" width=\"730\" height=\"410\" srcset=\"https:\/\/opinionpublica.com.ar\/index\/wp-content\/uploads\/2025\/02\/cristina-pj-1200jpg.webp 730w, https:\/\/opinionpublica.com.ar\/index\/wp-content\/uploads\/2025\/02\/cristina-pj-1200jpg-300x168.webp 300w\" sizes=\"(max-width: 730px) 100vw, 730px\" \/><\/a><figcaption class=\"detail-highlighted-multimedia__figcaption\">\n<div class=\"detail-highlighted-multimedia__caption\">\n<p>La titular del PJ, Cristina Fern\u00e1ndez de Kirchner, busca poner presion sobre los mandatarios provinciales para rechazar el acuerdo con el Fondo.<\/p>\n<\/div>\n<\/figcaption><\/figure>\n<\/div>\n<article class=\"article-body article-body--first-paragraph content-protected-false\" data-td-script-src=\"https:\/\/www.ambito.com\/td\/modulos\/encuestas\/js\/function-embeds-min-version-1741752491.js\">El\u00a0<strong>Partido Justicialista (PJ)<\/strong>\u00a0que conduce la expresidenta\u00a0<strong>Cristina Fern\u00e1ndez de Kirchner<\/strong>\u00a0convoc\u00f3 a una reuni\u00f3n del<strong>\u00a0Consejo Nacional Federal\u00a0<\/strong>para este mi\u00e9rcoles para definir una posici\u00f3n sobre el\u00a0<strong>DNU<\/strong>\u00a0con el que el Gobierno busca convalidar en el Congreso un eventual\u00a0acuerdo con el Fondo Monetario Internacional (FMI)<strong>.<\/strong>\u00a0La expresidenta busca meter presi\u00f3n sobre los gobernadores peronistas que sintonizan con la Casa Rosada.<\/p>\n<\/article>\n<div class=\"banner banner--free-banner\">\n<div class=\"banner__content-wrapper\">\n<div id=\"ad-slot-outstream\" class=\"ad-slot-outstream ad-slot\" data-lazyload=\"1\" data-adtype=\"outstream\">\n<div id=\"google_ads_iframe_\/78858960\/Ambito\/Not-outstream_0__container__\"><\/div>\n<\/div>\n<\/div>\n<\/div>\n<article class=\"article-body article-body--second-paragraph content-protected-false\">Mediante un comunicado compartido en redes sociales, el\u00a0<strong>PJ<\/strong>\u00a0convoc\u00f3 de forma\u00a0<strong>\u00aburgente\u00bb<\/strong>\u00a0a un encuentro del Consejo justicialista en el que debatir\u00e1n la postura formal de cara a la votaci\u00f3n en el Parlamento nacional del<strong>\u00a0Decreto de Necesidad y Urgencia 179\/2025<\/strong>\u00a0dictado por el presidente\u00a0<strong>Javier Milei<\/strong>\u00a0sobre las negociaciones con el organismo multilateral de cr\u00e9dito.<\/p>\n<\/article>\n<article class=\"article-body article-body--third-paragraph content-protected-false\">El llamado se formaliz\u00f3 esta noche \u00abante la inminente sesi\u00f3n de la\u00a0<strong>C\u00e1mara de Diputados de la Naci\u00f3n convocada en el d\u00eda de hoy para realizarse el pr\u00f3ximo mi\u00e9rcoles 19 de marzo<\/strong>\u00bb en el que se tratar\u00e1 el mencionado\u00a0<strong>DNU<\/strong>\u00a0\u00abpor el cual el Presidente de la Naci\u00f3n pretende eludir el cumplimiento de la Ley 27.612 y de las disposiciones constitucionales que ponen en cabeza del Congreso de la Naci\u00f3n la facultad de decidir sobre cualquier cuesti\u00f3n en materia de endeudamiento, para poder avanzar unilateralmente hacia un acuerdo con el FMI que nadie conoce\u00bb.<\/p>\n<\/article>\n<article class=\"article-body article-body--fourth-paragraph content-protected-false\">Ante ello, la<strong>\u00a0Presidenta del Partido Justicialista Nacional\u00a0<\/strong>convoc\u00f3 \u00aben forma urgente a una reuni\u00f3n extraordinaria del Consejo Nacional Federal a los fines de fijar la postura partidaria\u00bb, seg\u00fan reza el comunicado. El encuentro se llevar\u00e1 a cabo este\u00a0<strong>realizar\u00e1 ma\u00f1ana, martes 18 de marzo a las 18:30 hs<\/strong>\u00a0en la sede nacional de Matheu 130.<\/p>\n<\/article>\n<article class=\"article-body article-body--remaining-paragraph content-protected-false\">Con la convocatoria,\u00a0<strong>Cristina Fern\u00e1ndez<\/strong>\u00a0apuesta a meter\u00a0presi\u00f3n sobre los gobernadores peronistas\u00a0que actualmente tienen di\u00e1logo con la\u00a0<strong>Casa Rosada<\/strong><strong>.\u00a0<\/strong>El mandatario de Salta,\u00a0<strong>Gustavo Saenz,<\/strong>\u00a0quien habitualmente acciona a trav\u00e9s del bloque Innovaci\u00f3n Federal en Diputados, es uno de los que podr\u00eda posicionarse en sinton\u00eda con el gobierno de Milei.<\/p>\n<p>Sa\u00e9nz impulsa junto a Milei el alambrado de la frontera y ya recibi\u00f3 a Patricia Bullrich. Adem\u00e1s, es una de las provincias donde podr\u00eda incluso haber un acuerdo electoral entre el oficialismo y las fuerzas del cielo.<\/p>\n<p><a href=\"https:\/\/opinionpublica.com.ar\/index\/wp-content\/uploads\/2025\/02\/GklxXdIXQAAOZ3o-768x512-cristina-fernandez-pj.jpg\"><img decoding=\"async\" class=\"alignnone size-full wp-image-8760\" src=\"https:\/\/opinionpublica.com.ar\/index\/wp-content\/uploads\/2025\/02\/GklxXdIXQAAOZ3o-768x512-cristina-fernandez-pj.jpg\" alt=\"\" width=\"768\" height=\"512\" srcset=\"https:\/\/opinionpublica.com.ar\/index\/wp-content\/uploads\/2025\/02\/GklxXdIXQAAOZ3o-768x512-cristina-fernandez-pj.jpg 768w, https:\/\/opinionpublica.com.ar\/index\/wp-content\/uploads\/2025\/02\/GklxXdIXQAAOZ3o-768x512-cristina-fernandez-pj-300x200.jpg 300w\" sizes=\"(max-width: 768px) 100vw, 768px\" \/><\/a><\/p>\n<p><strong>Otro de los que est\u00e1 en la mira es el Osvaldo Jaldo, quien\u00a0<\/strong>retir\u00f3 a sus diputados del bloque de Uni\u00f3n por la Patria para negociar con el Poder Ejecutivo Nacional. El tucumano aparece como el m\u00e1s permeable a apoyar el DNU, al igual que el<strong>\u00a0catamarque\u00f1o Ra\u00fal Jalil<\/strong>. Son dos de los mandatarios que apoyaron la iniciativa de la Casa Rosada para suspender las primarias abiertas, simult\u00e1neas y obligatorias a nivel nacional.<\/p>\n<p>La visi\u00f3n de\u00a0<strong>Uni\u00f3n por la Patria<\/strong>\u00a0sobre el DNU 179 es extremadamente cr\u00edtica, por lo que la alternativa m\u00e1s probable es retacear el qu\u00f3rum y en caso de que el oficialismo y sus aliados logren habilitar la sesi\u00f3n, plasmar el rechazo a trav\u00e9s del voto negativo.<\/p>\n<p>La sesi\u00f3n especial fue solicitada para este mi\u00e9rcoles a las 10 hs por los jefes de la bancadas de<strong>\u00a0La Libertad Avanza<\/strong>\u00a0(LLA),\u00a0<strong>Gabriel Bornoroni;<\/strong>\u00a0del PRO,\u00a0<strong>Cristian Ritondo;<\/strong>\u00a0de Creo,\u00a0<strong>Pamela Omodeo,<\/strong>\u00a0y de\u00a0<strong>Producci\u00f3n<\/strong>\u00a0y\u00a0<strong>Trabajo, Nancy Pic\u00f3n Mart\u00ednez.<\/strong><\/p>\n<p>La discusi\u00f3n se producir\u00e1 un d\u00eda despu\u00e9s de que la Comisi\u00f3n Bicameral de Tr\u00e1mite Parlamentario abra el debate sobre el DNU para autorizar al Gobierno a firmar un acuerdo con el FMI. El organismo fue citado para ma\u00f1ana a las 16 hs a fin de escuchar los argumentos del equipo econ\u00f3mico del Gobierno y firmar luego el despacho.<\/p>\n<p>Para defender el DNU concurrir\u00e1n a exponer el vicepresidente del Banco Central, Vladimir Werning; el secretario de Pol\u00edtica Econ\u00f3mica del Ministerio de Econom\u00eda, Jos\u00e9 Luis Daza Narbona, y representante argentino ante el Fondo Monetario Internacional, Leonardo Madcur.<\/p>\n<p>El\u00a0<strong>acuerdo que aspira a firmar el Gobierno oscila entre los U$S 10 mil millones y 20 mil millones<\/strong>, para cancelar las deudas con el Banco Central y reforzar las reservas. De acuerdo al DNU, las operaciones de cr\u00e9dito p\u00fablico contenidas en el Programa de Facilidades Extendidas<strong>\u00a0\u00abtendr\u00e1n un plazo de amortizaci\u00f3n de 10 a\u00f1os con un per\u00edodo de gracia de cuatro a\u00f1os y seis meses\u00bb.<\/strong><\/p>\n<p>&nbsp;<\/p>\n<\/article>\n","protected":false},"excerpt":{"rendered":"<p>Acuerdo FMI: Cristina pone presi\u00f3n a gobernadores y llama a Consejo del PJ para rechazar el DNU La<\/p>\n","protected":false},"author":8,"featured_media":8760,"comment_status":"open","ping_status":"open","sticky":false,"template":"","format":"standard","meta":{"footnotes":""},"categories":[3],"tags":[2268,758,92,172],"class_list":["post-9037","post","type-post","status-publish","format-standard","has-post-thumbnail","hentry","category-nacionales","tag-acuerdo","tag-cristina-kirchner","tag-fmi","tag-partido-justicialista"],"featured_image_urls":{"full":["https:\/\/opinionpublica.com.ar\/index\/wp-content\/uploads\/2025\/02\/GklxXdIXQAAOZ3o-768x512-cristina-fernandez-pj.jpg",768,512,false],"thumbnail":["https:\/\/opinionpublica.com.ar\/index\/wp-content\/uploads\/2025\/02\/GklxXdIXQAAOZ3o-768x512-cristina-fernandez-pj-150x150.jpg",150,150,true],"medium":["https:\/\/opinionpublica.com.ar\/index\/wp-content\/uploads\/2025\/02\/GklxXdIXQAAOZ3o-768x512-cristina-fernandez-pj-300x200.jpg",300,200,true],"medium_large":["https:\/\/opinionpublica.com.ar\/index\/wp-content\/uploads\/2025\/02\/GklxXdIXQAAOZ3o-768x512-cristina-fernandez-pj.jpg",640,427,false],"large":["https:\/\/opinionpublica.com.ar\/index\/wp-content\/uploads\/2025\/02\/GklxXdIXQAAOZ3o-768x512-cristina-fernandez-pj.jpg",640,427,false],"1536x1536":["https:\/\/opinionpublica.com.ar\/index\/wp-content\/uploads\/2025\/02\/GklxXdIXQAAOZ3o-768x512-cristina-fernandez-pj.jpg",768,512,false],"2048x2048":["https:\/\/opinionpublica.com.ar\/index\/wp-content\/uploads\/2025\/02\/GklxXdIXQAAOZ3o-768x512-cristina-fernandez-pj.jpg",768,512,false],"morenews-large":["https:\/\/opinionpublica.com.ar\/index\/wp-content\/uploads\/2025\/02\/GklxXdIXQAAOZ3o-768x512-cristina-fernandez-pj.jpg",768,512,false],"morenews-medium":["https:\/\/opinionpublica.com.ar\/index\/wp-content\/uploads\/2025\/02\/GklxXdIXQAAOZ3o-768x512-cristina-fernandez-pj-590x410.jpg",590,410,true]},"author_info":{"display_name":"RKing","author_link":"https:\/\/opinionpublica.com.ar\/index\/author\/rking\/"},"category_info":"<a href=\"https:\/\/opinionpublica.com.ar\/index\/category\/nacionales\/\" rel=\"category tag\">Nacionales<\/a>","tag_info":"Nacionales","comment_count":"0","_links":{"self":[{"href":"https:\/\/opinionpublica.com.ar\/index\/wp-json\/wp\/v2\/posts\/9037","targetHints":{"allow":["GET"]}}],"collection":[{"href":"https:\/\/opinionpublica.com.ar\/index\/wp-json\/wp\/v2\/posts"}],"about":[{"href":"https:\/\/opinionpublica.com.ar\/index\/wp-json\/wp\/v2\/types\/post"}],"author":[{"embeddable":true,"href":"https:\/\/opinionpublica.com.ar\/index\/wp-json\/wp\/v2\/users\/8"}],"replies":[{"embeddable":true,"href":"https:\/\/opinionpublica.com.ar\/index\/wp-json\/wp\/v2\/comments?post=9037"}],"version-history":[{"count":1,"href":"https:\/\/opinionpublica.com.ar\/index\/wp-json\/wp\/v2\/posts\/9037\/revisions"}],"predecessor-version":[{"id":9038,"href":"https:\/\/opinionpublica.com.ar\/index\/wp-json\/wp\/v2\/posts\/9037\/revisions\/9038"}],"wp:featuredmedia":[{"embeddable":true,"href":"https:\/\/opinionpublica.com.ar\/index\/wp-json\/wp\/v2\/media\/8760"}],"wp:attachment":[{"href":"https:\/\/opinionpublica.com.ar\/index\/wp-json\/wp\/v2\/media?parent=9037"}],"wp:term":[{"taxonomy":"category","embeddable":true,"href":"https:\/\/opinionpublica.com.ar\/index\/wp-json\/wp\/v2\/categories?post=9037"},{"taxonomy":"post_tag","embeddable":true,"href":"https:\/\/opinionpublica.com.ar\/index\/wp-json\/wp\/v2\/tags?post=9037"}],"curies":[{"name":"wp","href":"https:\/\/api.w.org\/{rel}","templated":true}]}}