{"id":9039,"date":"2025-03-18T15:18:04","date_gmt":"2025-03-18T18:18:04","guid":{"rendered":"https:\/\/opinionpublica.com.ar\/index\/?p=9039"},"modified":"2025-03-18T15:18:04","modified_gmt":"2025-03-18T18:18:04","slug":"reclamo-salarial-absuelven-a-municipales-sumariados-por-vuoto","status":"publish","type":"post","link":"https:\/\/opinionpublica.com.ar\/index\/reclamo-salarial-absuelven-a-municipales-sumariados-por-vuoto\/","title":{"rendered":"Reclamo salarial: Absuelven a municipales sumariados por Vuoto"},"content":{"rendered":"<div class=\"bs-header\">\n<p class=\"title\" title=\"Reclamo salarial: Absuelven a municipales sumariados por Vuoto\"><strong>Reclamo salarial: Absuelven a municipales sumariados por Vuoto<\/strong><\/p>\n<\/div>\n<article class=\"small single\">El intendente Walter Vuoto se qued\u00f3 sin argumento en los sumarios administrativos iniciados a dos trabajadores municipales que organizaron en 2024 una serie de reuniones informativas en reclamo de mejoras salariales. El \u00e1rea de Legal y T\u00e9cnica del Municipio determin\u00f3 que en el accionar de los empleados Luis Santa Cruz y Roberto Camacho no existi\u00f3 incumplimiento con los deberes, obligaciones y prohibiciones que preve el Convenio Colectivo Municipal.<\/p>\n<p><a href=\"https:\/\/opinionpublica.com.ar\/index\/wp-content\/uploads\/2024\/11\/f1280x720-119251_250926_5050-municipalidad-ushuaia.jpg\"><img fetchpriority=\"high\" decoding=\"async\" class=\"alignnone size-full wp-image-7537\" src=\"https:\/\/opinionpublica.com.ar\/index\/wp-content\/uploads\/2024\/11\/f1280x720-119251_250926_5050-municipalidad-ushuaia.jpg\" alt=\"\" width=\"1280\" height=\"720\" srcset=\"https:\/\/opinionpublica.com.ar\/index\/wp-content\/uploads\/2024\/11\/f1280x720-119251_250926_5050-municipalidad-ushuaia.jpg 1280w, https:\/\/opinionpublica.com.ar\/index\/wp-content\/uploads\/2024\/11\/f1280x720-119251_250926_5050-municipalidad-ushuaia-300x169.jpg 300w, https:\/\/opinionpublica.com.ar\/index\/wp-content\/uploads\/2024\/11\/f1280x720-119251_250926_5050-municipalidad-ushuaia-1024x576.jpg 1024w, https:\/\/opinionpublica.com.ar\/index\/wp-content\/uploads\/2024\/11\/f1280x720-119251_250926_5050-municipalidad-ushuaia-768x432.jpg 768w\" sizes=\"(max-width: 1280px) 100vw, 1280px\" \/><\/a><\/p>\n<p>En las reuniones convocadas por Santa Cruz participaron empleados municipales de diversos sectores de la Municipalidad. En esas 15 reuniones se plante\u00f3 la necesidad de solicitar una mejora salarial al Ejecutivo. La iniciativa de Santa Cruz surgi\u00f3 a partir de la inacci\u00f3n de los sindicatos municipales producto de las relaciones carnales con el intendente Walter Vuoto.<\/p>\n<p>De acuerdo a la instrucci\u00f3n sumaria que concluy\u00f3 esta semana, Santa Cruz y Camacho resultaron eximidos de responsabilidad al entender que \u201cno incumplieron con deberes , obligaciones y prohibiciones previstas en el Convenio Colectivo Municipal que americen la aplicaci\u00f3n de alguna sanci\u00f3n.<\/p>\n<\/article>\n","protected":false},"excerpt":{"rendered":"<p>Reclamo salarial: Absuelven a municipales sumariados por Vuoto El intendente Walter Vuoto se qued\u00f3 sin argumento en los<\/p>\n","protected":false},"author":8,"featured_media":7537,"comment_status":"open","ping_status":"open","sticky":false,"template":"","format":"standard","meta":{"footnotes":""},"categories":[21],"tags":[1197,538],"class_list":["post-9039","post","type-post","status-publish","format-standard","has-post-thumbnail","hentry","category-ushuaia","tag-municipales","tag-walter-vuoto"],"featured_image_urls":{"full":["https:\/\/opinionpublica.com.ar\/index\/wp-content\/uploads\/2024\/11\/f1280x720-119251_250926_5050-municipalidad-ushuaia.jpg",1280,720,false],"thumbnail":["https:\/\/opinionpublica.com.ar\/index\/wp-content\/uploads\/2024\/11\/f1280x720-119251_250926_5050-municipalidad-ushuaia-150x150.jpg",150,150,true],"medium":["https:\/\/opinionpublica.com.ar\/index\/wp-content\/uploads\/2024\/11\/f1280x720-119251_250926_5050-municipalidad-ushuaia-300x169.jpg",300,169,true],"medium_large":["https:\/\/opinionpublica.com.ar\/index\/wp-content\/uploads\/2024\/11\/f1280x720-119251_250926_5050-municipalidad-ushuaia-768x432.jpg",640,360,true],"large":["https:\/\/opinionpublica.com.ar\/index\/wp-content\/uploads\/2024\/11\/f1280x720-119251_250926_5050-municipalidad-ushuaia-1024x576.jpg",640,360,true],"1536x1536":["https:\/\/opinionpublica.com.ar\/index\/wp-content\/uploads\/2024\/11\/f1280x720-119251_250926_5050-municipalidad-ushuaia.jpg",1280,720,false],"2048x2048":["https:\/\/opinionpublica.com.ar\/index\/wp-content\/uploads\/2024\/11\/f1280x720-119251_250926_5050-municipalidad-ushuaia.jpg",1280,720,false],"morenews-large":["https:\/\/opinionpublica.com.ar\/index\/wp-content\/uploads\/2024\/11\/f1280x720-119251_250926_5050-municipalidad-ushuaia-825x575.jpg",825,575,true],"morenews-medium":["https:\/\/opinionpublica.com.ar\/index\/wp-content\/uploads\/2024\/11\/f1280x720-119251_250926_5050-municipalidad-ushuaia-590x410.jpg",590,410,true]},"author_info":{"display_name":"RKing","author_link":"https:\/\/opinionpublica.com.ar\/index\/author\/rking\/"},"category_info":"<a href=\"https:\/\/opinionpublica.com.ar\/index\/category\/ushuaia\/\" rel=\"category tag\">Ushuaia<\/a>","tag_info":"Ushuaia","comment_count":"0","_links":{"self":[{"href":"https:\/\/opinionpublica.com.ar\/index\/wp-json\/wp\/v2\/posts\/9039","targetHints":{"allow":["GET"]}}],"collection":[{"href":"https:\/\/opinionpublica.com.ar\/index\/wp-json\/wp\/v2\/posts"}],"about":[{"href":"https:\/\/opinionpublica.com.ar\/index\/wp-json\/wp\/v2\/types\/post"}],"author":[{"embeddable":true,"href":"https:\/\/opinionpublica.com.ar\/index\/wp-json\/wp\/v2\/users\/8"}],"replies":[{"embeddable":true,"href":"https:\/\/opinionpublica.com.ar\/index\/wp-json\/wp\/v2\/comments?post=9039"}],"version-history":[{"count":1,"href":"https:\/\/opinionpublica.com.ar\/index\/wp-json\/wp\/v2\/posts\/9039\/revisions"}],"predecessor-version":[{"id":9040,"href":"https:\/\/opinionpublica.com.ar\/index\/wp-json\/wp\/v2\/posts\/9039\/revisions\/9040"}],"wp:featuredmedia":[{"embeddable":true,"href":"https:\/\/opinionpublica.com.ar\/index\/wp-json\/wp\/v2\/media\/7537"}],"wp:attachment":[{"href":"https:\/\/opinionpublica.com.ar\/index\/wp-json\/wp\/v2\/media?parent=9039"}],"wp:term":[{"taxonomy":"category","embeddable":true,"href":"https:\/\/opinionpublica.com.ar\/index\/wp-json\/wp\/v2\/categories?post=9039"},{"taxonomy":"post_tag","embeddable":true,"href":"https:\/\/opinionpublica.com.ar\/index\/wp-json\/wp\/v2\/tags?post=9039"}],"curies":[{"name":"wp","href":"https:\/\/api.w.org\/{rel}","templated":true}]}}